{"id":14156,"date":"2024-12-07T17:00:46","date_gmt":"2024-12-07T16:00:46","guid":{"rendered":"https:\/\/www.ecoticias.com\/hoyeco\/?p=14156"},"modified":"2024-12-07T17:00:46","modified_gmt":"2024-12-07T16:00:46","slug":"aislante-espana-invierno-premio","status":"publish","type":"post","link":"https:\/\/www.ecoticias.com\/hoyeco\/aislante-espana-invierno-premio\/14156\/","title":{"rendered":"El premio al mejor aislante de Espa\u00f1a: as\u00ed funciona en cubiertas y fachadas"},"content":{"rendered":"<p>El II Premio de Construcci\u00f3n Sostenible con Pizarra ha reca\u00eddo en un proyecto arquitect\u00f3nico donde se utiliza este <a href=\"https:\/\/www.ecoticias.com\/hoyeco\/material-aislante-invierno-madera\/14012\/#:~:text=La%20madera%20constituir%C3%A1%20el%20aislante%20preferido%20por%20muchos%20este%20invierno\">material<\/a> como un <strong>aislante<\/strong> para cubiertas y fachadas luego de un voraz incendio.<\/p>\n<h2>Disponible en Espa\u00f1a el mejor aislante para cubiertas y fachadas<\/h2>\n<p>El galard\u00f3n fue entregado el martes 26 de noviembre por el Cl\u00faster da Pizarra de Galicia como parte de un evento trianual que se realiz\u00f3 en las instalaciones de la Confederaci\u00f3n de Empresarios de Ourense.<\/p>\n<p>Entre las personalidades que asistieron al evento estuvieron Pablo Fern\u00e1ndez Vila y Manuel Pardo, <strong>director general de Planificaci\u00f3n Energ\u00e9tica y Minas<\/strong> y delegado territorial de la Xunta en Ourense, respectivamente.<\/p>\n<p>El premio de la mejor aislante en cubierta recay\u00f3 en el proyecto de reconstrucci\u00f3n del n\u00facleo rural de Candeda, ubicado en Carballeda de Valdeorras, a cargo del profesional de la arquitectura Marcos Dom\u00ednguez de Diego. Este proyecto fue desarrollado por la compa\u00f1\u00eda Dinor, S.L., y fue promovido por Concello de Carballeda de Valdeorras.<\/p>\n<h2>Algunos de los proyectos que recibieron premios resurgieron de las cenizas<\/h2>\n<p>Uno de los aspectos resaltante del proyecto premiado fue el hecho de haber devuelto la vida a una <strong>diminuta localidad que hab\u00eda sido atacada por un incendio forestal<\/strong> en 2022, logrando esto mediante la reconstrucci\u00f3n de tres casas que fueron devoradas por las llamas.<\/p>\n<p>La Nueva Bodega de Virgen del Galir fue otro de los proyectos arquitect\u00f3nicos premiados por el cl\u00faster debido a su demostraci\u00f3n de la eficiencia en el uso de este noble material que es la pizarra como aislante.<\/p>\n<p>Dicha <strong>obra ubicada en \u00c9ntoma fue objeto de premiaci\u00f3n<\/strong> como Mejor Fachada y en su dise\u00f1o particip\u00f3 Ramiro Dom\u00ednguez Real de la empresa Tecseplan S.L.P, resaltando los siguientes aspectos:<\/p>\n<ul>\n<li>Pizarra integrada al dise\u00f1o<\/li>\n<li>Modernidad est\u00e9tica<\/li>\n<li>Funcionalidad vinculada con la innovaci\u00f3n<\/li>\n<\/ul>\n<h2>Reconocimiento de las bondades de la pizarra y su efecto en la sostenibilidad<\/h2>\n<p>Entre los m\u00e9ritos que tuvieron las obras para haber alcanzado su premiaci\u00f3n estuvo, tal como lo resaltara V\u00edctor Cobo en su car\u00e1cter de Presidente del Cl\u00faster, la demostraci\u00f3n de la capacidad de la pizarra para <strong>recuperar el patrimonio y su amigabilidad con el ambiente<\/strong>.<\/p>\n<p>Cobo resalt\u00f3 las propiedades de sostenibilidad y originalidad puestas de manifiesto principalmente en el caso del n\u00facleo rural de Candeda rehabilitado luego del fuego que arrop\u00f3 las viviendas, cont\u00e1ndose con la presencia de algunos vecinos de esta localidad, quienes dieron las gracias a los responsables por el proyecto de reconstrucci\u00f3n.<\/p>\n<p>Asimismo, estuvo presente en el evento Marisol N\u00f3voa, quien funge de <strong>presidenta de la Confederaci\u00f3n de Empresarios de Ourense<\/strong>, as\u00ed como Mari Carmen Gonz\u00e1lez en su condici\u00f3n de alcaldesa de Carballeda y quien adem\u00e1s represent\u00f3 al Concello, instituci\u00f3n promotora de dos obras que obtuvieron premio.<\/p>\n<p>El cierre del evento cont\u00f3 con la intervenci\u00f3n de Pablo Fern\u00e1ndez Vila, Director Xeral de Planificaci\u00f3n Enerx\u00e9tica e Minas, quien hizo referencia a la importancia que guarda la pizarra para el desarrollo econ\u00f3mico de la regi\u00f3n y la valoraci\u00f3n de su aplicaci\u00f3n para la sostenibilidad de las construcciones.<\/p>\n<h3>Quienes premiaron tuvieron una buena base para decidir<\/h3>\n<p>La designaci\u00f3n de la premiaci\u00f3n estuvo a cargo de un jurado integrado por <strong>profesionales representantes de los colegios de arquitectura y construcci\u00f3n<\/strong>, adem\u00e1s de los miembros del Cl\u00faster, quienes tomaron la decisi\u00f3n bas\u00e1ndose en los principios de:<\/p>\n<ul>\n<li>Innovaci\u00f3n<\/li>\n<li>Funcionalidad<\/li>\n<li>Conservaci\u00f3n ambiental<\/li>\n<\/ul>\n<p>En este evento celebrado cada tres a\u00f1os se hizo evidente el inter\u00e9s que tienen los profesionales de la regi\u00f3n en promover el compromiso con su localidad y propiciar la sostenibilidad sobre todo en materiales aislante de contrucci\u00f3n<\/p>\n<p>En definitiva, haber dado e<span data-sheets-root=\"1\">l premio a un proyecto donde fue empleado un material como la pizarra en su condici\u00f3n de <strong>aislante<\/strong> en cubiertas y fachadas expuestas a un <a href=\"https:\/\/www.ecoticias.com\/hoyeco\/incendios-forestales-torre\/13805\/#:~:text=Se%20trata%20de%20un%20sistema,las%20llamas%20aprovechando%20el%20viento.\">incendio<\/a> permite comprobar el nivel de compromiso profesional y el esfuerzo puesto en promover la sostenibilidad.<\/span><\/p>\n","protected":false},"excerpt":{"rendered":"<p>El II Premio de Construcci\u00f3n Sostenible con Pizarra ha reca\u00eddo en un proyecto arquitect\u00f3nico donde se utiliza este material como &#8230; <\/p>\n<p class=\"read-more-container\"><a title=\"El premio al mejor aislante de Espa\u00f1a: as\u00ed funciona en cubiertas y fachadas\" class=\"read-more button\" href=\"https:\/\/www.ecoticias.com\/hoyeco\/aislante-espana-invierno-premio\/14156\/#more-14156\" aria-label=\"Leer m\u00e1s sobre El premio al mejor aislante de Espa\u00f1a: as\u00ed funciona en cubiertas y fachadas\">Read more<\/a><\/p>\n","protected":false},"author":9,"featured_media":14191,"comment_status":"closed","ping_status":"closed","sticky":false,"template":"","format":"standard","meta":{"footnotes":""},"categories":[3],"tags":[],"class_list":["post-14156","post","type-post","status-publish","format-standard","has-post-thumbnail","hentry","category-construccion","resize-featured-image"],"_links":{"self":[{"href":"https:\/\/www.ecoticias.com\/hoyeco\/wp-json\/wp\/v2\/posts\/14156","targetHints":{"allow":["GET"]}}],"collection":[{"href":"https:\/\/www.ecoticias.com\/hoyeco\/wp-json\/wp\/v2\/posts"}],"about":[{"href":"https:\/\/www.ecoticias.com\/hoyeco\/wp-json\/wp\/v2\/types\/post"}],"author":[{"embeddable":true,"href":"https:\/\/www.ecoticias.com\/hoyeco\/wp-json\/wp\/v2\/users\/9"}],"replies":[{"embeddable":true,"href":"https:\/\/www.ecoticias.com\/hoyeco\/wp-json\/wp\/v2\/comments?post=14156"}],"version-history":[{"count":0,"href":"https:\/\/www.ecoticias.com\/hoyeco\/wp-json\/wp\/v2\/posts\/14156\/revisions"}],"wp:featuredmedia":[{"embeddable":true,"href":"https:\/\/www.ecoticias.com\/hoyeco\/wp-json\/wp\/v2\/media\/14191"}],"wp:attachment":[{"href":"https:\/\/www.ecoticias.com\/hoyeco\/wp-json\/wp\/v2\/media?parent=14156"}],"wp:term":[{"taxonomy":"category","embeddable":true,"href":"https:\/\/www.ecoticias.com\/hoyeco\/wp-json\/wp\/v2\/categories?post=14156"},{"taxonomy":"post_tag","embeddable":true,"href":"https:\/\/www.ecoticias.com\/hoyeco\/wp-json\/wp\/v2\/tags?post=14156"}],"curies":[{"name":"wp","href":"https:\/\/api.w.org\/{rel}","templated":true}]}}