{"id":14651,"date":"2024-12-21T14:30:17","date_gmt":"2024-12-21T13:30:17","guid":{"rendered":"https:\/\/www.ecoticias.com\/hoyeco\/?p=14651"},"modified":"2024-12-21T14:30:17","modified_gmt":"2024-12-21T13:30:17","slug":"espana-coche-tesla-cybercab","status":"publish","type":"post","link":"https:\/\/www.ecoticias.com\/hoyeco\/espana-coche-tesla-cybercab\/14651\/","title":{"rendered":"Elon Musk llega a Espa\u00f1a con su coche m\u00e1s futurista: atenci\u00f3n a lo que se ver\u00e1 por las carreteras"},"content":{"rendered":"<p>Casi cada d\u00eda hay una noticia relacionada con las nuevas tecnolog\u00edas, que sorprende por la velocidad a la que todo lo conocido se va transformando. Y en medio de este panorama no pod\u00eda faltar Elon Musk, que ahora llega a Espa\u00f1a con un coche futurista que har\u00e1 que se preste m\u00e1s atenci\u00f3n a lo que hay en las carreteras.<\/p>\n<h2>Tesla le muestra a Europa un atisbo del futuro<\/h2>\n<p><strong>El cambio es lo que \u00faltimamente parece ser la tendencia<\/strong> en todo el mundo, y lo que hoy parece de lo m\u00e1s moderno, al cabo de un a\u00f1o resulta completamente obsoleto. Esto resulta muy evidente en la industria inform\u00e1tica y en la movilidad, donde todo ocurre de forma tan veloz que apenas da tiempo de asimilarlo.<\/p>\n<p>En este sentido, el empresario Elon Musk siempre est\u00e1 presente en las noticias, y una de las m\u00e1s recientes es su llegada a Europa con su nueva creaci\u00f3n, el Cybercab. Este es un coche el\u00e9ctrico nuevo cuya novedad m\u00e1s resaltante es su autonom\u00eda total, por lo que ser\u00e1 un robotaxi que no necesitar\u00e1 a ning\u00fan conductor.<\/p>\n<h2>Un coche que no necesitar\u00e1 la conducci\u00f3n humana<\/h2>\n<p>Antes el tiempo parec\u00eda pasar m\u00e1s lentamente, una noticia se comentaba durante varios d\u00edas, la moda cambiaba de forma gradual y <strong>el modelo de un coche apenas cambiaba cada a\u00f1o<\/strong>. Ahora todo es diferente y la evoluci\u00f3n en todas las \u00e1reas relacionadas con las tecnolog\u00edas ocurre a una velocidad vertiginosa.<\/p>\n<p>As\u00ed que ahora m\u00e1s bien hay impaciencia por conocer qu\u00e9 hay de nuevo en el mundo de los autos, y en este punto parece que Tesla y su presidente, Elon Musk, siempre tienen alguna innovaci\u00f3n bajo la manga. Como lo fue <a href=\"https:\/\/www.ecoticias.com\/hoyeco\/lanzamiento-elon-musk-motor\/13351\/\">su motor modificado<\/a> que tanto sorprendi\u00f3 en esa \u00e9poca.<\/p>\n<p><strong>Es el Cybercab, el primer modelo el\u00e9ctrico que es 100% aut\u00f3nomo,<\/strong> que sacar\u00e1 a las personas del puesto del conductor, para que todos sean simples pasajeros. Este primer prototipo contar\u00e1 solo con dos asientos, por lo que no ser\u00e1 muy pr\u00e1ctico, pero eso se compensar\u00e1 con el precio, que ser\u00e1 m\u00e1s o menos 30 mil $.<\/p>\n<p>Entre sus caracter\u00edsticas m\u00e1s destacadas se encuentran el empleo de inteligencia artificial y c\u00e1maras, que son m\u00e1s econ\u00f3micas que los sensores de tipo l\u00e1ser o radar, pero que despiertan dudas acerca de su seguridad y sensibilidad. Tambi\u00e9n ofrecer\u00e1n otras novedades atractivas que incluyen la limpieza autom\u00e1tica.<\/p>\n<p>Y contar\u00e1 con un m\u00e9todo de carga inal\u00e1mbrica por inducci\u00f3n. Con una apariencia muy futurista, este coche ser\u00e1 exhibido en cinco ciudades europeas durante el mes de diciembre, entre las cuales Espa\u00f1a lamentablemente no est\u00e1 incluida, y quienes lo deseen <strong>podr\u00e1n verlo y tocarlo, pero no habr\u00e1 paseos.<\/strong><\/p>\n<h2>El Tesla Cybercab a\u00fan est\u00e1 en etapa de desarrollo<\/h2>\n<p>Los veh\u00edculos totalmente aut\u00f3nomos a\u00fan tienen mucho trabajo por delante, en el caso espec\u00edfico del Tesla Cybercab, han indicado que la fecha probable de su salida al mercado ser\u00e1 el a\u00f1o 2027. Pero una vez que supere los obst\u00e1culos relacionados con la tecnolog\u00eda, tendr\u00e1n que lidiar con la falta de confianza de los clientes.<\/p>\n<p>Pues a muchos les puede provocar ciertas dudas el entregar por completo la conducci\u00f3n del coche a la propia m\u00e1quina. A pesar de eso, la intenci\u00f3n de la empresa es <strong>ofrecer este modelo como robotaxi<\/strong> para compa\u00f1\u00edas como Uber, as\u00ed que tal vez en menos de lo que se cree, se les podr\u00e1 ver recorriendo las carreteras.<\/p>\n<p>En definitiva, el coche futurista que se conducir\u00e1 solo ya est\u00e1 muy cerca, y es probable que en el a\u00f1o 2027 ya se puedan ver por las carreteras los robotaxi Tesla Cybercab. Este coche el\u00e9ctrico ser\u00e1 aut\u00f3nomo de dos plazas y se exhibe en cinco ciudades europeas (aunque el <a href=\"https:\/\/www.ecoticias.com\/hoyeco\/tesla-hidrogeno-alemania-metanol\/9556\/\">proyecto del Tesla de hidrogeno<\/a> ser\u00e1 exhibido s\u00f3lo en Espa\u00f1a).<\/p>\n","protected":false},"excerpt":{"rendered":"<p>Casi cada d\u00eda hay una noticia relacionada con las nuevas tecnolog\u00edas, que sorprende por la velocidad a la que todo &#8230; <\/p>\n<p class=\"read-more-container\"><a title=\"Elon Musk llega a Espa\u00f1a con su coche m\u00e1s futurista: atenci\u00f3n a lo que se ver\u00e1 por las carreteras\" class=\"read-more button\" href=\"https:\/\/www.ecoticias.com\/hoyeco\/espana-coche-tesla-cybercab\/14651\/#more-14651\" aria-label=\"Leer m\u00e1s sobre Elon Musk llega a Espa\u00f1a con su coche m\u00e1s futurista: atenci\u00f3n a lo que se ver\u00e1 por las carreteras\">Read more<\/a><\/p>\n","protected":false},"author":6,"featured_media":14653,"comment_status":"closed","ping_status":"closed","sticky":false,"template":"","format":"standard","meta":{"footnotes":""},"categories":[6],"tags":[],"class_list":["post-14651","post","type-post","status-publish","format-standard","has-post-thumbnail","hentry","category-movilidad","resize-featured-image"],"_links":{"self":[{"href":"https:\/\/www.ecoticias.com\/hoyeco\/wp-json\/wp\/v2\/posts\/14651","targetHints":{"allow":["GET"]}}],"collection":[{"href":"https:\/\/www.ecoticias.com\/hoyeco\/wp-json\/wp\/v2\/posts"}],"about":[{"href":"https:\/\/www.ecoticias.com\/hoyeco\/wp-json\/wp\/v2\/types\/post"}],"author":[{"embeddable":true,"href":"https:\/\/www.ecoticias.com\/hoyeco\/wp-json\/wp\/v2\/users\/6"}],"replies":[{"embeddable":true,"href":"https:\/\/www.ecoticias.com\/hoyeco\/wp-json\/wp\/v2\/comments?post=14651"}],"version-history":[{"count":0,"href":"https:\/\/www.ecoticias.com\/hoyeco\/wp-json\/wp\/v2\/posts\/14651\/revisions"}],"wp:featuredmedia":[{"embeddable":true,"href":"https:\/\/www.ecoticias.com\/hoyeco\/wp-json\/wp\/v2\/media\/14653"}],"wp:attachment":[{"href":"https:\/\/www.ecoticias.com\/hoyeco\/wp-json\/wp\/v2\/media?parent=14651"}],"wp:term":[{"taxonomy":"category","embeddable":true,"href":"https:\/\/www.ecoticias.com\/hoyeco\/wp-json\/wp\/v2\/categories?post=14651"},{"taxonomy":"post_tag","embeddable":true,"href":"https:\/\/www.ecoticias.com\/hoyeco\/wp-json\/wp\/v2\/tags?post=14651"}],"curies":[{"name":"wp","href":"https:\/\/api.w.org\/{rel}","templated":true}]}}