{"id":14992,"date":"2024-12-23T15:00:51","date_gmt":"2024-12-23T14:00:51","guid":{"rendered":"https:\/\/www.ecoticias.com\/hoyeco\/?p=14992"},"modified":"2024-12-23T15:00:51","modified_gmt":"2024-12-23T14:00:51","slug":"coche-electrico-arrasa-espana-byd","status":"publish","type":"post","link":"https:\/\/www.ecoticias.com\/hoyeco\/coche-electrico-arrasa-espana-byd\/14992\/","title":{"rendered":"El coche el\u00e9ctrico que arrasa cuesta solo 10 000 euros: es ilegal en Espa\u00f1a por esta raz\u00f3n"},"content":{"rendered":"<p>En la lucha por la descarbonizaci\u00f3n, la implementaci\u00f3n del coche el\u00e9ctrico es vital, puesto que este sector es el mayor productor de CO2. Por esto muchos fabricantes est\u00e1n en competencia, pero hay un veh\u00edculo con esta tecnolog\u00eda que arrasa en Espa\u00f1a ya que cuesta solo 10.000 euros pero es ilegal en nuestro pa\u00eds. Veamos.<\/p>\n<h2>Un coche el\u00e9ctrico de 10.000 euros: un dolor de cabeza para las marcas europeas<\/h2>\n<p>BYD, el gigantesco fabricante de veh\u00edculos el\u00e9ctricos e h\u00edbridos chino que desbanc\u00f3 a Tesla a finales de 2023 como el principal constructor y vendedor de autom\u00f3viles planea introducir en Europa, y por supuesto en Espa\u00f1a, <strong>un coche el\u00e9ctrico que tendr\u00e1 un precio muy econ\u00f3mico<\/strong>: 10.000 euros.<\/p>\n<p>Estamos hablando del nuevo modelo BYD Seagull y que, desde ya, a pesar de que a\u00fan no ha desembarcado en el viejo continente, ya es un dolor de cabeza para los fabricantes europeos y sobre todo para Tesla. Esto por la amenaza que representa. Sin embargo, en Espa\u00f1a podr\u00eda ser considerado ilegal venderlo.<\/p>\n<h2>Las caracter\u00edsticas de este veh\u00edculo econ\u00f3mico procedente de China<\/h2>\n<p>En general, el coche chino est\u00e1 estigmatizado por su calidad, pero este modelo ha obtenido muchos elogios referidos a su dise\u00f1o, tecnolog\u00eda y construcci\u00f3n. Razones por las que trae de cabeza a todas las marcas europeas que a\u00fan no tienen una estrategia definida para enfrentarlo, <strong>sobre todo por su bajo precio<\/strong>.<\/p>\n<p>Especialmente a Tesla (con la que BYD tiene una <a href=\"https:\/\/www.ecoticias.com\/hoyeco\/guerra-tesla-byd-espana\/8456\/\">guerra a muerte<\/a> por el dominio europeo de la movilidad el\u00e9ctrica). Uno de los principales atributos de este coche de BYD es su autonom\u00eda, que es superior al promedio gracias a las bater\u00edas que combinan hierro, litio y fosfato (o LFP por sus siglas en ingl\u00e9s).<\/p>\n<p>Este producto, que es de origen chino, ha demostrado tener gran calidad y durabilidad adem\u00e1s de que es muy barato de producir. Por lo que es la base del bajo precio del veh\u00edculo BYD Seagull. Pues es bien sabido que una de las partes que m\u00e1s encarecen el autom\u00f3vil el\u00e9ctrico son precisamente estos medios de almacenamiento.<\/p>\n<p>El autom\u00f3vil es equipado con dos bater\u00edas de 53 y 73 kWh con un cargador ultrarr\u00e1pido. Para una recarga de 10 a un 80 % en menos de una hora. Su motor no es de mucha potencia pero es similar al de un SUV de turismo. Sus dimensiones son 3,78 metros de longitud con 1,71 metros de ancho y 1,58 metros de largo.<\/p>\n<p>Con una distancia entre ejes de 2,5 metros, entre los que han colocado dos filas de asientos para cuatro plazas. Posee un sistema de propulsi\u00f3n tipo 8 en 1 y una alta eficiencia dada por su plataforma e \u2013 Platform 3.0. El coche <strong>tiene componentes de gama alta<\/strong> como cargador de m\u00f3vil inal\u00e1mbrico y pantalla t\u00e1ctil giratoria.<\/p>\n<h2>\u00bfPor qu\u00e9 su venta es ilegal en nuestro pa\u00eds?<\/h2>\n<p>Los planes de BYD de vender este coche en Espa\u00f1a se han visto obstaculizados por los aranceles que ha impuesto la Uni\u00f3n Europea a los autom\u00f3viles el\u00e9ctricos que proceden de China, que los hace casi ilegales en el territorio de la pen\u00ednsula. Estos controvertidos impuestos entraron en vigencia el pasado 30 de octubre.<\/p>\n<p>En vista de esta situaci\u00f3n, la marca china considera que la soluci\u00f3n es esperar terminar su f\u00e1brica <strong>que est\u00e1n construyendo en Hungr\u00eda<\/strong>, la que tardar\u00e1 de dos a tres a\u00f1os, para la exportaci\u00f3n de veh\u00edculos a Europa. De esta manera, Espa\u00f1a podr\u00eda importarlo sin la aplicaci\u00f3n de los aranceles.<\/p>\n<p>Como conclusi\u00f3n, BYD tiene proyectado lanzar para el 2025 su modelo de coche el\u00e9ctrico de cinco puertas Seagull (el cual tiene un <a href=\"https:\/\/www.ecoticias.com\/hoyeco\/china-supera-ventas-coche\/13445\/\">r\u00e9cord de ventas<\/a> en China). Sin embargo, su venta ser\u00e1 ilegal en Espa\u00f1a debido a los aranceles impuestos por la Uni\u00f3n Europea a los veh\u00edculos procedentes de China.<\/p>\n","protected":false},"excerpt":{"rendered":"<p>En la lucha por la descarbonizaci\u00f3n, la implementaci\u00f3n del coche el\u00e9ctrico es vital, puesto que este sector es el mayor &#8230; <\/p>\n<p class=\"read-more-container\"><a title=\"El coche el\u00e9ctrico que arrasa cuesta solo 10 000 euros: es ilegal en Espa\u00f1a por esta raz\u00f3n\" class=\"read-more button\" href=\"https:\/\/www.ecoticias.com\/hoyeco\/coche-electrico-arrasa-espana-byd\/14992\/#more-14992\" aria-label=\"Leer m\u00e1s sobre El coche el\u00e9ctrico que arrasa cuesta solo 10 000 euros: es ilegal en Espa\u00f1a por esta raz\u00f3n\">Read more<\/a><\/p>\n","protected":false},"author":6,"featured_media":14993,"comment_status":"closed","ping_status":"closed","sticky":false,"template":"","format":"standard","meta":{"footnotes":""},"categories":[6],"tags":[],"class_list":["post-14992","post","type-post","status-publish","format-standard","has-post-thumbnail","hentry","category-movilidad","resize-featured-image"],"_links":{"self":[{"href":"https:\/\/www.ecoticias.com\/hoyeco\/wp-json\/wp\/v2\/posts\/14992","targetHints":{"allow":["GET"]}}],"collection":[{"href":"https:\/\/www.ecoticias.com\/hoyeco\/wp-json\/wp\/v2\/posts"}],"about":[{"href":"https:\/\/www.ecoticias.com\/hoyeco\/wp-json\/wp\/v2\/types\/post"}],"author":[{"embeddable":true,"href":"https:\/\/www.ecoticias.com\/hoyeco\/wp-json\/wp\/v2\/users\/6"}],"replies":[{"embeddable":true,"href":"https:\/\/www.ecoticias.com\/hoyeco\/wp-json\/wp\/v2\/comments?post=14992"}],"version-history":[{"count":0,"href":"https:\/\/www.ecoticias.com\/hoyeco\/wp-json\/wp\/v2\/posts\/14992\/revisions"}],"wp:featuredmedia":[{"embeddable":true,"href":"https:\/\/www.ecoticias.com\/hoyeco\/wp-json\/wp\/v2\/media\/14993"}],"wp:attachment":[{"href":"https:\/\/www.ecoticias.com\/hoyeco\/wp-json\/wp\/v2\/media?parent=14992"}],"wp:term":[{"taxonomy":"category","embeddable":true,"href":"https:\/\/www.ecoticias.com\/hoyeco\/wp-json\/wp\/v2\/categories?post=14992"},{"taxonomy":"post_tag","embeddable":true,"href":"https:\/\/www.ecoticias.com\/hoyeco\/wp-json\/wp\/v2\/tags?post=14992"}],"curies":[{"name":"wp","href":"https:\/\/api.w.org\/{rel}","templated":true}]}}