{"id":15164,"date":"2024-12-26T16:30:57","date_gmt":"2024-12-26T15:30:57","guid":{"rendered":"https:\/\/www.ecoticias.com\/hoyeco\/?p=15164"},"modified":"2024-12-26T16:30:57","modified_gmt":"2024-12-26T15:30:57","slug":"pueblo-navidad-medieval-termas","status":"publish","type":"post","link":"https:\/\/www.ecoticias.com\/hoyeco\/pueblo-navidad-medieval-termas\/15164\/","title":{"rendered":"El pueblo m\u00e1s bonito en Navidad, al descubierto: paisaje medieval con termas terap\u00e9uticas"},"content":{"rendered":"<p>\u00bfSab\u00edas que en Espa\u00f1a hay un <strong>pueblo<\/strong> donde la navidad se viste de encanto <a href=\"https:\/\/www.ecoticias.com\/hoyeco\/pueblo-medieval-arquitectura-muralla\/1337\/\">medieval<\/a>? Aqu\u00ed te contamos todos los detalles por si est\u00e1s pensando en darte una escapada o si deseas darte un ba\u00f1o saludable porque adem\u00e1s tiene unas termas estupendas<\/p>\n<h2>Arriba del Avia se encuentra este pueblo de ra\u00edces medievales<\/h2>\n<p>La peque\u00f1a urbe medieval a la que nos referimos es Ribadavia, que se encuentra en la comarca del Ribeiro de la provincia de Orense, a orillas del r\u00edo Avia y de all\u00ed su nombre, puesto que la expresi\u00f3n \u00abRiba do Avia\u00bb se traduce a encima del Avia.<\/p>\n<p>Esta peque\u00f1a localidad de Galicia posee un rico legado patrimonial hist\u00f3rico y art\u00edstico, al punto de haber sido nombrada <strong>Bien de Inter\u00e9s Cultural dentro del rengl\u00f3n de Monumento Hist\u00f3rico Art\u00edstico<\/strong>.<\/p>\n<p>Puedes encontrar ese toque rom\u00e1ntico de lo g\u00f3tico en las callejuelas empedradas y sus edificaciones hist\u00f3ricas y otros lugares de inter\u00e9s, entre los que sobresalen:<\/p>\n<ul>\n<li>El pazo de los Condes de Ribadavia<\/li>\n<li>Castillo y muralla medieval<\/li>\n<li>Convento de Santo Domingo<\/li>\n<li>Barrio Jud\u00edo<\/li>\n<li>Sede del Concello<\/li>\n<li>Museo Sefard\u00ed<\/li>\n<li>Iglesia de la Magdalena<\/li>\n<li>Porta Nova<\/li>\n<li>Pazo de Baamonde<\/li>\n<li>Iglesia de Santiago<\/li>\n<li>Casa de la Inquisici\u00f3n<\/li>\n<li>Iglesia de San Xo\u00e1n<\/li>\n<\/ul>\n<p>Y si la idea es recibir la navidad en contacto con la naturaleza entonces <strong>incluye en tus planes una visita a las Termas de Ribadavia<\/strong> y las Pozas de Mel\u00f3n, las primeras poseen ciertos efectos terap\u00e9uticos mientras que las segundas son piscinas naturalmente producidas por la orilla del r\u00edo Cerves.<\/p>\n<h2 class=\"ft-title ft-helper-spacer-b-xs ft-helper-fontSize-heading-M\">Las luminarias de Ferrero Rocher otro motivo para visitar Ribadavia<\/h2>\n<p>Aunque la iluminaci\u00f3n no era precisamente una caracter\u00edstica predominante durante la \u00e9poca feudal, esta vez una localidad con muchos rasgos de ese momento hist\u00f3rico como Ribadavia estar\u00e1 repleta de luces.<\/p>\n<p>La raz\u00f3n es que esta urbe antigua result\u00f3 ganadora en su <strong>und\u00e9cima edici\u00f3n de \u00abJuntos Brillamos m\u00e1s\u00bb una campa\u00f1a desarrollada por Ferrero Rocher<\/strong> para celebrar la navidad. La localidad de Galicia se Impuso al pueblo de Blar en Alicante, el cual tambi\u00e9n result\u00f3 finalista en este famoso concurso.<\/p>\n<p>Por ello, a partir del 12 de diciembre cuando se produce la ceremonia de encendido, el ambiente urbano de caracter\u00edsticas medievales de esta peque\u00f1a comunidad se mezcla con la efervescencia de iluminaci\u00f3n con la que Ferrero Rocher matiza la \u00e9poca navide\u00f1a.<\/p>\n<p>Representantes de la campa\u00f1a alabaron el <strong>impulso dado por el concello para que la localidad resultara acreedora del concurso<\/strong>, pues es bien sabida la alta movilizaci\u00f3n que tuvo como parte del respaldo dado.<\/p>\n<p class=\"ft-text ft-helper-align-justify\">De hecho, recientemente el concello realiz\u00f3 un video bastante jocoso donde participaron el alcalde, el actor Rub\u00e9n R\u00edos y vecinos que solicitaban el voto como parte de una divertida puesta en escena.<\/p>\n<h2>Ambiente pleno de medievalismo brilla con sofisticaci\u00f3n<\/h2>\n<p>A los organizadores de la campa\u00f1a \u00abJuntos Brillamos m\u00e1s\u00bb les ha encantado el nivel de compromiso que ha mostrado Ribadavia durante la misma con su creatividad, detallismo y enfoque en la calidad.<\/p>\n<p class=\"ft-text ft-helper-align-justify\">Por otro lado, en esta edici\u00f3n la campa\u00f1a se ha enriquecido con la incorporaci\u00f3n de lo que se llam\u00f3 \u00abToque de Oro\u00bb que inclu\u00eda <strong>elementos decorativos o arquitect\u00f3nicos en todos los pueblos<\/strong> <strong>que participaron<\/strong> en el concurso.<\/p>\n<p>El toque de oro en Ribadavia recay\u00f3 en la decoraci\u00f3n de la barandilla del Ponte do Burgo, un puente medieval que sirve de conexi\u00f3n con la villa y representa una muestra de la evoluci\u00f3n hist\u00f3rica que ha experimentado esta localidad gallega.<\/p>\n<p>En conclusi\u00f3n, sobran las razones para visitar al <span data-sheets-root=\"1\"><strong>pueblo<\/strong> m\u00e1s bonito en esta Navidad, donde no solo podr\u00e1s disfrutar de paisajes medievales que se mimetizan con el espect\u00e1culo de luces de la campa\u00f1a \u00abJuntos Brillamos m\u00e1s\u00bb de Ferrero Rocher, sino que adem\u00e1s podr\u00e1s darte un ba\u00f1o de salud en sus <a href=\"https:\/\/www.ecoticias.com\/energias-renovables\/93220_noticia-medio-ambiente-zaragoza-termas-pallares-dispone-sistema-energetico-basado-biomasa\">termas<\/a> terap\u00e9uticas.<\/span><\/p>\n","protected":false},"excerpt":{"rendered":"<p>\u00bfSab\u00edas que en Espa\u00f1a hay un pueblo donde la navidad se viste de encanto medieval? Aqu\u00ed te contamos todos los &#8230; <\/p>\n<p class=\"read-more-container\"><a title=\"El pueblo m\u00e1s bonito en Navidad, al descubierto: paisaje medieval con termas terap\u00e9uticas\" class=\"read-more button\" href=\"https:\/\/www.ecoticias.com\/hoyeco\/pueblo-navidad-medieval-termas\/15164\/#more-15164\" aria-label=\"Leer m\u00e1s sobre El pueblo m\u00e1s bonito en Navidad, al descubierto: paisaje medieval con termas terap\u00e9uticas\">Read more<\/a><\/p>\n","protected":false},"author":9,"featured_media":15233,"comment_status":"closed","ping_status":"closed","sticky":false,"template":"","format":"standard","meta":{"footnotes":""},"categories":[2],"tags":[],"class_list":["post-15164","post","type-post","status-publish","format-standard","has-post-thumbnail","hentry","category-actualidad","resize-featured-image"],"_links":{"self":[{"href":"https:\/\/www.ecoticias.com\/hoyeco\/wp-json\/wp\/v2\/posts\/15164","targetHints":{"allow":["GET"]}}],"collection":[{"href":"https:\/\/www.ecoticias.com\/hoyeco\/wp-json\/wp\/v2\/posts"}],"about":[{"href":"https:\/\/www.ecoticias.com\/hoyeco\/wp-json\/wp\/v2\/types\/post"}],"author":[{"embeddable":true,"href":"https:\/\/www.ecoticias.com\/hoyeco\/wp-json\/wp\/v2\/users\/9"}],"replies":[{"embeddable":true,"href":"https:\/\/www.ecoticias.com\/hoyeco\/wp-json\/wp\/v2\/comments?post=15164"}],"version-history":[{"count":0,"href":"https:\/\/www.ecoticias.com\/hoyeco\/wp-json\/wp\/v2\/posts\/15164\/revisions"}],"wp:featuredmedia":[{"embeddable":true,"href":"https:\/\/www.ecoticias.com\/hoyeco\/wp-json\/wp\/v2\/media\/15233"}],"wp:attachment":[{"href":"https:\/\/www.ecoticias.com\/hoyeco\/wp-json\/wp\/v2\/media?parent=15164"}],"wp:term":[{"taxonomy":"category","embeddable":true,"href":"https:\/\/www.ecoticias.com\/hoyeco\/wp-json\/wp\/v2\/categories?post=15164"},{"taxonomy":"post_tag","embeddable":true,"href":"https:\/\/www.ecoticias.com\/hoyeco\/wp-json\/wp\/v2\/tags?post=15164"}],"curies":[{"name":"wp","href":"https:\/\/api.w.org\/{rel}","templated":true}]}}