{"id":15193,"date":"2024-12-26T15:00:14","date_gmt":"2024-12-26T14:00:14","guid":{"rendered":"https:\/\/www.ecoticias.com\/hoyeco\/?p=15193"},"modified":"2024-12-26T15:00:14","modified_gmt":"2024-12-26T14:00:14","slug":"lago-catastrofe-fondo-extraerlo","status":"publish","type":"post","link":"https:\/\/www.ecoticias.com\/hoyeco\/lago-catastrofe-fondo-extraerlo\/15193\/","title":{"rendered":"Este lago puede causar una cat\u00e1strofe por lo que hay al fondo: est\u00e1n a punto de extraerlo"},"content":{"rendered":"<p>En la geolog\u00eda de la Tierra existen muchas particularidades que la hacen impredecible, pero a la vez apasionante. Y muchas veces un peligro potencial puede sobrevenir, un ejemplo lo representa este lago que, debido a lo que hay en su fondo, puede ser causa de una gran cat\u00e1strofe por lo que est\u00e1n por extraerlo. Vamos a ver.<\/p>\n<h2>Un lago que representa un gran peligro para esta regi\u00f3n<\/h2>\n<p>Este es un lago de gran belleza que tiene una isla que se le conoce como Idjwi y es unos de los de mayor tama\u00f1o existentes en \u00c1frica. Se trata <strong>del Kivu que se ubica en la parte fronteriza entre la Rep\u00fablica del Congo y Ruanda.<\/strong> En la d\u00e9cada de los 90 arrojaron en \u00e9l muchas de las v\u00edctimas de la matanza de Ruanda.<\/p>\n<p>Actualmente, posee una superficie de alrededor de 2.700 kil\u00f3metros cuadrados con una profundidad de cerca de 500 metros. Ha adquirido gran importancia para la regi\u00f3n, por los descubrimientos minerales que se han hecho sobre todo en su fondo, aunque <strong>tambi\u00e9n es considerado el m\u00e1s peligroso del mundo<\/strong>.<\/p>\n<h2>El Kivu es de gran peligrosidad pero tambi\u00e9n una fuente de riqueza para la zona<\/h2>\n<p>La raz\u00f3n por la que se considera el m\u00e1s peligroso del mundo es que es un accidente en la geolog\u00eda que diferentes prospecciones han determinado que contiene, en su lecho, <strong>una gran cantidad de gas<\/strong>. Que consiste en 60 millones de metros c\u00fabicos de metano, esto solo en uno de los estratos de su fondo.<\/p>\n<p>En otros, tambi\u00e9n tiene atrapados 300 millones de metros c\u00fabicos de CO2. El principal problema de este yacimiento es que se produzca un evento geol\u00f3gico como un sismo o movimiento por actividad volc\u00e1nica que produzca una fisura en el lecho marino y se comiencen a liberar estos gases de manera masiva.<\/p>\n<p>Dando lugar a una reacci\u00f3n en cadena que se conoce como <strong>erupciones l\u00edmnicas,<\/strong> que dar\u00edan origen a un fen\u00f3meno llamado \u201clago explosivo\u201d que es muy letal y causar\u00eda una cat\u00e1strofe de las peores a nivel mundial. Ya que, si la misma se produce, se tendr\u00edan miles de muertos. Hasta hoy, solo se conocen dos erupciones limnicas.<\/p>\n<p>Ambas en dos lagunas de Camer\u00fan, en la d\u00e9cada de los a\u00f1os 80. Pero la m\u00e1s importante es la de Nyos, donde fue liberado CO2 que, al salir a la superficie, hizo explosi\u00f3n creando una nube que tuvo 25 kil\u00f3metros de extensi\u00f3n y una altura de 100 metros y cuyos gases t\u00f3xicos produjeron m\u00e1s de 1.700 v\u00edctimas.<\/p>\n<p>La cat\u00e1strofe por el lago Kivu tendr\u00e1 consecuencias varias veces mayores, puesto que contiene poco menos de <strong>1.000 veces m\u00e1s gas que lo que conten\u00eda el Nyos<\/strong>. Adicionalmente, de que en las cercan\u00edas hay una poblaci\u00f3n que puede llegar a los dos millones de personas, adem\u00e1s de las consecuencias globales.<\/p>\n<h2>\u00bfC\u00f3mo se prevendr\u00eda esta cat\u00e1strofe de dimensiones \u00e9picas?<\/h2>\n<p>Desde hace un par de d\u00e9cadas los cient\u00edficos han estudiado este caso y la mayor\u00eda est\u00e1n convencidos de que la manera de evitar este cataclismo es <strong>extraer el di\u00f3xido de carbono y el metano de las profundidades del lago<\/strong> (que tiene una gran belleza similar a la de este <a href=\"https:\/\/www.ecoticias.com\/hoyeco\/archipielago-espanol-especies\/8558\/\">archipi\u00e9lago espa\u00f1ol<\/a> que tiene al mundo en vilo).<\/p>\n<p>De manera que ambos pa\u00edses se han puesto de acuerdo en invertir y compartir recursos. De esta forma han suscrito compromisos con algunas empresas para que sean destacadas en la zona infraestructuras especializadas en la extracci\u00f3n de estos gases, con lo que se podr\u00eda producir hasta 960 MW de energ\u00eda.<\/p>\n<p>Como conclusi\u00f3n, este lago es muy particular (como <a href=\"https:\/\/www.ecoticias.com\/hoyeco\/isla-europa-hawai-azores\/10333\/\">estos que son infinitos<\/a> y que Europa tiene en Haw\u00e1i) porque puede ser el origen de una gran cat\u00e1strofe. Pero se puede evitar extrayendo el gas y, a la vez, se puede transformar en una gran fuente de energ\u00eda que generar\u00eda hasta 960 MW de electricidad.<\/p>\n","protected":false},"excerpt":{"rendered":"<p>En la geolog\u00eda de la Tierra existen muchas particularidades que la hacen impredecible, pero a la vez apasionante. Y muchas &#8230; <\/p>\n<p class=\"read-more-container\"><a title=\"Este lago puede causar una cat\u00e1strofe por lo que hay al fondo: est\u00e1n a punto de extraerlo\" class=\"read-more button\" href=\"https:\/\/www.ecoticias.com\/hoyeco\/lago-catastrofe-fondo-extraerlo\/15193\/#more-15193\" aria-label=\"Leer m\u00e1s sobre Este lago puede causar una cat\u00e1strofe por lo que hay al fondo: est\u00e1n a punto de extraerlo\">Read more<\/a><\/p>\n","protected":false},"author":6,"featured_media":15194,"comment_status":"closed","ping_status":"closed","sticky":false,"template":"","format":"standard","meta":{"footnotes":""},"categories":[5],"tags":[],"class_list":["post-15193","post","type-post","status-publish","format-standard","has-post-thumbnail","hentry","category-energia","resize-featured-image"],"_links":{"self":[{"href":"https:\/\/www.ecoticias.com\/hoyeco\/wp-json\/wp\/v2\/posts\/15193","targetHints":{"allow":["GET"]}}],"collection":[{"href":"https:\/\/www.ecoticias.com\/hoyeco\/wp-json\/wp\/v2\/posts"}],"about":[{"href":"https:\/\/www.ecoticias.com\/hoyeco\/wp-json\/wp\/v2\/types\/post"}],"author":[{"embeddable":true,"href":"https:\/\/www.ecoticias.com\/hoyeco\/wp-json\/wp\/v2\/users\/6"}],"replies":[{"embeddable":true,"href":"https:\/\/www.ecoticias.com\/hoyeco\/wp-json\/wp\/v2\/comments?post=15193"}],"version-history":[{"count":0,"href":"https:\/\/www.ecoticias.com\/hoyeco\/wp-json\/wp\/v2\/posts\/15193\/revisions"}],"wp:featuredmedia":[{"embeddable":true,"href":"https:\/\/www.ecoticias.com\/hoyeco\/wp-json\/wp\/v2\/media\/15194"}],"wp:attachment":[{"href":"https:\/\/www.ecoticias.com\/hoyeco\/wp-json\/wp\/v2\/media?parent=15193"}],"wp:term":[{"taxonomy":"category","embeddable":true,"href":"https:\/\/www.ecoticias.com\/hoyeco\/wp-json\/wp\/v2\/categories?post=15193"},{"taxonomy":"post_tag","embeddable":true,"href":"https:\/\/www.ecoticias.com\/hoyeco\/wp-json\/wp\/v2\/tags?post=15193"}],"curies":[{"name":"wp","href":"https:\/\/api.w.org\/{rel}","templated":true}]}}