{"id":15375,"date":"2024-12-31T17:00:08","date_gmt":"2024-12-31T16:00:08","guid":{"rendered":"https:\/\/www.ecoticias.com\/hoyeco\/?p=15375"},"modified":"2024-12-31T17:00:08","modified_gmt":"2024-12-31T16:00:08","slug":"precio-de-la-luz-aumenta-espana","status":"publish","type":"post","link":"https:\/\/www.ecoticias.com\/hoyeco\/precio-de-la-luz-aumenta-espana\/15375\/","title":{"rendered":"El precio de la luz se disparar\u00e1 en unas horas: atenci\u00f3n a lo que pagar\u00e1s de m\u00e1s"},"content":{"rendered":"<p>A partir del 1 de enero los espa\u00f1oles pagar\u00e1n m\u00e1s por el precio de la <strong>luz<\/strong> puesto que la rebaja del IVA ha sido depuesta por el Gobierno \u00bfQuieres saber cu\u00e1nto es lo que puedes pagar de m\u00e1s? Conoce la <a href=\"https:\/\/www.ecoticias.com\/sostenibilidad\/210988_nueva-factura-luz-esteril-hogares-vulnerables\">nueva factura<\/a> y ent\u00e9rate.<\/p>\n<h2>El monto a pagar de la factura de luz subir\u00e1 apenas comience el a\u00f1o nuevo<\/h2>\n<p>De acuerdo con c\u00e1lculos efectuados por la Organizaci\u00f3n de Consumidores y Usuarios (OCU), la factura el\u00e9ctrica que actualmente se paga por horas en un hogar en Espa\u00f1a el pr\u00f3ximo a\u00f1o tendr\u00e1 un incremento de 13%, esto debido a algunas modificaciones en regulaciones y tributaciones que se producir\u00e1n apenas termine el a\u00f1o actual.<\/p>\n<p>En el caso de un usuario promedio con un contrato de 4,6 kW y un consumo anual de 3.500 kW la <strong>factura de electricidad que deber\u00e1 pagar ser\u00eda una media de aproximadamente 118 euros anuales<\/strong>, mientras que aquellos con tarifa regulada (PVPC) el monto a pagar ser\u00eda de 106 euros.<\/p>\n<p>El incremento en ambas facturas obedece al pase del IVA de un anterior 10% a un nuevo 21%, aparte de los cambios regulatorios que han ocurrido y entre los que se pueden se\u00f1alar:<\/p>\n<ul>\n<li>Aumento de los cargos<\/li>\n<li>Incremento del coste de financiamiento del bono social<\/li>\n<\/ul>\n<p>Tales cambios incidir\u00e1n en el <strong>incremento de la factura mensual de hogares medio<\/strong> en los casos siguientes :<\/p>\n<ul>\n<li>Tarifa regulada PVPC (C\u00e1lculo con precios de noviembre): de 74,6 a 83,6 euros mensuales, alcanzando los 106 euros anuales adicionales<\/li>\n<li>Tarifa mercado libre: incremento de 13,4% \u00b4para alcanzar una tarifa de 118 euros anuales<\/li>\n<\/ul>\n<h2>Si la guerra contin\u00faa y los precios aumentan \u00bfQu\u00e9 cambi\u00f3 para que eliminaran la rebaja?<\/h2>\n<p>Las consecuencias de la guerra de Ucrania que provocaron una grave crisis energ\u00e9tica que amenazaba con vaciar los bolsillos de los europeos, no siendo Espa\u00f1a la excepci\u00f3n, fueron atendidas por el Gobierno con una rebaja del 10% en el IVA de la electricidad.<\/p>\n<p>La condici\u00f3n para el aprovechamiento de la rebaja de impuestos era si el precio del megavatio por hora se incrementaba por encima de los 45 euros, de modo que funcionaba como una forma de compensaci\u00f3n el <strong>pago de solo el 10% de IVA por parte del consumidor dom\u00e9stico<\/strong>.<\/p>\n<p>Sin embargo, aun cuando la guerra Rusia Ucrania se mantiene y el precio del megavatio supera los 100 euros, las autoridades gubernamentales decidieron dar marcha atr\u00e1s a la rebaja y se ha establecido cobrar nuevamente el 21% como tasa del IVA a pagar.<\/p>\n<div data-v-app=\"\">\n<div class=\"base-block\">\n<div class=\"ad-placement\">Esta pr\u00e1ctica ya es recurrente pues basta recordar que a fines del a\u00f1o pasado se inici\u00f3 el <strong>desmontaje de la reducci\u00f3n fiscal adoptada en plena crisis energ\u00e9tica<\/strong> y complementando el IVA se estableci\u00f3 el Impuesto Especial de la Electricidad (IEE) que tuvo un incremento durante el segundo trimestre de este a\u00f1o, pues de 2,5% aument\u00f3 a 3,8%.<\/div>\n<\/div>\n<\/div>\n<h2>\u00bfEl 2025 traer\u00e1 nuevos impuestos? \u00bfQu\u00e9 influencia tendr\u00e1 la transici\u00f3n energ\u00e9tica?<\/h2>\n<p>En el caso del Impuesto sobre el Valor de la Producci\u00f3n de la Energ\u00eda El\u00e9ctrica (IVPEE), ten\u00eda el 1\u00b0 de marzo establecido un 3,5% y posteriormente para junio se ubicar\u00eda en 5,25%.<\/p>\n<div data-v-app=\"\">\n<div class=\"base-block\">\n<div class=\"ad-placement\">Ambos impuestos en la actualidad son <strong>pagados por los usuarios a trav\u00e9s de la factura y precios del mercado<\/strong>, de all\u00ed que el impuesto a la luz retorna a su m\u00e1ximo valor registrado antes de la pandemia.<\/div>\n<\/div>\n<\/div>\n<div data-v-app=\"\">\n<div class=\"base-block\">\n<div class=\"ad-placement\">\n<p>En este particular ha habido algunas quejas, alegando la OCU que el gobierno no est\u00e1 atendiendo al hecho de que la electricidad es un bien b\u00e1sico y por ende deber\u00eda estar sujeta a un IVA rebajado y limitado.<\/p>\n<div>En conclusi\u00f3n, ya se da como un hecho que e<span data-sheets-root=\"1\">l precio de la <strong>luz<\/strong> se dispare en apenas unas horas cuando sea retirada la rebaja del IVA que el Gobierno hab\u00eda dispuesto para aliviar a los hogares la carga que representan <a href=\"https:\/\/www.ecoticias.com\/energias-renovables\/precios-mayoristas-de-la-electricidad-en-espana\">estos altos precios de la electricidad<\/a>.\u00a0<\/span><\/div>\n<\/div>\n<\/div>\n<\/div>\n","protected":false},"excerpt":{"rendered":"<p>A partir del 1 de enero los espa\u00f1oles pagar\u00e1n m\u00e1s por el precio de la luz puesto que la rebaja &#8230; <\/p>\n<p class=\"read-more-container\"><a title=\"El precio de la luz se disparar\u00e1 en unas horas: atenci\u00f3n a lo que pagar\u00e1s de m\u00e1s\" class=\"read-more button\" href=\"https:\/\/www.ecoticias.com\/hoyeco\/precio-de-la-luz-aumenta-espana\/15375\/#more-15375\" aria-label=\"Leer m\u00e1s sobre El precio de la luz se disparar\u00e1 en unas horas: atenci\u00f3n a lo que pagar\u00e1s de m\u00e1s\">Read more<\/a><\/p>\n","protected":false},"author":9,"featured_media":15437,"comment_status":"closed","ping_status":"closed","sticky":false,"template":"","format":"standard","meta":{"footnotes":""},"categories":[5],"tags":[],"class_list":["post-15375","post","type-post","status-publish","format-standard","has-post-thumbnail","hentry","category-energia","resize-featured-image"],"_links":{"self":[{"href":"https:\/\/www.ecoticias.com\/hoyeco\/wp-json\/wp\/v2\/posts\/15375","targetHints":{"allow":["GET"]}}],"collection":[{"href":"https:\/\/www.ecoticias.com\/hoyeco\/wp-json\/wp\/v2\/posts"}],"about":[{"href":"https:\/\/www.ecoticias.com\/hoyeco\/wp-json\/wp\/v2\/types\/post"}],"author":[{"embeddable":true,"href":"https:\/\/www.ecoticias.com\/hoyeco\/wp-json\/wp\/v2\/users\/9"}],"replies":[{"embeddable":true,"href":"https:\/\/www.ecoticias.com\/hoyeco\/wp-json\/wp\/v2\/comments?post=15375"}],"version-history":[{"count":0,"href":"https:\/\/www.ecoticias.com\/hoyeco\/wp-json\/wp\/v2\/posts\/15375\/revisions"}],"wp:featuredmedia":[{"embeddable":true,"href":"https:\/\/www.ecoticias.com\/hoyeco\/wp-json\/wp\/v2\/media\/15437"}],"wp:attachment":[{"href":"https:\/\/www.ecoticias.com\/hoyeco\/wp-json\/wp\/v2\/media?parent=15375"}],"wp:term":[{"taxonomy":"category","embeddable":true,"href":"https:\/\/www.ecoticias.com\/hoyeco\/wp-json\/wp\/v2\/categories?post=15375"},{"taxonomy":"post_tag","embeddable":true,"href":"https:\/\/www.ecoticias.com\/hoyeco\/wp-json\/wp\/v2\/tags?post=15375"}],"curies":[{"name":"wp","href":"https:\/\/api.w.org\/{rel}","templated":true}]}}