{"id":15892,"date":"2025-01-10T17:00:07","date_gmt":"2025-01-10T16:00:07","guid":{"rendered":"https:\/\/www.ecoticias.com\/hoyeco\/?p=15892"},"modified":"2025-01-10T17:00:07","modified_gmt":"2025-01-10T16:00:07","slug":"2025-eclipses-superlunas-estrellas","status":"publish","type":"post","link":"https:\/\/www.ecoticias.com\/hoyeco\/2025-eclipses-superlunas-estrellas\/15892\/","title":{"rendered":"2025, un a\u00f1o \u00fanico para mirar al cielo: lo que suceder\u00e1 y no volver\u00e1s a ver jam\u00e1s"},"content":{"rendered":"<p>Apenas empezando el a\u00f1o 2025 empezar\u00e1 a verse en el <strong>cielo<\/strong> una serie de fen\u00f3menos astron\u00f3micos que te sorprender\u00e1n y de los que habr\u00e1 que estar pendientes porque no se repetir\u00e1n. Aqu\u00ed te presentamos una lista de los m\u00e1s impactantes.<\/p>\n<h2>El 2025 se presenta como un a\u00f1o de maravillosos fen\u00f3menos en el cielo<\/h2>\n<p>Expertos aseguran que cada mes de este nuevo a\u00f1o se producir\u00e1n eventos sorprendentes en el firmamento y que podr\u00e1n ser apreciados a simple vista, es decir, sin necesidad de instrumentos. Entre estas manifestaciones siderales que se apreciar\u00e1n se tienen:<\/p>\n<ul>\n<li>Lluvia de estrellas<\/li>\n<li>Superlunas<\/li>\n<li>Eclipses<\/li>\n<\/ul>\n<p>Algunos de estos eventos pueden considerarse peri\u00f3dicos, como es el caso de las estrellas fugaces o las diferentes lunas que pueden avistarse; sin embargo, tambi\u00e9n se manifestar\u00e1n <strong>fen\u00f3menos extraordinarios que tendr\u00e1n una \u00fanica ocurrencia<\/strong> o al menos transcurrir\u00e1n cientos de a\u00f1os para que vuelvan a producirse, <a href=\"https:\/\/www.ecoticias.com\/eco-america\/139982_el-eclipse-del-siglo-se-podra-ver-de-forma-parcial-en-centroamerica-sudamerica\">como este que se produjo en a\u00f1os pasados<\/a>.<\/p>\n<h2>Las diferentes facetas lunares que se mostrar\u00e1n este a\u00f1o<\/h2>\n<p>Aunque es habitual que cada mes y con cierta regularidad haya luna llena, la diferencia con otros a\u00f1os es que ahora tendremos una mayor cantidad de superlunas, aquella fase donde este sat\u00e9lite natural se llega a apreciar mucho m\u00e1s grande y luminosa.<\/p>\n<p>Espec\u00edficamente, este fen\u00f3meno se produce cuando se reduce el perigeo, es decir, el <strong>punto m\u00e1s cercano de la luna a la Tierra<\/strong>, algo as\u00ed como una distancia de 360 mil kil\u00f3metros.<\/p>\n<p>El acortamiento de esta distancia durante la superluna conlleva a que respecto a la imagen lunar pueda apreciarse un 30% de incremento en el tama\u00f1o y brillo.<\/p>\n<p>No obstante, de las seis superlunas solo tres ellas se llevar\u00e1n a cabo con luna llena, por lo que podr\u00e1n ser apreciadas en toda su majestuosidad, mientras que las restantes ser\u00e1n con luna nueva y no podr\u00e1n ser vistas. Sin embargo, estar\u00e1n latentes los efecto de la fuerza gravitacional de todas estas lunas sobre las mareas y otros cuerpos.<\/p>\n<h2>Fechas en las que se podr\u00e1n apreciar los distintos fen\u00f3menos<\/h2>\n<p>En los primeros meses de este 2025 se manifestar\u00e1n las superlunas con luna nueva, siendo estas las fechas:<\/p>\n<ul>\n<li>29 de marzo<\/li>\n<li>27 de abril<\/li>\n<li>27 de mayo<\/li>\n<\/ul>\n<p>Respecto a las superlunas llena, la <strong>primera vista se tendr\u00e1 el 8 de octubre<\/strong>, ubic\u00e1ndose el sat\u00e9lite natural a unos 359 mil kil\u00f3metros de la Tierra a las 14:38 horas, pudiendo apreciarse apenas caiga el sol a las 19:00.<\/p>\n<p>A 356.821 Km de la superficie terrestre llegar\u00e1 la luna el 5 de noviembre a las 22:28, produci\u00e9ndose en ese momento la segunda superluna, mientras que casi un mes despu\u00e9s, 4 de diciembre, a las 11:07 se producir\u00e1 la tercera y \u00faltima del a\u00f1o.<\/p>\n<p>A un poco m\u00e1s de las 11 horas ser\u00e1 el momento en que el sat\u00e9lite se acerque a una corta distancia de 356 mil kil\u00f3metros de la Tierra, pero la <strong>mejor vista a un ciento por ciento ser\u00e1 a las 17 horas<\/strong>.<\/p>\n<h2>Otros eventos astron\u00f3micos que no deber\u00e1s perderte<\/h2>\n<div class=\"Intext_Ads\">A partir de marzo tendr\u00e1s oportunidad de disfrutar de la vista de cuatro eclipses y una luna de sangre. Entre los primeros hay dos lunares y dos solares y el primero ocurrir\u00e1 el 14 de ese mes, pudiendo observarse en las siguientes ubicaciones:<\/div>\n<ul>\n<li>Espa\u00f1a<\/li>\n<li>Pac\u00edfico<\/li>\n<li>Oeste de Europa<\/li>\n<li>\u00c1frica<\/li>\n<\/ul>\n<p>Durante el eclipse total de luna se producir\u00e1 el <strong>ingreso de este astro en la zona de sombra o umbral proyectada sobre la Tierra<\/strong>, siendo el momento en que esta adquiere un color rojizo para luego desaparecer. Este fen\u00f3meno es conocido como Luna de sangre.<\/p>\n<p>Respecto al horario en que se ver\u00e1 esta luna sangrienta, ser\u00e1 entre las 4:57 y las 9:28, pero lamentablemente no podr\u00e1 ser vista durante todo este tiempo porque para la hora se\u00f1alada ya se habr\u00e1 producido el amanecer.<\/p>\n<p>En conclusi\u00f3n, el a\u00f1o <span data-sheets-root=\"1\">2025 ser\u00e1 extraordinario en cuanto a fen\u00f3menos astron\u00f3micos se refiere y asumiendo que los mismos <a href=\"https:\/\/www.ecoticias.com\/naturaleza\/eclipse-solar-animales\">ejercen estos efectos sobre los seres vivos<\/a>, habr\u00e1 que estar atentos a las fechas en que estos se presenten para avistarlos en el <strong>cielo<\/strong>, porque algunos jam\u00e1s volver\u00e1n a manifestarse.<\/span><\/p>\n","protected":false},"excerpt":{"rendered":"<p>Apenas empezando el a\u00f1o 2025 empezar\u00e1 a verse en el cielo una serie de fen\u00f3menos astron\u00f3micos que te sorprender\u00e1n y &#8230; <\/p>\n<p class=\"read-more-container\"><a title=\"2025, un a\u00f1o \u00fanico para mirar al cielo: lo que suceder\u00e1 y no volver\u00e1s a ver jam\u00e1s\" class=\"read-more button\" href=\"https:\/\/www.ecoticias.com\/hoyeco\/2025-eclipses-superlunas-estrellas\/15892\/#more-15892\" aria-label=\"Leer m\u00e1s sobre 2025, un a\u00f1o \u00fanico para mirar al cielo: lo que suceder\u00e1 y no volver\u00e1s a ver jam\u00e1s\">Read more<\/a><\/p>\n","protected":false},"author":9,"featured_media":15913,"comment_status":"closed","ping_status":"closed","sticky":false,"template":"","format":"standard","meta":{"footnotes":""},"categories":[2],"tags":[],"class_list":["post-15892","post","type-post","status-publish","format-standard","has-post-thumbnail","hentry","category-actualidad","resize-featured-image"],"_links":{"self":[{"href":"https:\/\/www.ecoticias.com\/hoyeco\/wp-json\/wp\/v2\/posts\/15892","targetHints":{"allow":["GET"]}}],"collection":[{"href":"https:\/\/www.ecoticias.com\/hoyeco\/wp-json\/wp\/v2\/posts"}],"about":[{"href":"https:\/\/www.ecoticias.com\/hoyeco\/wp-json\/wp\/v2\/types\/post"}],"author":[{"embeddable":true,"href":"https:\/\/www.ecoticias.com\/hoyeco\/wp-json\/wp\/v2\/users\/9"}],"replies":[{"embeddable":true,"href":"https:\/\/www.ecoticias.com\/hoyeco\/wp-json\/wp\/v2\/comments?post=15892"}],"version-history":[{"count":0,"href":"https:\/\/www.ecoticias.com\/hoyeco\/wp-json\/wp\/v2\/posts\/15892\/revisions"}],"wp:featuredmedia":[{"embeddable":true,"href":"https:\/\/www.ecoticias.com\/hoyeco\/wp-json\/wp\/v2\/media\/15913"}],"wp:attachment":[{"href":"https:\/\/www.ecoticias.com\/hoyeco\/wp-json\/wp\/v2\/media?parent=15892"}],"wp:term":[{"taxonomy":"category","embeddable":true,"href":"https:\/\/www.ecoticias.com\/hoyeco\/wp-json\/wp\/v2\/categories?post=15892"},{"taxonomy":"post_tag","embeddable":true,"href":"https:\/\/www.ecoticias.com\/hoyeco\/wp-json\/wp\/v2\/tags?post=15892"}],"curies":[{"name":"wp","href":"https:\/\/api.w.org\/{rel}","templated":true}]}}