{"id":16245,"date":"2025-01-25T15:00:24","date_gmt":"2025-01-25T14:00:24","guid":{"rendered":"https:\/\/www.ecoticias.com\/hoyeco\/?p=16245"},"modified":"2025-01-25T15:00:24","modified_gmt":"2025-01-25T14:00:24","slug":"entrada-prohibida-mercadona-mujeres","status":"publish","type":"post","link":"https:\/\/www.ecoticias.com\/hoyeco\/entrada-prohibida-mercadona-mujeres\/16245\/","title":{"rendered":"Entrada prohibida en Mercadona durante 4 a\u00f1os y medio: qu\u00e9 hicieron dos mujeres"},"content":{"rendered":"<p>Todo establecimiento comercial es susceptible de enfrentar robos y hurtos, Mercadona no es la excepci\u00f3n a esta regla, con la diferencia de que pudo detener a estas dos mujeres las que tienen, entre otras sanciones, prohibida la entrada a cualquiera de sus tiendas durante un tiempo de 4 a\u00f1os y medio.<\/p>\n<h2>Lo que hicieron dos mujeres en una tienda de Mercadona<\/h2>\n<p>Lejos estaban de pensar los empleados de la tienda de Mercadona que queda en la carretera de La Barrosa que pertenece a Chiclana de la Frontera ubicada en la regi\u00f3n de C\u00e1diz, cuando vieron a dos mujeres llegar, puesto que las cuales no ten\u00edan intenci\u00f3n de abonar lo que iban a comprar, para lo que hab\u00edan ideado un plan.<\/p>\n<p>El nombre de estas mujeres era Florencia y Marina y procedieron, como dos clientes m\u00e1s, a pasear el mercado llenando sus carritos con diferentes productos hasta el tope. Una vez que estuvieron listos, procedieron a taparse la cara para no ser reconocidas y despu\u00e9s <strong>pasaron por la caja sin pagar lo que llevaban<\/strong>.<\/p>\n<h2>Fueron capturadas y acusadas por el personal de seguridad<\/h2>\n<p>Este hecho ocurri\u00f3 el 24 de octubre de 2024 y las mujeres llevaban entre, ambos carritos, la cantidad de 662,69 euros en mercanc\u00eda de todo tipo y tama\u00f1os. Al percatarse del hecho, <strong>el personal de seguridad procedi\u00f3 a detenerlas<\/strong> en la salida del Mercadona sin hacer caso a sus protestas.<\/p>\n<p>Aunque se cree que ten\u00edan c\u00f3mplices, ya que uno de los carritos pudo ser recuperado pero el otro no. Luego del inventario se constat\u00f3 que ten\u00eda 444.96 euros en productos. Ya se est\u00e1n revisando los videos que tiene la tienda con tomas exteriores para tratar de ver qu\u00e9 hicieron del otro carrito.<\/p>\n<p>E identificar a los c\u00f3mplices que se los llevaron (lo curioso es que este hecho ocurri\u00f3 despu\u00e9s del anuncio de que <a href=\"https:\/\/www.ecoticias.com\/hoyeco\/mercadona-espana-2025-portugal\/15736\/\">abrir\u00e1n una sucursal<\/a> en una capital de Europa). Se supo que tanto Florencia como Marina tienen <strong>antecedentes penales por el mismo delito<\/strong> y ten\u00edan una medida cautelar que fue dictada en el mes de marzo de 2024.<\/p>\n<p>Por el Juzgado de Instrucci\u00f3n n\u00famero 5 de Algeciras y consist\u00eda en una prohibici\u00f3n de entrada a cualquiera de las tiendas de la cadena de alimentos. Hicieron caso omiso por lo que fueron declaradas en desacato, sumando as\u00ed un delito m\u00e1s a su situaci\u00f3n ya de por s\u00ed bastante complicada.<\/p>\n<p>Se hizo el juicio en forma p\u00fablica y oral donde el Ministerio Fiscal junto a la acusaci\u00f3n particular de Mercadona ratificaron sus acusaciones por hurto y <strong>quebrantamiento de medida cautelar<\/strong> por delitos tipificados en el C\u00f3digo Penal de Espa\u00f1a en sus art\u00edculos 234.1 y 468.1. Las mujeres, de 25 y 27 a\u00f1os de edad, aceptaron los hechos.<\/p>\n<p>Lo que motiv\u00f3 a que la defensa aceptara las acusaciones. De tal manera que el tribunal pudo emitir una <strong>r\u00e1pida y expedita sentencia<\/strong> donde adem\u00e1s tuvieron que pagar un tercio de las costas del juicio como una condena adicional pecuniaria debido a los gastos causados al sistema de justicia espa\u00f1ol.<\/p>\n<h2>Las sanciones para las dos acusadas que incluyen multa y c\u00e1rcel<\/h2>\n<p>Seg\u00fan lo informado por Infobae y Mercadona, recibieron una sentencia de 16 meses de prisi\u00f3n, adem\u00e1s Florencia y Marina fueron condenadas a 12 y 16 meses de multa, a raz\u00f3n de 4 euros diarios por infringir la medida cautelar y tienen <strong>prohibida la entrada durante 4 a\u00f1os y medio<\/strong> a cualquiera de las tiendas de la cadena.<\/p>\n<p>En conclusi\u00f3n, la condena de dos mujeres que intentaron hurtar en Mercadona, adem\u00e1s de prisi\u00f3n y pagar una multa de 217,73 euros cada una, incluye que no podr\u00e1n entrar a ninguna de sus tiendas durante 4 a\u00f1os y medio (pero ello no impidi\u00f3 que esta cadena de tiendas de alimentos cumpliera con sus <a href=\"https:\/\/www.ecoticias.com\/hoyeco\/cuota-mercado-mercadona\/614\/\">planes en el 2024<\/a>).<\/p>\n","protected":false},"excerpt":{"rendered":"<p>Todo establecimiento comercial es susceptible de enfrentar robos y hurtos, Mercadona no es la excepci\u00f3n a esta regla, con la &#8230; <\/p>\n<p class=\"read-more-container\"><a title=\"Entrada prohibida en Mercadona durante 4 a\u00f1os y medio: qu\u00e9 hicieron dos mujeres\" class=\"read-more button\" href=\"https:\/\/www.ecoticias.com\/hoyeco\/entrada-prohibida-mercadona-mujeres\/16245\/#more-16245\" aria-label=\"Leer m\u00e1s sobre Entrada prohibida en Mercadona durante 4 a\u00f1os y medio: qu\u00e9 hicieron dos mujeres\">Read more<\/a><\/p>\n","protected":false},"author":6,"featured_media":16246,"comment_status":"closed","ping_status":"closed","sticky":false,"template":"","format":"standard","meta":{"footnotes":""},"categories":[4],"tags":[],"class_list":["post-16245","post","type-post","status-publish","format-standard","has-post-thumbnail","hentry","category-consumo","resize-featured-image"],"_links":{"self":[{"href":"https:\/\/www.ecoticias.com\/hoyeco\/wp-json\/wp\/v2\/posts\/16245","targetHints":{"allow":["GET"]}}],"collection":[{"href":"https:\/\/www.ecoticias.com\/hoyeco\/wp-json\/wp\/v2\/posts"}],"about":[{"href":"https:\/\/www.ecoticias.com\/hoyeco\/wp-json\/wp\/v2\/types\/post"}],"author":[{"embeddable":true,"href":"https:\/\/www.ecoticias.com\/hoyeco\/wp-json\/wp\/v2\/users\/6"}],"replies":[{"embeddable":true,"href":"https:\/\/www.ecoticias.com\/hoyeco\/wp-json\/wp\/v2\/comments?post=16245"}],"version-history":[{"count":0,"href":"https:\/\/www.ecoticias.com\/hoyeco\/wp-json\/wp\/v2\/posts\/16245\/revisions"}],"wp:featuredmedia":[{"embeddable":true,"href":"https:\/\/www.ecoticias.com\/hoyeco\/wp-json\/wp\/v2\/media\/16246"}],"wp:attachment":[{"href":"https:\/\/www.ecoticias.com\/hoyeco\/wp-json\/wp\/v2\/media?parent=16245"}],"wp:term":[{"taxonomy":"category","embeddable":true,"href":"https:\/\/www.ecoticias.com\/hoyeco\/wp-json\/wp\/v2\/categories?post=16245"},{"taxonomy":"post_tag","embeddable":true,"href":"https:\/\/www.ecoticias.com\/hoyeco\/wp-json\/wp\/v2\/tags?post=16245"}],"curies":[{"name":"wp","href":"https:\/\/api.w.org\/{rel}","templated":true}]}}