{"id":16274,"date":"2025-01-21T14:30:58","date_gmt":"2025-01-21T13:30:58","guid":{"rendered":"https:\/\/www.ecoticias.com\/hoyeco\/?p=16274"},"modified":"2025-01-21T14:30:58","modified_gmt":"2025-01-21T13:30:58","slug":"metro-de-madrid-asientos-verdes","status":"publish","type":"post","link":"https:\/\/www.ecoticias.com\/hoyeco\/metro-de-madrid-asientos-verdes\/16274\/","title":{"rendered":"Atenci\u00f3n en el Metro de Madrid: estos asientos verdes solo son para estas personas"},"content":{"rendered":"<p>El transporte p\u00fablico es el primero en actualizarse respecto a nuevas normas que simplifiquen su uso, as\u00ed como otras que lo hagan m\u00e1s humano y emp\u00e1tico con las necesidades de algunos de sus pasajeros. Es por ello que en el Metro de Madrid conseguir\u00e1s los asientos verdes que son destinados para estas personas.<\/p>\n<h2>La nueva medida implantada por el Metro de Madrid<\/h2>\n<p>Recientemente, el Metro de Madrid ha puesto en vigencia una nueva disposici\u00f3n con la cual aspira a mejorar la convivencia y la accesibilidad de algunos de sus usuarios. Nos referimos a un <strong>cambio en la se\u00f1alizaci\u00f3n<\/strong> de los asientos destinados para ser utilizados por personas mayores, con movilidad reducida y mujeres embarazadas.<\/p>\n<p>Dicho cambio consiste en que ahora mostrar\u00e1n un atractivo color verde claro que los diferencia del resto. Con esta medida se trata de crear conciencia c\u00edvica entre los usuarios para que cedan estos asientos a quienes est\u00e1n destinados y sea <strong>respetada la prioridad<\/strong> que tiene este grupo de personas con necesidades especiales.<\/p>\n<h2>Una iniciativa que ha sorprendido a m\u00e1s de uno<\/h2>\n<p>Esta medida se est\u00e1 aplicando de forma paulatina, por lo que hay vagones del Metro de Madrid que a\u00fan no disponen de estos asientos, as\u00ed que al entrar en los trenes que ya los tienen, m\u00e1s de uno los ve con sorpresa. En caso de verlos y sentarse en uno de ellos,<strong> tenga en cuenta que debe levantarse y cederlo<\/strong> en caso de necesidad.<\/p>\n<p>El caso puede ser de una persona de pie y sea una mujer embarazada, persona mayor o con movilidad reducida. Por su color distintivo ya no hay excusa para su reconocimiento por parte de todos los pasajeros. \u00a0Es de destacar que anteriormente <strong>esta distinci\u00f3n se hac\u00eda con una pegatina de color azul.<\/strong><\/p>\n<p>La cual estaba se\u00f1alada en las ventanillas (esta medida tambi\u00e9n ser\u00e1 implantada en el transporte p\u00fablico que el gobierno quiere que <a href=\"Si%20antes%20eran%20de%20color%20blanco%20como%20el%20resto%20de%20plazas%20sentadas,%20ahora%20ser\u00e1n%20de%20color%20verde,%20por%20lo%20que%20no%20habr\u00e1%20excusa%20para%20no%20reconocerlos\">funcione con este combustible<\/a>). En este sentido, en muchas ocasiones por ignorancia, despiste o por desinter\u00e9s estas plazas son ocupadas por el resto de usuarios y no las ceden.<\/p>\n<p>Sobre todo, en horas pico de uso, raz\u00f3n por la cual el suburbano de la ciudad ha tomado esta iniciativa para reforzar la detecci\u00f3n de estos asientos. A este respecto existe la norma europea que acata Espa\u00f1a que es la UNE-EN 16585-2:2018 que fue publicada en el a\u00f1o 2018, aunque esta legislaci\u00f3n no es de obligatorio cumplimiento.<\/p>\n<p>La misma sentencia que por lo menos el 10 % de los asientos en cada vag\u00f3n del tren, deben estar se\u00f1alizados con un color distinto o se\u00f1al visible, para ser <strong>usados por personas de condiciones especiales<\/strong>. Su implementaci\u00f3n gradual se debe a que el Metro de Madrid cuenta con 2.083 vagones y 302 estaciones y paradas.<\/p>\n<h2>\u00bfPor qu\u00e9 se decidi\u00f3 el color verde como distintivo para estos asientos?<\/h2>\n<p>Este color resalta por encima del cl\u00e1sico de los dem\u00e1s en el Metro de Madrid. Por otra parte, el mismo transmite una sensaci\u00f3n de calma y relajaci\u00f3n, as\u00ed como se relaciona con la <strong>salud, la naturaleza y la esperanza<\/strong> como virtud creando un peque\u00f1o oasis en el traj\u00edn de la vida cotidiana, haci\u00e9ndola m\u00e1s humana.<\/p>\n<p>Por otra parte, tambi\u00e9n tiene por objetivo que los usuarios lo asocien con las personas que tienen necesidades especiales fomentando una mayor empat\u00eda y conciencia hacia estos semejantes. Adem\u00e1s, estos asientos verdes <strong>se ubican cerca de las puertas<\/strong> a fin de hacer m\u00e1s f\u00e1cil el acceso de estos usuarios.<\/p>\n<p>Como conclusi\u00f3n, el Metro de Madrid est\u00e1 implementando los asientos de color verde para ser utilizados por personas con movilidad reducida, mayores y mujeres embarazadas (aunque tambi\u00e9n hay <a href=\"https:\/\/www.ecoticias.com\/hoyeco\/transporte-gratuito-requisitos-espana\/891\/\">otros beneficios<\/a> dedicados a grupos de usuarios que se cuentan entre los m\u00e1s vulnerables por su condici\u00f3n).<\/p>\n","protected":false},"excerpt":{"rendered":"<p>El transporte p\u00fablico es el primero en actualizarse respecto a nuevas normas que simplifiquen su uso, as\u00ed como otras que &#8230; <\/p>\n<p class=\"read-more-container\"><a title=\"Atenci\u00f3n en el Metro de Madrid: estos asientos verdes solo son para estas personas\" class=\"read-more button\" href=\"https:\/\/www.ecoticias.com\/hoyeco\/metro-de-madrid-asientos-verdes\/16274\/#more-16274\" aria-label=\"Leer m\u00e1s sobre Atenci\u00f3n en el Metro de Madrid: estos asientos verdes solo son para estas personas\">Read more<\/a><\/p>\n","protected":false},"author":6,"featured_media":16275,"comment_status":"closed","ping_status":"closed","sticky":false,"template":"","format":"standard","meta":{"footnotes":""},"categories":[6],"tags":[],"class_list":["post-16274","post","type-post","status-publish","format-standard","has-post-thumbnail","hentry","category-movilidad","resize-featured-image"],"_links":{"self":[{"href":"https:\/\/www.ecoticias.com\/hoyeco\/wp-json\/wp\/v2\/posts\/16274","targetHints":{"allow":["GET"]}}],"collection":[{"href":"https:\/\/www.ecoticias.com\/hoyeco\/wp-json\/wp\/v2\/posts"}],"about":[{"href":"https:\/\/www.ecoticias.com\/hoyeco\/wp-json\/wp\/v2\/types\/post"}],"author":[{"embeddable":true,"href":"https:\/\/www.ecoticias.com\/hoyeco\/wp-json\/wp\/v2\/users\/6"}],"replies":[{"embeddable":true,"href":"https:\/\/www.ecoticias.com\/hoyeco\/wp-json\/wp\/v2\/comments?post=16274"}],"version-history":[{"count":0,"href":"https:\/\/www.ecoticias.com\/hoyeco\/wp-json\/wp\/v2\/posts\/16274\/revisions"}],"wp:featuredmedia":[{"embeddable":true,"href":"https:\/\/www.ecoticias.com\/hoyeco\/wp-json\/wp\/v2\/media\/16275"}],"wp:attachment":[{"href":"https:\/\/www.ecoticias.com\/hoyeco\/wp-json\/wp\/v2\/media?parent=16274"}],"wp:term":[{"taxonomy":"category","embeddable":true,"href":"https:\/\/www.ecoticias.com\/hoyeco\/wp-json\/wp\/v2\/categories?post=16274"},{"taxonomy":"post_tag","embeddable":true,"href":"https:\/\/www.ecoticias.com\/hoyeco\/wp-json\/wp\/v2\/tags?post=16274"}],"curies":[{"name":"wp","href":"https:\/\/api.w.org\/{rel}","templated":true}]}}