{"id":16754,"date":"2025-01-31T16:30:30","date_gmt":"2025-01-31T15:30:30","guid":{"rendered":"https:\/\/www.ecoticias.com\/hoyeco\/?p=16754"},"modified":"2025-01-31T16:30:30","modified_gmt":"2025-01-31T15:30:30","slug":"espana-alerta-herminia-furia","status":"publish","type":"post","link":"https:\/\/www.ecoticias.com\/hoyeco\/espana-alerta-herminia-furia\/16754\/","title":{"rendered":"Casi toda Espa\u00f1a, en alerta: Herminia desata su furia&#8230; y esta es la previsi\u00f3n"},"content":{"rendered":"<p>La borrasca<strong> Herminia<\/strong> amenaza con recorrer Espa\u00f1a, estim\u00e1ndose que no solo Galicia sea una de las principales comunidades afectadas por las lluvias y vientos huracanados que lleva consigo. Aqu\u00ed est\u00e1n las previsiones m\u00e1s importantes a tener en cuenta.<\/p>\n<h2>Consecuencias de la furia desatada de Herminia a su paso por Galicia<\/h2>\n<p>Los vientos huracanados que han tocado el litoral gallego y especialmente a Salceda de Casales en Pontevedra, han dejado un edificio de viviendas sin tejado, mientras que en Amoeiro, Ourense, una persona falleci\u00f3 a <a href=\"https:\/\/www.ecoticias.com\/naturaleza\/199743_animales-heridos-accidentes-trafico-dejados-mano-dios\">consecuencia de un accidente de tr\u00e1nsito<\/a> provocado por la borrasca.<\/p>\n<p>Como una secuela del mal tiempo inducido por el fen\u00f3meno clim\u00e1tico, el <strong>accidente fatal en Amoeiro se produjo el lunes a las 7:45 horas<\/strong> cuando el conductor perdi\u00f3 el control de su veh\u00edculo sali\u00e9ndose de la carretera e impact\u00f3 contra un muro.<\/p>\n<p>Entre los 1.400 reportes de incidencia en territorio gallego se tiene el de un agente de tr\u00e1fico de la Guardia Civil al que un \u00e1rbol le produjo una herida al caerle sobre la cabeza mientras prestaba servicio en relaci\u00f3n precisamente a otra ca\u00edda de \u00e1rbol.<\/p>\n<p>Se considera que <strong>Galicia es una de las comunidades m\u00e1s afectada con aviso rojo por oleaje<\/strong> en todo el litoral, sin embargo, los desplazamientos de los fuertes vientos y la incidencia de las lluvias en el nivel h\u00eddrico de r\u00edos y embalses son aspectos a considerar en otras comunidades.<\/p>\n<h2>Comunidades que se ver\u00e1n afectadas por el paso enfurecido de la borrasca<\/h2>\n<p>Se cree que todas las comunidades aut\u00f3nomas del norte de Espa\u00f1a, con excepci\u00f3n de Canarias, Ceuta y Melilla, est\u00e1n siendo expuestas a los fuertes vientos\u00a0y\u00a0precipitaciones causadas por la borrasca.<\/p>\n<p>Aproximadamente <strong>200 eventos relacionados con el temporal se produjeron en el Pa\u00eds Vasco<\/strong>, siendo Vizcaya la provincia donde se produjeron los peores da\u00f1os en el sentido de que en Ordu\u00f1a vientos de 160 kil\u00f3metros por hora hicieron de las suyas.<\/p>\n<p>El paso de estos vientos huracanados dej\u00f3 \u00e1rboles y ramas ca\u00eddas, entre ellos un majestuoso pino que tranc\u00f3 la fluidez vehicular en Zulia, espec\u00edficamente en el Corredor del Cadagua.<\/p>\n<p>La<strong> furia de la borrasca tambi\u00e9n se hizo sentir en el aeropuerto de Loiu<\/strong> haciendo que seis vuelos hayan sido atendidos en otro terminal a\u00e9reo al no poder aterrizar, mientras que igual n\u00famero fueron cancelados debido a las p\u00e9simas condiciones clim\u00e1ticas.<\/p>\n<p>La comunidad de Cantabria tambi\u00e9n result\u00f3 afectada al registrarse una cantidad de incidencias superior al centenar, y en el Aeropuerto Seve Ballesteros-Santander los poderosos vientos obligaron a desviar cuatro aeronaves.<\/p>\n<p>Incluso hasta <strong>una caverna dentro de una infraestructura ha sido hecha por el fuerte oleaje<\/strong> y vientos que impactan sobre el literal asturiano, donde adem\u00e1s ha ocasionado la rotura del dique del puerto de Luarca, en Vald\u00e9s.<\/p>\n<h2>Avisos de prevenci\u00f3n ante el temporal en diferentes comunidades del norte de Espa\u00f1a<\/h2>\n<p>Tal vez una de las mayores incidencias a considerar como efecto del temporal sea el nivel de los r\u00edos, pues seg\u00fan el Ministerio para la Transici\u00f3n Ecol\u00f3gica y el Reto Demogr\u00e1fico (Miteco), las \u00faltimas borrascas provocaron un incremento de 2,3 puntos en la reserva h\u00eddrica, tal como indican estos datos:<\/p>\n<ul>\n<li><strong>Reserva h\u00eddrica al 54,3% de su capacidad con 30.436 hm3<\/strong><\/li>\n<li>Niveles de Segura en 20,8%, dos d\u00e9cimas por debajo en comparaci\u00f3n con la semana pasada<\/li>\n<\/ul>\n<p>De acuerdo con la Confederaci\u00f3n Hidrogr\u00e1fica del Duero, en Palencia se han producido avisos rojos debido al posible desbordamiento de r\u00edos como el Resoba, al igual que en Castilla y Le\u00f3n, junto al Rivera y Castiller\u00eda en Ventanilla y Va\u00f1es, respectivamente.<\/p>\n<p><span data-sheets-root=\"1\">Mientras tanto se siguen activando planes de prevenci\u00f3n, como por ejemplo e<\/span>n Extremadura y Castilla La-Mancha ante la posibilidad de impacto de fuertes vientos, mientras que en Guadalajara se han cerrado varios parques. Por su parte, el parque del Retiro en Madrid cerrar\u00e1 previendo riesgos debido a la ca\u00edda de \u00e1rboles.<\/p>\n<p>En conclusi\u00f3n, <span data-sheets-root=\"1\">casi toda Espa\u00f1a se encuentra en alerta debido a los embates de <strong>Herminia<\/strong> y prueba de ello es la <a href=\"https:\/\/www.ecoticias.com\/cambio-climatico\/cambio-climatico-temperaturas-salud\">activaci\u00f3n de estos planes de prevenci\u00f3n<\/a> en casi todas las comunidades.<\/span><\/p>\n","protected":false},"excerpt":{"rendered":"<p>La borrasca Herminia amenaza con recorrer Espa\u00f1a, estim\u00e1ndose que no solo Galicia sea una de las principales comunidades afectadas por &#8230; <\/p>\n<p class=\"read-more-container\"><a title=\"Casi toda Espa\u00f1a, en alerta: Herminia desata su furia&#8230; y esta es la previsi\u00f3n\" class=\"read-more button\" href=\"https:\/\/www.ecoticias.com\/hoyeco\/espana-alerta-herminia-furia\/16754\/#more-16754\" aria-label=\"Leer m\u00e1s sobre Casi toda Espa\u00f1a, en alerta: Herminia desata su furia&#8230; y esta es la previsi\u00f3n\">Read more<\/a><\/p>\n","protected":false},"author":9,"featured_media":16760,"comment_status":"closed","ping_status":"closed","sticky":false,"template":"","format":"standard","meta":{"footnotes":""},"categories":[2],"tags":[],"class_list":["post-16754","post","type-post","status-publish","format-standard","has-post-thumbnail","hentry","category-actualidad","resize-featured-image"],"_links":{"self":[{"href":"https:\/\/www.ecoticias.com\/hoyeco\/wp-json\/wp\/v2\/posts\/16754","targetHints":{"allow":["GET"]}}],"collection":[{"href":"https:\/\/www.ecoticias.com\/hoyeco\/wp-json\/wp\/v2\/posts"}],"about":[{"href":"https:\/\/www.ecoticias.com\/hoyeco\/wp-json\/wp\/v2\/types\/post"}],"author":[{"embeddable":true,"href":"https:\/\/www.ecoticias.com\/hoyeco\/wp-json\/wp\/v2\/users\/9"}],"replies":[{"embeddable":true,"href":"https:\/\/www.ecoticias.com\/hoyeco\/wp-json\/wp\/v2\/comments?post=16754"}],"version-history":[{"count":0,"href":"https:\/\/www.ecoticias.com\/hoyeco\/wp-json\/wp\/v2\/posts\/16754\/revisions"}],"wp:featuredmedia":[{"embeddable":true,"href":"https:\/\/www.ecoticias.com\/hoyeco\/wp-json\/wp\/v2\/media\/16760"}],"wp:attachment":[{"href":"https:\/\/www.ecoticias.com\/hoyeco\/wp-json\/wp\/v2\/media?parent=16754"}],"wp:term":[{"taxonomy":"category","embeddable":true,"href":"https:\/\/www.ecoticias.com\/hoyeco\/wp-json\/wp\/v2\/categories?post=16754"},{"taxonomy":"post_tag","embeddable":true,"href":"https:\/\/www.ecoticias.com\/hoyeco\/wp-json\/wp\/v2\/tags?post=16754"}],"curies":[{"name":"wp","href":"https:\/\/api.w.org\/{rel}","templated":true}]}}