{"id":16911,"date":"2025-02-05T16:00:37","date_gmt":"2025-02-05T15:00:37","guid":{"rendered":"https:\/\/www.ecoticias.com\/hoyeco\/?p=16911"},"modified":"2025-02-05T16:00:37","modified_gmt":"2025-02-05T15:00:37","slug":"mina-espana-cobre-san-rafael","status":"publish","type":"post","link":"https:\/\/www.ecoticias.com\/hoyeco\/mina-espana-cobre-san-rafael\/16911\/","title":{"rendered":"La mina t\u00f3xica de Espa\u00f1a: los 2500 millones m\u00e1s costosos de la historia"},"content":{"rendered":"<p>La miner\u00eda es una de las actividades econ\u00f3micas que resultan m\u00e1s da\u00f1inas tanto para el planeta como para los propios seres humanos. Por eso resulta asombroso que la mina m\u00e1s t\u00f3xica de Espa\u00f1a sea reactivada, y dicen que generar\u00e1 una ganancia de 2.500 millones, que ser\u00edan los m\u00e1s costosos de toda la historia.<\/p>\n<h2>Un regreso inesperado que acabar\u00e1 con la naturaleza<\/h2>\n<p>Hacia finales del 2024, el Diario Oficial de Galicia anunci\u00f3 la exposici\u00f3n p\u00fablica del plan de abrir nuevamente la mina de cobre de Touro y O Pino, una de las m\u00e1s grandes que hay en Espa\u00f1a. La empresa a cargo es Cobre San Rafael, que se\u00f1al\u00f3 que va a producir un impacto financiero de 2.500 millones de euros.<\/p>\n<p>Esta noticia ha levantado una importante oleada de rechazo entre los miembros de la comunidad, que ser\u00e1n los m\u00e1s afectados por esta actividad. Pues se\u00f1alan vecinos, mariscadores y ecologistas que mientras funcion\u00f3 entre los a\u00f1os 70 y 80 del siglo pasado, <strong>lo \u00fanico que dej\u00f3 fue la contaminaci\u00f3n de las aguas.<\/strong><\/p>\n<h2>Ninguna ganancia financiera justifica la contaminaci\u00f3n de las aguas<\/h2>\n<p>Con la difusi\u00f3n de <strong>la reapertura de la mina de cobre<\/strong> ubicada en los ayuntamientos Touro y O Pino de La Coru\u00f1a, realizada por el Diario Oficial de Galicia, ya se cumpli\u00f3 con otro requisito que los acerca m\u00e1s a su objetivo. Esto no ha sido bien recibido por los miembros de la comunidad, que lo ven como un peligro potencial.<\/p>\n<p>Pues ya conocen las consecuencias de este tipo de explotaci\u00f3n a cielo abierto, ya que esta funcion\u00f3 en el periodo comprendido entre 1974 y 1987, cuando fue clausurada. El legado que dej\u00f3 fue el de la contaminaci\u00f3n del r\u00edo Ulla y de la r\u00eda de Arousa, varias balsas mineras y almacenes con productos qu\u00edmicos muy t\u00f3xicos.<\/p>\n<p>Y al final, se transform\u00f3 en <strong>un gran vertedero industrial.<\/strong> Entre los antecedentes de este proyecto se encuentra la solicitud realizada en 2021 ante la Xunta para reabrirla, pero rechazaron la declaraci\u00f3n de impacto ambiental, y por ley, no podr\u00eda ser presentada de nuevo, pero lo volvieron a hacer en 2023.<\/p>\n<p>En esta ocasi\u00f3n no solo fue aceptada, sino que adem\u00e1s fue declarado de inter\u00e9s estrat\u00e9gico para la comunidad, lo que permite simplificar los tr\u00e1mites para el reinicio de labores. Por su parte, la empresa Cobre San Rafael promete generar un impacto financiero de 2.500 millones de euros para la regi\u00f3n.<\/p>\n<p>As\u00ed como tambi\u00e9n una explotaci\u00f3n sostenible del cobre, 400 puestos de trabajo directos y 1600 indirectos, y 100 millones de euros en gastos mensuales, de los cuales el 66% se gastar\u00eda en la zona. Para los vecinos, <strong>el costo de abrir esa mina es la p\u00e9rdida de recursos naturales y m\u00e1s contaminaci\u00f3n.<\/strong><\/p>\n<h2>La mina m\u00e1s grande y t\u00f3xica de Espa\u00f1a<\/h2>\n<p>Los integrantes de las comunidades de Touro y O Pino, ecologistas, mariscadores y vecinos, se oponen al reinicio de los trabajos para extraer cobre en esa regi\u00f3n. Las razones son muchas, una de ellas es que <strong>ese tipo de empresa solo se dedica a explotar los recursos locales<\/strong> (como esta que <a href=\"https:\/\/www.ecoticias.com\/hoyeco\/ue-espana-plan-energia-geotermica\/16463\/\">asign\u00f3 Europa a Espa\u00f1a<\/a>).<\/p>\n<p>De hecho, en el proyecto de Cobre San Rafael, van a crear nuevas balsas de miner\u00eda, una de ellas ser\u00e1 de 3 km de extensi\u00f3n, bordear\u00e1 algunas casas, tendr\u00e1 un cierre de 80 metros de alto y ser\u00e1 cubierta con una lona de apenas 1,5 mm de grosor. El da\u00f1o ambiental que puede llegar a causar ese plan es inconmensurable.<\/p>\n<p>En conclusi\u00f3n, el reinicio de la explotaci\u00f3n de la mina de cobre ubicada en las comunidades de Touro y O Pino cuenta con la oposici\u00f3n de sus pobladores, pues en el pasado solo dej\u00f3 destrucci\u00f3n. La empresa promete una ganancia de 2.500 millones de euros para la zona (como sucede con <a href=\"https:\/\/www.ecoticias.com\/hoyeco\/francia-hidrogeno-natural-blanco\/15873\/\">esta que encontr\u00f3 Francia<\/a>).<\/p>\n","protected":false},"excerpt":{"rendered":"<p>La miner\u00eda es una de las actividades econ\u00f3micas que resultan m\u00e1s da\u00f1inas tanto para el planeta como para los propios &#8230; <\/p>\n<p class=\"read-more-container\"><a title=\"La mina t\u00f3xica de Espa\u00f1a: los 2500 millones m\u00e1s costosos de la historia\" class=\"read-more button\" href=\"https:\/\/www.ecoticias.com\/hoyeco\/mina-espana-cobre-san-rafael\/16911\/#more-16911\" aria-label=\"Leer m\u00e1s sobre La mina t\u00f3xica de Espa\u00f1a: los 2500 millones m\u00e1s costosos de la historia\">Read more<\/a><\/p>\n","protected":false},"author":6,"featured_media":16912,"comment_status":"closed","ping_status":"closed","sticky":false,"template":"","format":"standard","meta":{"footnotes":""},"categories":[5],"tags":[],"class_list":["post-16911","post","type-post","status-publish","format-standard","has-post-thumbnail","hentry","category-energia","resize-featured-image"],"_links":{"self":[{"href":"https:\/\/www.ecoticias.com\/hoyeco\/wp-json\/wp\/v2\/posts\/16911","targetHints":{"allow":["GET"]}}],"collection":[{"href":"https:\/\/www.ecoticias.com\/hoyeco\/wp-json\/wp\/v2\/posts"}],"about":[{"href":"https:\/\/www.ecoticias.com\/hoyeco\/wp-json\/wp\/v2\/types\/post"}],"author":[{"embeddable":true,"href":"https:\/\/www.ecoticias.com\/hoyeco\/wp-json\/wp\/v2\/users\/6"}],"replies":[{"embeddable":true,"href":"https:\/\/www.ecoticias.com\/hoyeco\/wp-json\/wp\/v2\/comments?post=16911"}],"version-history":[{"count":0,"href":"https:\/\/www.ecoticias.com\/hoyeco\/wp-json\/wp\/v2\/posts\/16911\/revisions"}],"wp:featuredmedia":[{"embeddable":true,"href":"https:\/\/www.ecoticias.com\/hoyeco\/wp-json\/wp\/v2\/media\/16912"}],"wp:attachment":[{"href":"https:\/\/www.ecoticias.com\/hoyeco\/wp-json\/wp\/v2\/media?parent=16911"}],"wp:term":[{"taxonomy":"category","embeddable":true,"href":"https:\/\/www.ecoticias.com\/hoyeco\/wp-json\/wp\/v2\/categories?post=16911"},{"taxonomy":"post_tag","embeddable":true,"href":"https:\/\/www.ecoticias.com\/hoyeco\/wp-json\/wp\/v2\/tags?post=16911"}],"curies":[{"name":"wp","href":"https:\/\/api.w.org\/{rel}","templated":true}]}}