{"id":17085,"date":"2025-02-10T15:30:19","date_gmt":"2025-02-10T14:30:19","guid":{"rendered":"https:\/\/www.ecoticias.com\/hoyeco\/?p=17085"},"modified":"2025-02-10T15:30:19","modified_gmt":"2025-02-10T14:30:19","slug":"fin-tesla-espana-problema-coches","status":"publish","type":"post","link":"https:\/\/www.ecoticias.com\/hoyeco\/fin-tesla-espana-problema-coches\/17085\/","title":{"rendered":"El fin de Tesla en Espa\u00f1a: Un grave problema con sus \u00faltimos coches que ni Elon Musk entiende"},"content":{"rendered":"<p>La compa\u00f1\u00eda de Elon Musk es una de las m\u00e1s destacadas en Espa\u00f1a ya que se precia de ofrecer veh\u00edculos el\u00e9ctricos de excelente calidad. Sin embargo, este 2025 no ha tenido un buen arranque para Tesla ya que sus \u00faltimos modelos vendidos el a\u00f1o pasado presentan un grave problema. Veamos de qu\u00e9 se trata.<\/p>\n<h2>El nuevo ordenador que equipa Tesla en sus veh\u00edculos est\u00e1 ocasionando problemas<\/h2>\n<p>Cuando este nuevo hardware fue presentado de manera oficial por Tesla, se dijo que los nuevos coches tendr\u00edan un nivel cuatro de autonom\u00eda, es decir, ser\u00edan lo m\u00e1ximo en este sector. Nos estamos refiriendo al ordenador HW4\/AI4.1 que la compa\u00f1\u00eda coloca en sus modelos m\u00e1s recientes.<\/p>\n<p>Pero este equipamiento est\u00e1<strong> dando fallas generalizadas en funciones que son cruciales en la conducci\u00f3n aut\u00f3noma<\/strong>, que puede significar el fin de la empresa de Elon Musk en Espa\u00f1a. Si bien la compa\u00f1\u00eda ha dicho que son casos aislados, la realidad es que cada vez m\u00e1s coches presentan estos defectos.<\/p>\n<h2>Las fallas ponen en peligro la seguridad de los usuarios<\/h2>\n<p>Lo que es m\u00e1s extra\u00f1o para Tesla, es que los inconvenientes se presentan cuando el coche ha recorrido algunos cientos de kil\u00f3metros. Y es que las mismas no se limitan a afectaciones t\u00e9cnicas, sino que involucran la seguridad de los propietarios, puesto que <strong>inhabilitan elementos activos de resguardo contra accidentes<\/strong>.<\/p>\n<p>Entre ellos est\u00e1n sistemas que son muy importantes como GPS, c\u00e1maras, sensores de detecci\u00f3n, equipos de navegaci\u00f3n, etc. (esto ha sido causa de que la reputaci\u00f3n de la empresa <a href=\"https:\/\/www.ecoticias.com\/hoyeco\/reputacion-tesla-fallas-model-3\/16764\/\">caiga en picada<\/a>, no solo en Espa\u00f1a sino en toda Europa). Adicionalmente, deja de funcionar la calibraci\u00f3n de las c\u00e1maras traseras.<\/p>\n<p>Por lo que los conductores quedan sin visibilidad para realizar maniobras como retroceso o aparcamiento. En primera instancia, la empresa ha aconsejado que, para prevenir la aparici\u00f3n de estos fallos, se evite intentar la calibraci\u00f3n de las c\u00e1maras, ya que han observado que la falla ocurre despu\u00e9s de esta operaci\u00f3n.<\/p>\n<p>Sin embargo, y como Tesla han aclarado, <strong>esta es solo una soluci\u00f3n temporal<\/strong> que no resuelve la causa del problema. Por otra parte, los clientes se han mostrado muy preocupados porque al solicitar el servicio postventa por esta causa, las citas se les han dado para varios meses despu\u00e9s.<\/p>\n<h2>Las posibles causas de la falla y las soluciones propuestas<\/h2>\n<p>En verdad, ni Elon Musk entiende cu\u00e1l es el origen de la falla, sin embargo, los ingenieros de Tesla han dicho que \u201cprobablemente\u201d el problema est\u00e9 en la <strong>bater\u00eda de bajo voltaje que energiza al ordenador<\/strong>. La cual provocar\u00eda un cortocircuito general al sistema al momento de la calibraci\u00f3n de las c\u00e1maras.<\/p>\n<p>Todo asociado al sistema d conducci\u00f3n aut\u00f3noma. Esta situaci\u00f3n an\u00f3mala provoca errores en sistemas de asistencia de conducci\u00f3n que est\u00e1n relacionados con la seguridad del conductor pero, lo m\u00e1s grave, es que tambi\u00e9n desactiva funciones de seguridad de asistencia muy importantes como el ESP o el ABS.<\/p>\n<p>Por lo general, estos <strong>s\u00edntomas afectan a los coches de m\u00e1s reciente fabricaci\u00f3n<\/strong>, lo que apunta a un problema de dise\u00f1o del ordenador HW4\/AI4.1. Si es as\u00ed, y todo indica que s\u00ed, pondr\u00eda en jaque a la empresa de Elon Musk ya que, de acuerdo a las regulaciones de Espa\u00f1a, tendr\u00edan que sacar de circulaci\u00f3n al coche.<\/p>\n<p>A lo menos, hasta que determinen con precisi\u00f3n las causas de los problemas y los resuelvan. En este sentido, el fabricante est\u00e1 proponiendo como soluci\u00f3n temporal la colocaci\u00f3n de un parche de software, pero los expertos dicen que la soluci\u00f3n definitiva es la sustituci\u00f3n del ordenador en todos los veh\u00edculos.<\/p>\n<p>Como conclusi\u00f3n, los coches el\u00e9ctricos de Tesla est\u00e1n presentando<strong> graves fallas<\/strong> que afectan la seguridad del conductor lo cual puede representar el fin de la empresa en Espa\u00f1a (de paso enfrenta un nuevo desaf\u00edo que quiz\u00e1s ni Elon Musk <a href=\"https:\/\/www.ecoticias.com\/hoyeco\/tesla-quiebra-espana-xiaomi-su7\/16703\/\">pueda superarlo<\/a>).<\/p>\n","protected":false},"excerpt":{"rendered":"<p>La compa\u00f1\u00eda de Elon Musk es una de las m\u00e1s destacadas en Espa\u00f1a ya que se precia de ofrecer veh\u00edculos &#8230; <\/p>\n<p class=\"read-more-container\"><a title=\"El fin de Tesla en Espa\u00f1a: Un grave problema con sus \u00faltimos coches que ni Elon Musk entiende\" class=\"read-more button\" href=\"https:\/\/www.ecoticias.com\/hoyeco\/fin-tesla-espana-problema-coches\/17085\/#more-17085\" aria-label=\"Leer m\u00e1s sobre El fin de Tesla en Espa\u00f1a: Un grave problema con sus \u00faltimos coches que ni Elon Musk entiende\">Read more<\/a><\/p>\n","protected":false},"author":6,"featured_media":17086,"comment_status":"closed","ping_status":"closed","sticky":false,"template":"","format":"standard","meta":{"footnotes":""},"categories":[6],"tags":[],"class_list":["post-17085","post","type-post","status-publish","format-standard","has-post-thumbnail","hentry","category-movilidad","resize-featured-image"],"_links":{"self":[{"href":"https:\/\/www.ecoticias.com\/hoyeco\/wp-json\/wp\/v2\/posts\/17085","targetHints":{"allow":["GET"]}}],"collection":[{"href":"https:\/\/www.ecoticias.com\/hoyeco\/wp-json\/wp\/v2\/posts"}],"about":[{"href":"https:\/\/www.ecoticias.com\/hoyeco\/wp-json\/wp\/v2\/types\/post"}],"author":[{"embeddable":true,"href":"https:\/\/www.ecoticias.com\/hoyeco\/wp-json\/wp\/v2\/users\/6"}],"replies":[{"embeddable":true,"href":"https:\/\/www.ecoticias.com\/hoyeco\/wp-json\/wp\/v2\/comments?post=17085"}],"version-history":[{"count":0,"href":"https:\/\/www.ecoticias.com\/hoyeco\/wp-json\/wp\/v2\/posts\/17085\/revisions"}],"wp:featuredmedia":[{"embeddable":true,"href":"https:\/\/www.ecoticias.com\/hoyeco\/wp-json\/wp\/v2\/media\/17086"}],"wp:attachment":[{"href":"https:\/\/www.ecoticias.com\/hoyeco\/wp-json\/wp\/v2\/media?parent=17085"}],"wp:term":[{"taxonomy":"category","embeddable":true,"href":"https:\/\/www.ecoticias.com\/hoyeco\/wp-json\/wp\/v2\/categories?post=17085"},{"taxonomy":"post_tag","embeddable":true,"href":"https:\/\/www.ecoticias.com\/hoyeco\/wp-json\/wp\/v2\/tags?post=17085"}],"curies":[{"name":"wp","href":"https:\/\/api.w.org\/{rel}","templated":true}]}}