{"id":17223,"date":"2025-02-12T15:30:56","date_gmt":"2025-02-12T14:30:56","guid":{"rendered":"https:\/\/www.ecoticias.com\/hoyeco\/?p=17223"},"modified":"2025-02-12T15:30:56","modified_gmt":"2025-02-12T14:30:56","slug":"tesla-ventas-coches-electricos","status":"publish","type":"post","link":"https:\/\/www.ecoticias.com\/hoyeco\/tesla-ventas-coches-electricos\/17223\/","title":{"rendered":"Se acelera el colapso de Tesla en Europa: Ya no le quedan nuevos trucos a Musk"},"content":{"rendered":"<p>La movilidad el\u00e9ctrica es la punta de lanza en la lucha contra el cambio clim\u00e1tico puesto que reduce las emisiones de CO2 tomando en cuenta que el sector transporte es quien m\u00e1s produce estos gases. Pero ahora, los fabricantes est\u00e1n en crisis, como ejemplo tenemos a Tesla que est\u00e1 colapsando en Europa. Veamos.<\/p>\n<h2>Tesla ha sufrido una desaceleraci\u00f3n en sus ventas el \u00faltimo a\u00f1o<\/h2>\n<p>El 2023 fue un buen a\u00f1o para Tesla ya que su Model Y fue el m\u00e1s vendido en Europa. Lo que sorprendi\u00f3 en ese momento, es que <strong>super\u00f3 a todos los veh\u00edculos, incluyendo la tecnolog\u00eda de combustibles f\u00f3siles<\/strong>. Por lo que la movilidad el\u00e9ctrica parec\u00eda que al fin hab\u00eda despegado en el gusto de los compradores.<\/p>\n<p>Sin embargo, esta tendencia solo dur\u00f3 un a\u00f1o ya que en el 2024 la misma se revirti\u00f3 y este coche fue desbancado por el veh\u00edculo a gasolina Dacia Sandero, pero lo m\u00e1s grave es que este autom\u00f3vil el\u00e9ctrico qued\u00f3 relegado al cuarto puesto detr\u00e1s de este, el rumano Renault Clio\u00a0y el\u00a0alem\u00e1n Volkswagen Golf.<\/p>\n<h2>Pero\u2026 \u00bfcu\u00e1les son los motivos de esta ca\u00edda?<\/h2>\n<p>De acuerdo a los expertos, y a an\u00e1lisis hechos por la propia Tesla, <strong>son varios los motivos que justifican esta ca\u00edda en las ventas<\/strong> frente a la tecnolog\u00eda de combusti\u00f3n t\u00e9rmica. Entre ellas est\u00e1 el anuncio que hizo Elon Musk respecto a la renovaci\u00f3n y modernizaci\u00f3n de su Model Y lo que pudo influir en los compradores.<\/p>\n<p>Esto en el sentido de que pueden haber decidido esperar unos meses para tener la versi\u00f3n renovada de estos coches. Otra causa ser\u00eda la supresi\u00f3n de las ayudas gubernamentales que estimulaban la compra de veh\u00edculos con propulsi\u00f3n el\u00e9ctrica (un ejemplo es lo que sucedi\u00f3 en Espa\u00f1a con la <a href=\"https:\/\/www.ecoticias.com\/hoyeco\/espana-coches-electricos-plan-moves\/16823\/\">eliminaci\u00f3n de estos incentivos<\/a>).<\/p>\n<p>Teniendo en cuenta que <strong>son mucho m\u00e1s costosos que los autom\u00f3viles que usan combustibles f\u00f3siles<\/strong> adem\u00e1s de que esta tecnolog\u00eda ha evolucionado mucho en la direcci\u00f3n de reducci\u00f3n de emisiones de CO2. Estas razones les han valido gran cantidad de compradores por lo que sus ventas han repuntado.<\/p>\n<p>A costa de la reducci\u00f3n de matriculaciones de los veh\u00edculos de esta empresa. Pero no solo este sector ha crecido, tambi\u00e9n se han vendido m\u00e1s de los modelos h\u00edbridos en detrimento de las ventas del Model Y. De hecho muchos fabricantes han promocionado m\u00e1s estos modelos que los de tecnolog\u00eda el\u00e9ctrica.<\/p>\n<p>Lo que sucede, de acuerdo a diversos analistas del mercado, son sus altos costos pero asociados a la adquisici\u00f3n del<strong> principal repuesto: la bater\u00eda.<\/strong> Que, aunque ahora no ser\u00e1 necesaria su sustituci\u00f3n, s\u00ed lo es en un futuro y esto preocupa al usuario porque podr\u00eda tener una \u201cchatarra\u201d inoperativa.<\/p>\n<p>As\u00ed, la totalidad de los veh\u00edculos de Tesla son el\u00e9ctricos puros, mientras que BYD tiene el 63 % y Geely el 41 % de sus veh\u00edculos con esta tracci\u00f3n. En cuarto lugar, est\u00e1 BMW que tiene una oferta del 23 %, Mercedes Benz con un 19 % y cerrando la lista est\u00e1 Volkswagen que reserva un 13 % de su cat\u00e1logo a coches el\u00e9ctricos.<\/p>\n<h2>Los coches de Musk siguen liderando en el sector de los el\u00e9ctricos<\/h2>\n<p>A pesar de lo anterior, Tesla <strong>sigue liderando el mercado de los el\u00e9ctricos<\/strong>, pero de seguir esta tendencia se estar\u00eda acelerando el colapso, por las bajas ventas, del gigante de los Estados Unidos. Lo peor es que el empresario y CEO de la compa\u00f1\u00eda, Elon Musk, se est\u00e1 quedando sin los trucos que siempre la salvaban.<\/p>\n<p>En conclusi\u00f3n, uno de los mejores mercados para la venta de los veh\u00edculos el\u00e9ctricos Tesla hab\u00eda sido Europa pero ahora est\u00e1 ante una posibilidad de colapso (as\u00ed como enfrenta su quiebra en Espa\u00f1a si no <a href=\"https:\/\/www.ecoticias.com\/hoyeco\/tesla-quiebra-espana-xiaomi-su7\/16703\/\">consigue superar este nuevo desaf\u00edo<\/a>). Asimismo, a Elon Musk ya se le agotaron sus trucos empresariales.<\/p>\n","protected":false},"excerpt":{"rendered":"<p>La movilidad el\u00e9ctrica es la punta de lanza en la lucha contra el cambio clim\u00e1tico puesto que reduce las emisiones &#8230; <\/p>\n<p class=\"read-more-container\"><a title=\"Se acelera el colapso de Tesla en Europa: Ya no le quedan nuevos trucos a Musk\" class=\"read-more button\" href=\"https:\/\/www.ecoticias.com\/hoyeco\/tesla-ventas-coches-electricos\/17223\/#more-17223\" aria-label=\"Leer m\u00e1s sobre Se acelera el colapso de Tesla en Europa: Ya no le quedan nuevos trucos a Musk\">Read more<\/a><\/p>\n","protected":false},"author":6,"featured_media":17224,"comment_status":"closed","ping_status":"closed","sticky":false,"template":"","format":"standard","meta":{"footnotes":""},"categories":[6],"tags":[],"class_list":["post-17223","post","type-post","status-publish","format-standard","has-post-thumbnail","hentry","category-movilidad","resize-featured-image"],"_links":{"self":[{"href":"https:\/\/www.ecoticias.com\/hoyeco\/wp-json\/wp\/v2\/posts\/17223","targetHints":{"allow":["GET"]}}],"collection":[{"href":"https:\/\/www.ecoticias.com\/hoyeco\/wp-json\/wp\/v2\/posts"}],"about":[{"href":"https:\/\/www.ecoticias.com\/hoyeco\/wp-json\/wp\/v2\/types\/post"}],"author":[{"embeddable":true,"href":"https:\/\/www.ecoticias.com\/hoyeco\/wp-json\/wp\/v2\/users\/6"}],"replies":[{"embeddable":true,"href":"https:\/\/www.ecoticias.com\/hoyeco\/wp-json\/wp\/v2\/comments?post=17223"}],"version-history":[{"count":0,"href":"https:\/\/www.ecoticias.com\/hoyeco\/wp-json\/wp\/v2\/posts\/17223\/revisions"}],"wp:featuredmedia":[{"embeddable":true,"href":"https:\/\/www.ecoticias.com\/hoyeco\/wp-json\/wp\/v2\/media\/17224"}],"wp:attachment":[{"href":"https:\/\/www.ecoticias.com\/hoyeco\/wp-json\/wp\/v2\/media?parent=17223"}],"wp:term":[{"taxonomy":"category","embeddable":true,"href":"https:\/\/www.ecoticias.com\/hoyeco\/wp-json\/wp\/v2\/categories?post=17223"},{"taxonomy":"post_tag","embeddable":true,"href":"https:\/\/www.ecoticias.com\/hoyeco\/wp-json\/wp\/v2\/tags?post=17223"}],"curies":[{"name":"wp","href":"https:\/\/api.w.org\/{rel}","templated":true}]}}