{"id":17226,"date":"2025-02-13T14:30:37","date_gmt":"2025-02-13T13:30:37","guid":{"rendered":"https:\/\/www.ecoticias.com\/hoyeco\/?p=17226"},"modified":"2025-02-13T14:30:37","modified_gmt":"2025-02-13T13:30:37","slug":"acelera-final-tesla-error-musk","status":"publish","type":"post","link":"https:\/\/www.ecoticias.com\/hoyeco\/acelera-final-tesla-error-musk\/17226\/","title":{"rendered":"Se acelera el final de Tesla: El grave error de Musk que pone en riesgo todo"},"content":{"rendered":"<p>En la actualidad, la preferencia por los veh\u00edculos el\u00e9ctricos puros pareciera que al fin ha despegado si nos fijamos en el incremento de sus ventas. Sin embargo, Tesla que ha sido el mayor exponente con esta tecnolog\u00eda de movilidad, pareciera ir derecho al abismo de su final y esto por error muy grave de Musk.<\/p>\n<h2>Tesla: una ic\u00f3nica marca que era sin\u00f3nimo de movilidad el\u00e9ctrica<\/h2>\n<p>El mundo de los coches el\u00e9ctricos todav\u00eda es muy joven, tendr\u00e1 unos 20 a\u00f1os desde que esta movilidad dej\u00f3 de ser una mera novedad muy curiosa para transformarse en un art\u00edculo que ven\u00eda a satisfacer una necesidad. Pero de una forma que viene a ser amigable con el medio ambiente y sin emisiones de CO2.<\/p>\n<p>Para convertirse en una nueva arma en la lucha contra el cambio clim\u00e1tico. Casi todas las marcas se lanzaron tras este mercado pero Tesla destac\u00f3 por sobre todas por ofrecer soluciones tecnol\u00f3gicamente muy avanzadas. Pero hoy en d\u00eda <strong>est\u00e1 enfrentando su posible final debido a cierto error de Musk<\/strong>.<\/p>\n<h2>La p\u00e9rdida de valor de este fabricante con el transcurso del tiempo<\/h2>\n<p>De acuerdo a Brand Finance, una consultora internacional de gran prestigio especializada en an\u00e1lisis financieros del sector movilidad, el caso de Tesla es muy particular. Puesto que sus acciones en el mercado burs\u00e1til se cotizan a precios muy altos, pero <strong>no son un reflejo fiel del valor de la empresa<\/strong>.<\/p>\n<p>Puesto que este \u00edndice es aparente ya que es elevado, sobre todo, por Elon Musk con sus ambiciones tecnol\u00f3gicas (como ejemplo, tenemos el caso de la <a href=\"https:\/\/www.ecoticias.com\/hoyeco\/twitter-musk-tiktok-vetado\/16256\/\">adquisici\u00f3n de Twitter y los acuerdos<\/a> que implica). Tambi\u00e9n influye la diversificaci\u00f3n de sus empresas, que todas est\u00e1n relacionadas con la tecnolog\u00eda.<\/p>\n<p>El valor neto de la empresa de los veh\u00edculos el\u00e9ctricos ha <strong>descendido 15.000 millones de d\u00f3lares en un a\u00f1o<\/strong> para ubicarse en los 42.992 millones de d\u00f3lares. Esta reducci\u00f3n de su capital, tambi\u00e9n le ha valido que Brand Finance la haya calificado como AA-, un descenso que significa un gran golpe para esta empresa.<\/p>\n<p>Puesto que baj\u00f3, en el listado de las compa\u00f1\u00edas m\u00e1s valiosas del planeta, del lugar 18 al puesto 36. Por otra parte, el informe de esta analista tambi\u00e9n incluye los resultados de la opini\u00f3n de 16.000 personas a nivel mundial, las que fueron encuestadas con el fin de conocer su percepci\u00f3n respecto a esta empresa.<\/p>\n<p>La misma ha mostrado un descenso significativo en algunos importantes indicadores como <strong>confiabilidad, recomendaci\u00f3n y reputaci\u00f3n<\/strong> en comparaci\u00f3n con los valores obtenidos en el 2022. Espec\u00edficamente en Europa, las rese\u00f1as positivas fueron de 8,2 a 4,3 en una escala de 10 lo que es una disminuci\u00f3n muy violenta.<\/p>\n<p>De manera similar, el indicador de deseabilidad de Tesla, como marca preferente para adquirir un coche el\u00e9ctrico, <strong>se ha reducido del 21 % a casi el 15 %<\/strong>, lo que es un declive pronunciado que puede deberse al acercamiento entre Elon Musk y el pol\u00e9mico Donald Trump, nuevo presidente de los EUA.<\/p>\n<h2>El error de Elon Musk que acelera el final de la compa\u00f1\u00eda<\/h2>\n<p>Lo que se llama la autonom\u00eda de los coches de Tesla se refiere a que podr\u00e1n circular sin que el conductor est\u00e9 al volante en una forma activa. El llamado error de Musk que tanto ha lastrado a la compa\u00f1\u00eda es que en el 2016 ofreci\u00f3 esta funcionalidad para sus autom\u00f3viles que <strong>incorporaran su versi\u00f3n de hardware 3.0<\/strong>.<\/p>\n<p>Sin embargo, nueve a\u00f1os despu\u00e9s a\u00fan no ha podido cumplir con esta promesa por diversas causas, sobre todo por fallas t\u00e9cnicas de distinta \u00edndole. Asimismo, ha reconocido este error cuando declar\u00f3 que, para lograrla, deber\u00e1n actualizar este hardware pero se mostr\u00f3 confiado al decir que al final \u201clo conseguiremos\u201d.<\/p>\n<p>Como conclusi\u00f3n, una promesa hecha por Elon Musk respecto a conducci\u00f3n aut\u00f3noma, que no ha podido cumplir, ha hecho que Tesla se tambalee y pareciera que se acerca su final (a esto se le suma el coche de esta marca que <a href=\"https:\/\/www.ecoticias.com\/hoyeco\/reputacion-tesla-fallas-model-3\/16764\/\">presenta graves problemas en Europa<\/a>).<\/p>\n","protected":false},"excerpt":{"rendered":"<p>En la actualidad, la preferencia por los veh\u00edculos el\u00e9ctricos puros pareciera que al fin ha despegado si nos fijamos en &#8230; <\/p>\n<p class=\"read-more-container\"><a title=\"Se acelera el final de Tesla: El grave error de Musk que pone en riesgo todo\" class=\"read-more button\" href=\"https:\/\/www.ecoticias.com\/hoyeco\/acelera-final-tesla-error-musk\/17226\/#more-17226\" aria-label=\"Leer m\u00e1s sobre Se acelera el final de Tesla: El grave error de Musk que pone en riesgo todo\">Read more<\/a><\/p>\n","protected":false},"author":6,"featured_media":17227,"comment_status":"closed","ping_status":"closed","sticky":false,"template":"","format":"standard","meta":{"footnotes":""},"categories":[6],"tags":[],"class_list":["post-17226","post","type-post","status-publish","format-standard","has-post-thumbnail","hentry","category-movilidad","resize-featured-image"],"_links":{"self":[{"href":"https:\/\/www.ecoticias.com\/hoyeco\/wp-json\/wp\/v2\/posts\/17226","targetHints":{"allow":["GET"]}}],"collection":[{"href":"https:\/\/www.ecoticias.com\/hoyeco\/wp-json\/wp\/v2\/posts"}],"about":[{"href":"https:\/\/www.ecoticias.com\/hoyeco\/wp-json\/wp\/v2\/types\/post"}],"author":[{"embeddable":true,"href":"https:\/\/www.ecoticias.com\/hoyeco\/wp-json\/wp\/v2\/users\/6"}],"replies":[{"embeddable":true,"href":"https:\/\/www.ecoticias.com\/hoyeco\/wp-json\/wp\/v2\/comments?post=17226"}],"version-history":[{"count":0,"href":"https:\/\/www.ecoticias.com\/hoyeco\/wp-json\/wp\/v2\/posts\/17226\/revisions"}],"wp:featuredmedia":[{"embeddable":true,"href":"https:\/\/www.ecoticias.com\/hoyeco\/wp-json\/wp\/v2\/media\/17227"}],"wp:attachment":[{"href":"https:\/\/www.ecoticias.com\/hoyeco\/wp-json\/wp\/v2\/media?parent=17226"}],"wp:term":[{"taxonomy":"category","embeddable":true,"href":"https:\/\/www.ecoticias.com\/hoyeco\/wp-json\/wp\/v2\/categories?post=17226"},{"taxonomy":"post_tag","embeddable":true,"href":"https:\/\/www.ecoticias.com\/hoyeco\/wp-json\/wp\/v2\/tags?post=17226"}],"curies":[{"name":"wp","href":"https:\/\/api.w.org\/{rel}","templated":true}]}}