{"id":17396,"date":"2025-02-17T17:00:07","date_gmt":"2025-02-17T16:00:07","guid":{"rendered":"https:\/\/www.ecoticias.com\/hoyeco\/?p=17396"},"modified":"2025-02-17T17:00:07","modified_gmt":"2025-02-17T16:00:07","slug":"europa-africa-corredor-de-hidrogeno","status":"publish","type":"post","link":"https:\/\/www.ecoticias.com\/hoyeco\/europa-africa-corredor-de-hidrogeno\/17396\/","title":{"rendered":"Europa y \u00c1frica dejar\u00e1n sus diferencias y unir\u00e1n continentes: 3300 kil\u00f3metros por una meta"},"content":{"rendered":"<p>Tal vez haya m\u00e1s cosas que unan a <strong>Europa<\/strong> y \u00c1frica que las que separa a estos dos continentes. Aqu\u00ed veremos uno de esos puntos que demanda el abordaje conjunto en procura de un mayor bienestar por igual para sus poblaciones.<\/p>\n<h2>Una iniciativa de m\u00e1s de 3 mil kil\u00f3metros que une a Europa con el continente africano<\/h2>\n<p>Disponer de una fuente energ\u00e9tica segura y confiable es una de las necesidades que tienen en com\u00fan actualmente los pa\u00edses independientemente de su ubicaci\u00f3n, puesto que por un lado est\u00e1 la creciente demanda de energ\u00eda para los diferentes usos y por otro que estas fuentes energ\u00e9ticas no produzcan la <a href=\"https:\/\/www.ecoticias.com\/medio-ambiente\/133919_como-afecta-al-medio-ambiente-extraccion-combustibles-fosiles\">afectaci\u00f3n del medio ambiente<\/a>.<\/p>\n<p>En el caso de Europa y \u00c1frica, este \u00faltimo ha sido<strong> tradicionalmente proveedor de materia prima pero no de fuentes energ\u00e9ticas<\/strong>, por lo que las sociedades de estas masas continentales necesitan por igual de las mismas. De all\u00ed que no extra\u00f1e el surgimiento de proyectos donde haya intereses energ\u00e9ticos comunes.<\/p>\n<p>Ejemplo de estos proyectos conjuntos que involucra a pa\u00edses de ambos continentes es el Corredor Sur de Hidr\u00f3geno (H2 Sur), el cual tiene como meta lograr la transici\u00f3n energ\u00e9tica y diversificaci\u00f3n de l\u00edneas de suministro.<\/p>\n<h2>Se tiende un puente gaseoso entre europeos y africanos<\/h2>\n<p>Para el abastecimiento energ\u00e9tico de los mercados europeos se ha planteado un <strong>proyecto consistente en un ducto de 3.300 kil\u00f3metros que inicia en el norte africano<\/strong> y por el cual se transportar\u00e1 hidr\u00f3geno limpio.<\/p>\n<p>La explicaci\u00f3n e inauguraci\u00f3n del proyecto en Villa Madama estar\u00e1 a cargo del canciller Antonio Tajani y Gilberto Pichetto Fratin, vicepresidente del Consejo y ministro del Medio Ambiente y Seguridad Energ\u00e9tica, respectivamente, y se contar\u00e1 con la presencia de los siguientes funcionarios nacionales e internacionales:<\/p>\n<ul>\n<li>Mohamed Arkab: Ministro de Energ\u00eda, Minas y Energ\u00edas Renovables de Argelia<\/li>\n<li>Philipp Nimmermann: Secretario de Estado del Ministerio Alem\u00e1n de Asuntos Econ\u00f3micos y Acci\u00f3n Clim\u00e1tica<\/li>\n<li>Mourad Bourehla: Embajador de T\u00fanez<\/li>\n<li>Fatma Thabet Chiboub: Representante del Ministro de Industria, Minas y Energ\u00eda<\/li>\n<li>J\u00fcrgen Schneider: Director general de la Direcci\u00f3n de Clima y Energ\u00eda del Ministerio de Protecci\u00f3n del Clima, Medio Ambiente, Energ\u00eda, Movilidad, Innovaci\u00f3n y Tecnolog\u00eda<\/li>\n<li>Juul Jorgensen: Director General de Energ\u00eda de la Comisi\u00f3n Europea<\/li>\n<li>Benoit Revaz: Secretario de Estado del Consejo Federal Suizo de Energ\u00eda<\/li>\n<\/ul>\n<p>La inauguraci\u00f3n de esta importante obra intercontinental tambi\u00e9n <strong>comprende la realizaci\u00f3n de un foro integrado por 2 paneles<\/strong>. El primero tiene como objetivo la ilustraci\u00f3n del proyecto y en el mismo intervendr\u00e1n los representantes empresariales de:<\/p>\n<ul>\n<li>Snam<\/li>\n<li>Tag y Gca (Austria)<\/li>\n<li>Bayernets (Alemania)<\/li>\n<li>Gestores de sistemas de radiodifusi\u00f3n<\/li>\n<li>Sonatrach (Argel)<\/li>\n<\/ul>\n<p>El segundo panel estar\u00e1 dedicado a la cadena de suministros industriales del hidr\u00f3geno en el que participar\u00e1n representantes de las siguientes empresas:<\/p>\n<ul>\n<li>Confindustria<\/li>\n<li>Enel Green Power<\/li>\n<li>Eni<\/li>\n<li>Federacciai<\/li>\n<li>Siemens Energy<\/li>\n<li>ThyssenKrupp<\/li>\n<li>Grupo Maire<\/li>\n<\/ul>\n<h2>Hidr\u00f3geno verde que parte del Norte de \u00c1frica hacia Europa Central<\/h2>\n<p>En el proyecto se adaptar\u00e1 un 70% de una antigua infraestructura, as\u00ed como de la Transmed el gasoducto actual entre T\u00fanez e Italia, de modo que constar\u00e1 de un <strong>30% de nueva construcci\u00f3n para una capacidad de 4 millones de toneladas<\/strong> en su conexi\u00f3n entre Mazara del Vallo con Tarvisio a trav\u00e9s de la cordillera del Tirreno.<\/p>\n<p>Este proyecto posee un alto valor estrat\u00e9gico para pa\u00edses mediterr\u00e1neos, especialmente del sur como T\u00fanez y Argelia, mientras que Italia ser\u00e1 el centro fundamental con un segmento de 2 300 kil\u00f3metros.<\/p>\n<p>En procura de obtener un sistema energ\u00e9tico resiliente el Corredor Sur del hidr\u00f3geno contribuir\u00e1 en un 40% con la obtenci\u00f3n de la meta de RePowerEu, la denominaci\u00f3n del plan de Europa dirigido al reforzamiento de la autonom\u00eda estrat\u00e9gica de la UE.<\/p>\n<p>En definitiva, los 3 300 kil\u00f3metros del corredor que unir\u00e1n a <strong>Europa<\/strong> con el continente africano es evidencia del esfuerzo estrat\u00e9gico que se est\u00e1 implementando en ambos continentes para abordar problemas complejos..<\/p>\n","protected":false},"excerpt":{"rendered":"<p>Tal vez haya m\u00e1s cosas que unan a Europa y \u00c1frica que las que separa a estos dos continentes. Aqu\u00ed &#8230; <\/p>\n<p class=\"read-more-container\"><a title=\"Europa y \u00c1frica dejar\u00e1n sus diferencias y unir\u00e1n continentes: 3300 kil\u00f3metros por una meta\" class=\"read-more button\" href=\"https:\/\/www.ecoticias.com\/hoyeco\/europa-africa-corredor-de-hidrogeno\/17396\/#more-17396\" aria-label=\"Leer m\u00e1s sobre Europa y \u00c1frica dejar\u00e1n sus diferencias y unir\u00e1n continentes: 3300 kil\u00f3metros por una meta\">Read more<\/a><\/p>\n","protected":false},"author":9,"featured_media":17429,"comment_status":"closed","ping_status":"closed","sticky":false,"template":"","format":"standard","meta":{"footnotes":""},"categories":[5],"tags":[],"class_list":["post-17396","post","type-post","status-publish","format-standard","has-post-thumbnail","hentry","category-energia","resize-featured-image"],"_links":{"self":[{"href":"https:\/\/www.ecoticias.com\/hoyeco\/wp-json\/wp\/v2\/posts\/17396","targetHints":{"allow":["GET"]}}],"collection":[{"href":"https:\/\/www.ecoticias.com\/hoyeco\/wp-json\/wp\/v2\/posts"}],"about":[{"href":"https:\/\/www.ecoticias.com\/hoyeco\/wp-json\/wp\/v2\/types\/post"}],"author":[{"embeddable":true,"href":"https:\/\/www.ecoticias.com\/hoyeco\/wp-json\/wp\/v2\/users\/9"}],"replies":[{"embeddable":true,"href":"https:\/\/www.ecoticias.com\/hoyeco\/wp-json\/wp\/v2\/comments?post=17396"}],"version-history":[{"count":0,"href":"https:\/\/www.ecoticias.com\/hoyeco\/wp-json\/wp\/v2\/posts\/17396\/revisions"}],"wp:featuredmedia":[{"embeddable":true,"href":"https:\/\/www.ecoticias.com\/hoyeco\/wp-json\/wp\/v2\/media\/17429"}],"wp:attachment":[{"href":"https:\/\/www.ecoticias.com\/hoyeco\/wp-json\/wp\/v2\/media?parent=17396"}],"wp:term":[{"taxonomy":"category","embeddable":true,"href":"https:\/\/www.ecoticias.com\/hoyeco\/wp-json\/wp\/v2\/categories?post=17396"},{"taxonomy":"post_tag","embeddable":true,"href":"https:\/\/www.ecoticias.com\/hoyeco\/wp-json\/wp\/v2\/tags?post=17396"}],"curies":[{"name":"wp","href":"https:\/\/api.w.org\/{rel}","templated":true}]}}