{"id":17785,"date":"2025-03-02T14:30:00","date_gmt":"2025-03-02T13:30:00","guid":{"rendered":"https:\/\/www.ecoticias.com\/hoyeco\/?p=17785"},"modified":"2025-03-02T14:30:00","modified_gmt":"2025-03-02T13:30:00","slug":"uber-espana-red-de-recarga","status":"publish","type":"post","link":"https:\/\/www.ecoticias.com\/hoyeco\/uber-espana-red-de-recarga\/17785\/","title":{"rendered":"Uber quer\u00eda hacer algo grande y Espa\u00f1a le ha dado la oportunidad: Revoluci\u00f3n en el transporte"},"content":{"rendered":"<p>En toda ciudad, sobre todo en las grandes urbes, la facilidad para trasladarse a diversos puntos es esencial para poder cumplir y mantener las diversas actividades que se requieren. Por eso, Uber quer\u00eda hacer algo grande, y Espa\u00f1a le ha dado la oportunidad para que inicie una nueva revoluci\u00f3n en el transporte.<\/p>\n<h2>Uber se propuso la meta grande en Espa\u00f1a<\/h2>\n<p>En Espa\u00f1a firmaron un acuerdo con la principal compa\u00f1\u00eda generadora de electricidad, cuya finalidad es la de revolucionar el transporte para estimular la movilidad el\u00e9ctrica en el pa\u00eds. Esto permitir\u00e1 que sus conductores sean favorecidos con un acceso m\u00e1s eficiente a trav\u00e9s de la aplicaci\u00f3n de la red de recarga de Endesa.<\/p>\n<p>Uber, la conocida empresa de transporte de pasajeros, se ha propuesto como meta que <strong>para el a\u00f1o 2030 todos los veh\u00edculos con los que prestan sus servicios sean el\u00e9ctricos<\/strong>, esta medida se har\u00e1 efectiva en Europa y en pa\u00edses como Canad\u00e1 y Estados Unidos. Luego, en 2040, llegar\u00e1 al resto de las 10 000 ciudades donde trabajan.<\/p>\n<h2>Un acuerdo que acercar\u00e1 el transporte al medio ambiente<\/h2>\n<p>El desarrollo de la tecnolog\u00eda ha tra\u00eddo muchas ventajas, facilita las actividades diarias y ha sido un pilar fundamental para el desarrollo de diversas empresas. Una de ellas es Uber, que por medio de su aplicaci\u00f3n permite que quienes desean trasladarse a diferentes lugares <strong>reserven su viaje de forma segura.<\/strong><\/p>\n<p>Desde hace alg\u00fan tiempo, esa empresa de transporte se ha propuesto hacer una revoluci\u00f3n en sus labores con la electrificaci\u00f3n de toda su flota. Su meta m\u00e1s cercana, para el a\u00f1o 2030, es hacerlo en Europa, Canad\u00e1 y Estados Unidos (pero China tambi\u00e9n <a href=\"https:\/\/www.ecoticias.com\/hoyeco\/china-conduccion-autonoma-transporte\/17302\/\">est\u00e1 innovando su transporte<\/a> con estas regulaciones).<\/p>\n<p>Para facilitar esa transici\u00f3n, Uber y la empresa de energ\u00eda el\u00e9ctrica de Espa\u00f1a, Endesa, han firmado un acuerdo que favorecer\u00e1 a los conductores que tienen coches el\u00e9ctricos, que se espera que lleguen a ser m\u00e1s de mil solo en Madrid. Esos <strong>trabajadores van a contar con condiciones especiales para usar la red de recarga.<\/strong><\/p>\n<p>Esa infraestructura est\u00e1 compuesta por 6200 puntos de recarga distribuidos por todo el pa\u00eds, y m\u00e1s del 42% de ellos poseen la tecnolog\u00eda de carga r\u00e1pida o ultrarr\u00e1pida. Adem\u00e1s, est\u00e1 en pleno proceso de expansi\u00f3n, pues hay 1110 m\u00e1s que est\u00e1n listos y solo falta energizarlos, mientras que otros 2100 est\u00e1n en construcci\u00f3n.<\/p>\n<p>Con el crecimiento acelerado de la red de recarga de Endesa, los conductores de veh\u00edculos el\u00e9ctricos van a poder trasladar a sus clientes sin ning\u00fan tipo de inconvenientes por diversos lugares. De esta forma, <strong>Uber realizar\u00e1 una gran contribuci\u00f3n al medioambiente<\/strong> al llevar a toda su flota a un nivel de cero emisiones.<\/p>\n<h2>Endesa fomenta la expansi\u00f3n del transporte con veh\u00edculos el\u00e9ctricos<\/h2>\n<p>Con el acuerdo logrado entre Uber y Endesa, los conductores van a tener una serie de <strong>ventajas que<\/strong> <strong>estimular\u00e1n el uso de los veh\u00edculos el\u00e9ctricos<\/strong>. Pues al usar la aplicaci\u00f3n de recarga de la empresa de energ\u00eda el\u00e9ctrica, van a tener el control de sus gastos, porque ser\u00e1n notificados de la fecha de los cambios de tarifas.<\/p>\n<p>Tambi\u00e9n podr\u00e1n adaptar los traslados a trav\u00e9s de lugares que cuenten con puntos de recarga, ser\u00e1 m\u00e1s f\u00e1cil tener a mano los preferidos por el trabajador, y algo muy importante es que tendr\u00e1n un precio especial, sin importar el tipo de tecnolog\u00eda que usen. Con estos apoyos se busca favorecer la electrificaci\u00f3n de su flota.<\/p>\n<p>Concluyendo, Espa\u00f1a le brinda a Uber todas las<strong> facilidades para la electrificaci\u00f3n de su flota<\/strong> por medio de un acuerdo con la empresa Endesa. Esta les da a los conductores varias ventajas, como la de contar con una red que est\u00e1 en pleno crecimiento (aunque se dice que el sodio y el azufre <a href=\"https:\/\/www.ecoticias.com\/hoyeco\/sodio-azufre-futuro-coche-electrico\/16960\/\">son el futuro de los el\u00e9ctricos<\/a>).<\/p>\n","protected":false},"excerpt":{"rendered":"<p>En toda ciudad, sobre todo en las grandes urbes, la facilidad para trasladarse a diversos puntos es esencial para poder &#8230; <\/p>\n<p class=\"read-more-container\"><a title=\"Uber quer\u00eda hacer algo grande y Espa\u00f1a le ha dado la oportunidad: Revoluci\u00f3n en el transporte\" class=\"read-more button\" href=\"https:\/\/www.ecoticias.com\/hoyeco\/uber-espana-red-de-recarga\/17785\/#more-17785\" aria-label=\"Leer m\u00e1s sobre Uber quer\u00eda hacer algo grande y Espa\u00f1a le ha dado la oportunidad: Revoluci\u00f3n en el transporte\">Read more<\/a><\/p>\n","protected":false},"author":6,"featured_media":17786,"comment_status":"closed","ping_status":"closed","sticky":false,"template":"","format":"standard","meta":{"footnotes":""},"categories":[6],"tags":[],"class_list":["post-17785","post","type-post","status-publish","format-standard","has-post-thumbnail","hentry","category-movilidad","resize-featured-image"],"_links":{"self":[{"href":"https:\/\/www.ecoticias.com\/hoyeco\/wp-json\/wp\/v2\/posts\/17785","targetHints":{"allow":["GET"]}}],"collection":[{"href":"https:\/\/www.ecoticias.com\/hoyeco\/wp-json\/wp\/v2\/posts"}],"about":[{"href":"https:\/\/www.ecoticias.com\/hoyeco\/wp-json\/wp\/v2\/types\/post"}],"author":[{"embeddable":true,"href":"https:\/\/www.ecoticias.com\/hoyeco\/wp-json\/wp\/v2\/users\/6"}],"replies":[{"embeddable":true,"href":"https:\/\/www.ecoticias.com\/hoyeco\/wp-json\/wp\/v2\/comments?post=17785"}],"version-history":[{"count":0,"href":"https:\/\/www.ecoticias.com\/hoyeco\/wp-json\/wp\/v2\/posts\/17785\/revisions"}],"wp:featuredmedia":[{"embeddable":true,"href":"https:\/\/www.ecoticias.com\/hoyeco\/wp-json\/wp\/v2\/media\/17786"}],"wp:attachment":[{"href":"https:\/\/www.ecoticias.com\/hoyeco\/wp-json\/wp\/v2\/media?parent=17785"}],"wp:term":[{"taxonomy":"category","embeddable":true,"href":"https:\/\/www.ecoticias.com\/hoyeco\/wp-json\/wp\/v2\/categories?post=17785"},{"taxonomy":"post_tag","embeddable":true,"href":"https:\/\/www.ecoticias.com\/hoyeco\/wp-json\/wp\/v2\/tags?post=17785"}],"curies":[{"name":"wp","href":"https:\/\/api.w.org\/{rel}","templated":true}]}}