{"id":18223,"date":"2025-03-15T14:30:18","date_gmt":"2025-03-15T13:30:18","guid":{"rendered":"https:\/\/www.ecoticias.com\/hoyeco\/?p=18223"},"modified":"2025-03-15T14:30:18","modified_gmt":"2025-03-15T13:30:18","slug":"elon-musk-sequia-energetica","status":"publish","type":"post","link":"https:\/\/www.ecoticias.com\/hoyeco\/elon-musk-sequia-energetica\/18223\/","title":{"rendered":"Elon Musk da ultim\u00e1tum a la humanidad: Viene una sequ\u00eda y no ser\u00e1 de agua, ser\u00e1 de algo m\u00e1s vital"},"content":{"rendered":"<p>En la actualidad, el mundo enfrenta la peor crisis de su historia y, lo peor, es que ha sido causada por nuestras acciones sin conciencia contra el medio ambiente. Ello ha provocado que la naturaleza nos pase factura, al respecto Elon Musk nos da un ultim\u00e1tum y debemos escucharlo por nuestro bien.<\/p>\n<h2>La Tierra enfrenta una posible sequ\u00eda<\/h2>\n<p>Se ha hablado mucho de una escasez de agua que sobrevendr\u00eda por causa del cambio clim\u00e1tico y alteraci\u00f3n de las fuentes de este l\u00edquido, sin embargo, tambi\u00e9n hay otros recursos que corren peligro y que afectar\u00e1n a la humanidad. Aunque no sea tan grave como la del agua, si perjudicar\u00e1 nuestro modo de vida.<\/p>\n<p>Al respecto, el CEO de SpaceX y Tesla, Elon Musk advierte y dice que podr\u00eda significar <strong>el fin del mundo tal y como lo conocemos<\/strong>. De hecho, es un ultim\u00e1tum que todos los pa\u00edses y sus ciudadanos no deben pasar por alto y que nos hace reflexionar sobre un futuro no muy halag\u00fce\u00f1o si se cumplen estas predicciones.<\/p>\n<h2>El ultim\u00e1tum de Elon Musk sobre la escasez de este recurso<\/h2>\n<p>En el cierre del evento Bosch Connected World, el cual reuni\u00f3 a expertos, empresarios y desarrolladores del mundo de la tecnolog\u00eda, Elon Musk hizo una advertencia que dej\u00f3 a todos reflexionando. Respecto a la escasez de un recurso que es vital para la vida humana, <strong>como lo es la electricidad<\/strong>.<\/p>\n<p>Esta afirmaci\u00f3n, que el empresario puso sobre la mesa, dice que la sequ\u00eda el\u00e9ctrica afectar\u00e1 a la humanidad porque ser\u00e1 imposible la generaci\u00f3n para poder alimentar todos los procesadores de la Tierra. Espec\u00edficamente los que est\u00e1n asociados, directa o indirectamente, con la Inteligencia Artificial.<\/p>\n<p>Al ser incapaces los sistemas de cubrir la demanda, el estilo de vida tal y como lo conocemos cambiar\u00eda dr\u00e1sticamente y se producir\u00eda<strong> un atraso de d\u00e9cadas compar\u00e1ndolo con los avances actuales<\/strong> (aunque para evitar esto Europa y Espa\u00f1a est\u00e1n proponiendo demorar el <a href=\"https:\/\/www.ecoticias.com\/hoyeco\/espana-cerrar-centrales-nucleares\/15553\/\">cierre de sus centrales nucleares<\/a>).<\/p>\n<p>Lo que m\u00e1s inquieta es que el empresario dice que esta escasez puede empezar a notarse este 2025. De hecho, una parte que demuestra esta teor\u00eda, es la fabricaci\u00f3n de nuevos procesadores m\u00e1s poderosos que consumen mayor potencia el\u00e9ctrica, al igual que los equipos y partes para su funcionamiento.<\/p>\n<p>Ahora, esta fabricaci\u00f3n se multiplica por un factor de 10 todos los semestres lo que tambi\u00e9n es \u00edndice de una mayor demanda energ\u00e9tica. De seguir a este ritmo, la capacidad de las instalaciones generadoras de electricidad se ver\u00eda comprometida por la imposibilidad de satisfacer estas exigencias.<\/p>\n<p>Esta advertencia de Elon Musk no es nueva, tampoco es infundada. Como prueba est\u00e1n las acciones que emprenden las grandes corporaciones tecnol\u00f3gicas, entre ellas est\u00e1n Google, Microsoft y Amazon, quienes han establecido alianzas para tener <strong>electricidad a trav\u00e9s de plantas nucleares<\/strong>.<\/p>\n<h2>Las energ\u00edas renovables no tendr\u00e1n la capacidad de generar toda la electricidad que necesitamos<\/h2>\n<p>Las energ\u00edas renovables como la e\u00f3lica y la fotovoltaica generan electricidad para diversos usos en la industria y para la tecnolog\u00eda, pero todav\u00eda <strong>no tienen la capacidad de absorber esta enorme demanda<\/strong>. La \u00fanica manera de salir de este atolladero es que el mundo tome acciones contundentes e inmediatas como dice Elon Musk.<\/p>\n<p>Las cuales deben estar orientadas a aumentar la capacidad y disponibilidad de electricidad, puesto que no se puede hablar de reducir la demanda porque ello significar\u00eda un atraso tecnol\u00f3gico en el mundo, Una de las medidas a tomar ser\u00eda invertir mucho m\u00e1s, desde ahora, en la construcci\u00f3n de plantas de energ\u00edas renovables.<\/p>\n<p>En conclusi\u00f3n, la advertencia de Elon Musk sobre la posibilidad de una sequ\u00eda energ\u00e9tica donde la electricidad se haga un bien escaso no debe caer en saco roto y desde ya se deben tomar acciones (el mundo ha comenzado a mirar hacia el espacio para construir la <a href=\"https:\/\/www.ecoticias.com\/hoyeco\/central-energetica-espacial\/5276\/\">primera planta energ\u00e9tica espacial<\/a>).<\/p>\n","protected":false},"excerpt":{"rendered":"<p>En la actualidad, el mundo enfrenta la peor crisis de su historia y, lo peor, es que ha sido causada &#8230; <\/p>\n<p class=\"read-more-container\"><a title=\"Elon Musk da ultim\u00e1tum a la humanidad: Viene una sequ\u00eda y no ser\u00e1 de agua, ser\u00e1 de algo m\u00e1s vital\" class=\"read-more button\" href=\"https:\/\/www.ecoticias.com\/hoyeco\/elon-musk-sequia-energetica\/18223\/#more-18223\" aria-label=\"Leer m\u00e1s sobre Elon Musk da ultim\u00e1tum a la humanidad: Viene una sequ\u00eda y no ser\u00e1 de agua, ser\u00e1 de algo m\u00e1s vital\">Read more<\/a><\/p>\n","protected":false},"author":6,"featured_media":18224,"comment_status":"closed","ping_status":"closed","sticky":false,"template":"","format":"standard","meta":{"footnotes":""},"categories":[5],"tags":[],"class_list":["post-18223","post","type-post","status-publish","format-standard","has-post-thumbnail","hentry","category-energia","resize-featured-image"],"_links":{"self":[{"href":"https:\/\/www.ecoticias.com\/hoyeco\/wp-json\/wp\/v2\/posts\/18223","targetHints":{"allow":["GET"]}}],"collection":[{"href":"https:\/\/www.ecoticias.com\/hoyeco\/wp-json\/wp\/v2\/posts"}],"about":[{"href":"https:\/\/www.ecoticias.com\/hoyeco\/wp-json\/wp\/v2\/types\/post"}],"author":[{"embeddable":true,"href":"https:\/\/www.ecoticias.com\/hoyeco\/wp-json\/wp\/v2\/users\/6"}],"replies":[{"embeddable":true,"href":"https:\/\/www.ecoticias.com\/hoyeco\/wp-json\/wp\/v2\/comments?post=18223"}],"version-history":[{"count":0,"href":"https:\/\/www.ecoticias.com\/hoyeco\/wp-json\/wp\/v2\/posts\/18223\/revisions"}],"wp:featuredmedia":[{"embeddable":true,"href":"https:\/\/www.ecoticias.com\/hoyeco\/wp-json\/wp\/v2\/media\/18224"}],"wp:attachment":[{"href":"https:\/\/www.ecoticias.com\/hoyeco\/wp-json\/wp\/v2\/media?parent=18223"}],"wp:term":[{"taxonomy":"category","embeddable":true,"href":"https:\/\/www.ecoticias.com\/hoyeco\/wp-json\/wp\/v2\/categories?post=18223"},{"taxonomy":"post_tag","embeddable":true,"href":"https:\/\/www.ecoticias.com\/hoyeco\/wp-json\/wp\/v2\/tags?post=18223"}],"curies":[{"name":"wp","href":"https:\/\/api.w.org\/{rel}","templated":true}]}}