{"id":1838,"date":"2024-01-26T17:06:04","date_gmt":"2024-01-26T16:06:04","guid":{"rendered":"https:\/\/ecoticias.com\/hoyeco\/?p=1838"},"modified":"2024-01-26T17:06:04","modified_gmt":"2024-01-26T16:06:04","slug":"autocar-de-hidrogeno-cero-emisiones","status":"publish","type":"post","link":"https:\/\/www.ecoticias.com\/hoyeco\/autocar-de-hidrogeno-cero-emisiones\/1838\/","title":{"rendered":"Este es el primer autocar de hidr\u00f3geno cero emisiones del mundo: autonom\u00eda de 1000 km, se recarga en 20 minutos y es espa\u00f1ol"},"content":{"rendered":"<p>El transporte sigue siendo la piedra angular de las ciudades del futuro. Desde Roma (que acaba de lanzar <a href=\"https:\/\/ecoticias.com\/hoyeco\/transporte-publico-roma\/1513\/\" target=\"_blank\" rel=\"noopener\">la primera flota de autobuses no contaminantes<\/a>) hasta Madrid, todas tratan de dar con la clave. Sin embargo, ha sido una empresa la que ha desarrollado el primer\u00a0<strong>autocar de hidr\u00f3geno<\/strong>, y nadie se hab\u00eda dado cuenta de la enorme oportunidad que supone&#8230; hasta ahora.<\/p>\n<h2>\u00bfCu\u00e1ndo alcanzaremos la sostenibilidad en el transporte p\u00fablico? El eterno debate<\/h2>\n<p>El transporte sostenible, esencial para reducir la huella ambiental, enfrenta desaf\u00edos en su integraci\u00f3n. La movilidad con bajo impacto ambiental se vuelve imperativa, con un llamado global del secretario general de la ONU para <strong>lograr emisiones cero en el transporte<\/strong> antes de 2050.<\/p>\n<p>Las alternativas sostenibles se presentan como la clave para mejorar la calidad del aire en las ciudades y mitigar el cambio clim\u00e1tico. Desde la perspectiva de las Naciones Unidas, la sostenibilidad en el transporte es un desaf\u00edo apremiante. Antonio Guterres, secretario general de las Naciones Unidas, fue muy tajante.<\/p>\n<p>El mandatario (porque lo es casi <em>de facto<\/em>) ha destacado que aproximadamente el 25 % de las emisiones de gases de efecto invernadero provienen del sector del transporte. La necesidad de reducir estas emisiones ha llevado a la <strong>b\u00fasqueda de soluciones m\u00e1s limpias y eficientes<\/strong>.<\/p>\n<h2>El autocar de hidr\u00f3geno que no produce emisiones contaminantes<\/h2>\n<p>El Irizar i6S Efficient de hidr\u00f3geno, galardonado como Autocar del A\u00f1o 2024 en Espa\u00f1a, tiene el prestigio de ser reconocido como el pionero en cero emisiones. Desarrollado por la compa\u00f1\u00eda Irizar en colaboraci\u00f3n con expertos tecnol\u00f3gicos, este veh\u00edculo revoluciona la eficiencia operativa y la experiencia de viaje.<\/p>\n<p>Su dise\u00f1o vanguardista no solo reduce las emisiones, sino que redefine el est\u00e1ndar de conectividad, seguridad y confort. De hecho, <strong>deja el list\u00f3n bastante alto para los dem\u00e1s fabricantes<\/strong>, que no han sido capaces de combinar sostenibilidad con potencia y, por supuesto, capacidad de pasajeros.<\/p>\n<p>La innovaci\u00f3n de Irizar ha sido reconocida con el Premio Autocar del A\u00f1o 2024 en Espa\u00f1a, una distinci\u00f3n que la compa\u00f1\u00eda ha recibido por novena vez. Este logro subraya la constante b\u00fasqueda de la excelencia y la capacidad de Irizar para liderar la industria en la creaci\u00f3n de soluciones de transporte sostenible.<\/p>\n<h2>Una autonom\u00eda de 1000 kil\u00f3metros y recarga r\u00e1pida: c\u00f3mo es este autocar<\/h2>\n<p>El Irizar i6S Efficient Hidr\u00f3geno no solo es respetuoso con el medioambiente, sino que <strong>redefine la autonom\u00eda y la velocidad de recarga<\/strong>. Con la capacidad de recorrer hasta 1000 km con una carga y recargarse en solo 20 minutos, rompe las barreras tradicionales de los veh\u00edculos el\u00e9ctricos y reposiciona al hidr\u00f3geno.<\/p>\n<p>Su dise\u00f1o aerodin\u00e1mico, renovado frontal y sistema de visi\u00f3n digital contribuyen no solo a la eficiencia, sino a la comodidad del conductor y pasajeros. Est\u00e1 pensado para las grandes ciudades, aunque podr\u00eda exportarse su modelo a autocares m\u00e1s peque\u00f1os con el fin de adaptarlo a pueblos o islas.<\/p>\n<p>Este veh\u00edculo <strong>marca un salto cualitativo en la autonom\u00eda<\/strong> de los veh\u00edculos de hidr\u00f3geno, un aspecto cr\u00edtico para su viabilidad en el mercado. La capacidad de cubrir distancias significativas sin comprometer la eficiencia energ\u00e9tica es un hito notable en la evoluci\u00f3n de la tecnolog\u00eda de veh\u00edculos limpios.<\/p>\n<p>El hecho de que se cargue en veinte minutos responde a una de las demandas que la sociedad tiene. Recordar\u00e1s que los autom\u00f3viles tambi\u00e9n pueden hacerlo en poco tiempo, incluso en la cuarta parte. Sin embargo, volver\u00edamos al problema del que hemos hablado en otras ocasiones: la cristalizaci\u00f3n de las bater\u00edas.<\/p>\n<p>Lo cierto es que, incluso sin abrazar la descarbonizaci\u00f3n por completo, el sector del transporte sabe bien por d\u00f3nde debe seguir innovando. Lo demostraron con este\u00a0<strong>autocar de hidr\u00f3geno<\/strong> y lo hicieron hace poco con <a href=\"https:\/\/ecoticias.com\/hoyeco\/moto-tesla-equipada-sentido\/1602\/\" target=\"_blank\" rel=\"noopener\">la primera moto equipada con \u00absentido de la vista\u00bb<\/a>. \u00bfTe imaginas llevarla y parecer que est\u00e1s pilotando en una pel\u00edcula de ciencia ficci\u00f3n? Pues es algo parecido, te lo adelantamos.<\/p>\n","protected":false},"excerpt":{"rendered":"<p>El transporte sigue siendo la piedra angular de las ciudades del futuro. Desde Roma (que acaba de lanzar la primera &#8230; <\/p>\n<p class=\"read-more-container\"><a title=\"Este es el primer autocar de hidr\u00f3geno cero emisiones del mundo: autonom\u00eda de 1000 km, se recarga en 20 minutos y es espa\u00f1ol\" class=\"read-more button\" href=\"https:\/\/www.ecoticias.com\/hoyeco\/autocar-de-hidrogeno-cero-emisiones\/1838\/#more-1838\" aria-label=\"Leer m\u00e1s sobre Este es el primer autocar de hidr\u00f3geno cero emisiones del mundo: autonom\u00eda de 1000 km, se recarga en 20 minutos y es espa\u00f1ol\">Read more<\/a><\/p>\n","protected":false},"author":2,"featured_media":1922,"comment_status":"closed","ping_status":"closed","sticky":false,"template":"","format":"standard","meta":{"footnotes":""},"categories":[6],"tags":[],"class_list":["post-1838","post","type-post","status-publish","format-standard","has-post-thumbnail","hentry","category-movilidad","resize-featured-image"],"_links":{"self":[{"href":"https:\/\/www.ecoticias.com\/hoyeco\/wp-json\/wp\/v2\/posts\/1838","targetHints":{"allow":["GET"]}}],"collection":[{"href":"https:\/\/www.ecoticias.com\/hoyeco\/wp-json\/wp\/v2\/posts"}],"about":[{"href":"https:\/\/www.ecoticias.com\/hoyeco\/wp-json\/wp\/v2\/types\/post"}],"author":[{"embeddable":true,"href":"https:\/\/www.ecoticias.com\/hoyeco\/wp-json\/wp\/v2\/users\/2"}],"replies":[{"embeddable":true,"href":"https:\/\/www.ecoticias.com\/hoyeco\/wp-json\/wp\/v2\/comments?post=1838"}],"version-history":[{"count":0,"href":"https:\/\/www.ecoticias.com\/hoyeco\/wp-json\/wp\/v2\/posts\/1838\/revisions"}],"wp:featuredmedia":[{"embeddable":true,"href":"https:\/\/www.ecoticias.com\/hoyeco\/wp-json\/wp\/v2\/media\/1922"}],"wp:attachment":[{"href":"https:\/\/www.ecoticias.com\/hoyeco\/wp-json\/wp\/v2\/media?parent=1838"}],"wp:term":[{"taxonomy":"category","embeddable":true,"href":"https:\/\/www.ecoticias.com\/hoyeco\/wp-json\/wp\/v2\/categories?post=1838"},{"taxonomy":"post_tag","embeddable":true,"href":"https:\/\/www.ecoticias.com\/hoyeco\/wp-json\/wp\/v2\/tags?post=1838"}],"curies":[{"name":"wp","href":"https:\/\/api.w.org\/{rel}","templated":true}]}}