{"id":19227,"date":"2025-04-02T17:00:37","date_gmt":"2025-04-02T15:00:37","guid":{"rendered":"https:\/\/www.ecoticias.com\/hoyeco\/?p=19227"},"modified":"2025-04-02T17:00:37","modified_gmt":"2025-04-02T15:00:37","slug":"europa-plan-internet-satelital","status":"publish","type":"post","link":"https:\/\/www.ecoticias.com\/hoyeco\/europa-plan-internet-satelital\/19227\/","title":{"rendered":"Europa ya no conf\u00eda en Elon Musk: Tiene un plan, involucra todo el planeta y Espa\u00f1a lidera"},"content":{"rendered":"<p>La animadversi\u00f3n que est\u00e1 despertando Elon Musk en toda <strong>Europa<\/strong> ha llevado a que los pa\u00edses del viejo continente conciban un plan algo arriesgado para sustituir uno de los servicios m\u00e1s rentables que posee el pol\u00e9mico multimillonario. Aqu\u00ed te contaremos todos los detalles de esta planificaci\u00f3n y sus implicaciones.<\/p>\n<h2>La sustituci\u00f3n del servicio de internet satelital que Musk ofrece a los europeos<\/h2>\n<p>Procurando alcanzar una mayor autonom\u00eda en conectividad y evitar la dependencia tecnol\u00f3gica estadounidense que est\u00e1 representada en la prestaci\u00f3n de servicio satelital por la <a href=\"https:\/\/www.ecoticias.com\/hoyeco\/elon-musk-problemas-por-spacex\/11740\/\">compa\u00f1\u00eda SpaceX propiedad de Elon<\/a>, en el viejo continente se est\u00e1 gestando la idea de crear una medida alternativa a esta conexi\u00f3n.<\/p>\n<p>El <strong>servicio satelital ofrecido por el multimillonario de origen sudafricano<\/strong> se centra en IoT o Internet de las cosas, permitiendo el funcionamiento\u00a0 en \u00e1reas donde no existe conexi\u00f3n de telefon\u00eda celular o Wi-Fi de diferentes sensores y dispositivos con una amplia diversidad de aplicaciones agr\u00edcolas, industriales, militares, entre otras.<\/p>\n<p>Aunque SpaceX tiene una mayor capacidad de operaci\u00f3n porque construye sus sat\u00e9lites y es la \u00fanica compa\u00f1\u00eda de su tipo que aterriza sus impulsores, no pudiendo competir con ella ninguna de las opciones de las que actualmente dispone Europa, esto no ha evitado que Espa\u00f1a se una al plan de sustituci\u00f3n que se pondr\u00e1 en ejecuci\u00f3n pr\u00f3ximamente.<\/p>\n<h2><span data-sheets-root=\"1\">Los espa\u00f1oles son parte importante del plan que se est\u00e1 urdiendo en contra del due\u00f1o de Tesla<\/span><\/h2>\n<p>Espa\u00f1a se inclina por mantener en la \u00f3rbita terrestre inferior un activo fundamental, mientras que el sector industrial de <strong>Europa desea liberarse de la influencia satelital estadounidense<\/strong> que ejerce el colosal conjunto de sat\u00e9lites que conforman la red Starlink, dejando claramente desguarnecido al viejo continente.<\/p>\n<p>El objetivo espa\u00f1ol es la creaci\u00f3n de una empresa satelital 5G destinada para el internet de las cosas denominada Sateliot y una inversi\u00f3n de 13,85 millones de euros asignados por el Plan de Recuperaci\u00f3n, Transformaci\u00f3n y Resiliencia como parte del Next Tech, un fondo administrado por Sociedad Espa\u00f1ola para la Transformaci\u00f3n Tecnol\u00f3gica o SETT.<\/p>\n<p>Espa\u00f1a ya figuraba en Sateliot a trav\u00e9s de la participaci\u00f3n de la compa\u00f1\u00eda p\u00fablica Sepides, due\u00f1a de un capital accionario de 4,69%, pero ahora <strong>se incrementa una decena de veces la inversi\u00f3n en el Starlink futur\u00edstico de Europa<\/strong> y en la que ya se dispone de acuerdos con compa\u00f1\u00edas como Telef\u00f3nica y Amazon Web Services.<\/p>\n<h2>Se desborda por todo el mundo: Dentro de poco los CubeSats cubrir\u00e1n toda la Tierra<\/h2>\n<p>Esta empresa creada en 2018 tiene a su cargo una red de 6 nanosat\u00e9lites o CubeSats con capacidad para operar a 600 kil\u00f3metros de altitud y con posibilidad de conexi\u00f3n de dispositivo IoT con compatibilidad\u00a0 est\u00e1ndar \u00abRel 17\u00bb NTN, suficiente para brindar una oferta de conectividad SG destinado al Internet de las cosas a partir de la \u00f3rbita terrestre a baja altura atendiendo las siguientes \u00e1reas:<\/p>\n<ul>\n<li>Agricultura: dispositivos de riego, fertilizantes, etc.<\/li>\n<li>Ganader\u00eda: Geolocalizaci\u00f3n de animales<\/li>\n<li>Log\u00edstica: Camiones y barcos<\/li>\n<li>Infraestructura industrial<\/li>\n<li>Energ\u00edas renovables<\/li>\n<\/ul>\n<p data-mrf-recirculation=\"Article links\">Aunque Sateliot no cubre banda ancha de la manera como hace Starlink <strong>se trata de un negocio de millonarias cifras porque cubre amplias zonas<\/strong> que no poseen cobertura celular y que se ampliar\u00e1n a\u00fan m\u00e1s cuando en 2026 coloquen en \u00f3rbita 250 sat\u00e9lites o CubeSat para alcanzar una cobertura casi total, lo que les permitir\u00eda alcanzar con aliados comerciales:<\/p>\n<ul>\n<li data-mrf-recirculation=\"Article links\">Una facturaci\u00f3n de 270 millones de euros anuales<\/li>\n<li data-mrf-recirculation=\"Article links\">Ingresos por mil millones de euros cada a\u00f1o<\/li>\n<\/ul>\n<p><span data-sheets-root=\"1\">En conclusi\u00f3n, con la <a href=\"https:\/\/www.ecoticias.com\/hoyeco\/starlink-elon-musk-espana\/11951\/\">desconfianza que genera Elon Musk a Europa<\/a>\u00a0es una excelente idea el desarrollo de un plan que entrar\u00e1 en operaci\u00f3n desde 2027 con un presupuesto de inversi\u00f3n de 10 000 millones de euros y que tiene como objetivo poner en \u00f3rbita un conjunto de sat\u00e9lites como alternativa al servicio prestado por Starlink.<\/span><\/p>\n","protected":false},"excerpt":{"rendered":"<p>La animadversi\u00f3n que est\u00e1 despertando Elon Musk en toda Europa ha llevado a que los pa\u00edses del viejo continente conciban &#8230; <\/p>\n<p class=\"read-more-container\"><a title=\"Europa ya no conf\u00eda en Elon Musk: Tiene un plan, involucra todo el planeta y Espa\u00f1a lidera\" class=\"read-more button\" href=\"https:\/\/www.ecoticias.com\/hoyeco\/europa-plan-internet-satelital\/19227\/#more-19227\" aria-label=\"Leer m\u00e1s sobre Europa ya no conf\u00eda en Elon Musk: Tiene un plan, involucra todo el planeta y Espa\u00f1a lidera\">Read more<\/a><\/p>\n","protected":false},"author":9,"featured_media":19229,"comment_status":"closed","ping_status":"closed","sticky":false,"template":"","format":"standard","meta":{"footnotes":""},"categories":[2],"tags":[],"class_list":["post-19227","post","type-post","status-publish","format-standard","has-post-thumbnail","hentry","category-actualidad","resize-featured-image"],"_links":{"self":[{"href":"https:\/\/www.ecoticias.com\/hoyeco\/wp-json\/wp\/v2\/posts\/19227","targetHints":{"allow":["GET"]}}],"collection":[{"href":"https:\/\/www.ecoticias.com\/hoyeco\/wp-json\/wp\/v2\/posts"}],"about":[{"href":"https:\/\/www.ecoticias.com\/hoyeco\/wp-json\/wp\/v2\/types\/post"}],"author":[{"embeddable":true,"href":"https:\/\/www.ecoticias.com\/hoyeco\/wp-json\/wp\/v2\/users\/9"}],"replies":[{"embeddable":true,"href":"https:\/\/www.ecoticias.com\/hoyeco\/wp-json\/wp\/v2\/comments?post=19227"}],"version-history":[{"count":0,"href":"https:\/\/www.ecoticias.com\/hoyeco\/wp-json\/wp\/v2\/posts\/19227\/revisions"}],"wp:featuredmedia":[{"embeddable":true,"href":"https:\/\/www.ecoticias.com\/hoyeco\/wp-json\/wp\/v2\/media\/19229"}],"wp:attachment":[{"href":"https:\/\/www.ecoticias.com\/hoyeco\/wp-json\/wp\/v2\/media?parent=19227"}],"wp:term":[{"taxonomy":"category","embeddable":true,"href":"https:\/\/www.ecoticias.com\/hoyeco\/wp-json\/wp\/v2\/categories?post=19227"},{"taxonomy":"post_tag","embeddable":true,"href":"https:\/\/www.ecoticias.com\/hoyeco\/wp-json\/wp\/v2\/tags?post=19227"}],"curies":[{"name":"wp","href":"https:\/\/api.w.org\/{rel}","templated":true}]}}