{"id":19347,"date":"2025-04-07T16:30:48","date_gmt":"2025-04-07T14:30:48","guid":{"rendered":"https:\/\/www.ecoticias.com\/hoyeco\/?p=19347"},"modified":"2025-04-07T16:30:48","modified_gmt":"2025-04-07T14:30:48","slug":"espana-centrales-nucleares-2","status":"publish","type":"post","link":"https:\/\/www.ecoticias.com\/hoyeco\/espana-centrales-nucleares-2\/19347\/","title":{"rendered":"La cat\u00e1strofe que podr\u00eda apagar las luces en Espa\u00f1a: Todo depende de una decisi\u00f3n"},"content":{"rendered":"<p>Si se contin\u00faa con una decisi\u00f3n tomada hace tiempo atr\u00e1s esto podr\u00eda derivar en una cat\u00e1strofe en el sector el\u00e9ctrico de <strong>Espa\u00f1a<\/strong>, es lo que ha advertido uno de los principales responsables de este servicio esencial. Aqu\u00ed analizaremos la situaci\u00f3n con base a dichas declaraciones y sus posibles consecuencias.<\/p>\n<h2>A esto se refiere cuando habla de la situaci\u00f3n de cat\u00e1strofe que acabar\u00e1 con las luces de Espa\u00f1a<\/h2>\n<p>Por experiencia se sabe que ninguna situaci\u00f3n es definitiva y todo puede estar sujeto a cambios y el panorama mundial no es la excepci\u00f3n. A\u00f1os atr\u00e1s <strong>ante la ocurrencia de desastres se produjo un intenso debate<\/strong> que dio como resultado una decisi\u00f3n que hoy d\u00eda luce claramente controvertida.<\/p>\n<p>Aunque todav\u00eda se mantienen en el recuerdo los eventos que llevaron a la decisi\u00f3n tomada en aquel entonces, las circunstancias econ\u00f3micas y geopol\u00edticas en el mundo han cambiado y lo que se pens\u00f3 como una soluci\u00f3n necesaria hoy d\u00eda podr\u00eda asumirse como una acci\u00f3n que profundizar\u00e1 una problem\u00e1tica.<\/p>\n<p>Al menos esto es lo que asegura Ignacio S\u00e1nchez Gal\u00e1n, <a href=\"https:\/\/www.ecoticias.com\/co2\/insostenibles-vuelos-negocios-acciona-iberdrola-verdes\">presidente de Iberdrola<\/a>, cuando en declaraciones vertidas en <em>Europa Press<\/em> se\u00f1ala la <strong>posibilidad de que se disparen los precios de la electricidad<\/strong> si se contin\u00faa con el cronograma de cierre de las centrales nucleares que se encuentran operativas hasta la fecha en Espa\u00f1a.<\/p>\n<h2>\u00bfQu\u00e9 ha cambiado desde que se tom\u00f3 la decisi\u00f3n de cerrar las plantas nucleares?<\/h2>\n<p>Es notable el giro que se ha producido en los \u00faltimos a\u00f1os a favor de seguir manteniendo operativas o reabrir las plantas nucleares que ya hab\u00edas sido desmanteladas en Alemania, Estados Unidos y B\u00e9lgica, pero \u00bfCu\u00e1l ha podido ser la raz\u00f3n que ha llevado a reflexionar sobre la medida de cierre y en la posibilidad de detener el cronograma elaborado?<\/p>\n<p>Con base a un informe de PwC, el presidente de Iberdrola justifica la necesidad de revertir la decisi\u00f3n en el <strong>posible incremento que tendr\u00e1n los precios del sector el\u00e9ctrico<\/strong> en Espa\u00f1a una vez que se produzca el cierre de las plantas nucleares, alcanzando un precio aproximado de 37 euros por MWh.<\/p>\n<p>En aquella oportunidad cuando se program\u00f3 el cierre ordenado del parque nuclear espa\u00f1ol entre 2027 y 2035 no se pens\u00f3 que\u00a0la producci\u00f3n de todas las plantas tendr\u00eda que ser sustituida por tecnolog\u00edas de un elevad\u00edsimo coste variable como el de las instalaciones de ciclo combinado de gas natural.<\/p>\n<h2>Esto es lo que le va a costar a los espa\u00f1oles el cierre de las instalaciones de energ\u00eda limpia<\/h2>\n<p>En el calendario de la clausura nuclear que se elabor\u00f3 en 2019 se <strong>propuso el inicio con el cierre de la planta de Almaraz en 2027<\/strong>, luego seguir\u00eda la de Trillo en 2035. Este programa se dise\u00f1\u00f3 con apoyo gubernamental y la participaci\u00f3n de estas\u00a0compa\u00f1\u00edas del sector el\u00e9ctrico:<\/p>\n<ul>\n<li>Iberdrola<\/li>\n<li>Endesa<\/li>\n<li>Naturgy<\/li>\n<li>EDP<\/li>\n<li>Enresa<\/li>\n<\/ul>\n<p>Sin embargo, hace poco Iberdrola y Endesa pidieron p\u00fablicamente al Gobierno reconsiderar el cronograma, indicando que la clausura de los reactores nucleares derivar\u00e1n en el severo incremento de la factura el\u00e9ctrica en los sectores dom\u00e9stico e industrial, suponiendo una alza media de al menos 50% en el precio de la energ\u00eda.<\/p>\n<p>El incremento previsto por el cierre definitivo de las centrales todav\u00eda operativas, seg\u00fan an\u00e1lisis de PwC, hace suponer que la <strong>factura del servicio el\u00e9ctrico se ubicar\u00e1 en 37 euros por MWh<\/strong>, y esto se traduce a que de los 62,9 euros\/MWh del a\u00f1o pasado se pagar\u00eda este a\u00f1o 99,7 euros\/MWh, todo lo cual significar\u00eda en materia de costes:<\/p>\n<ul>\n<li>58% de incremento en la tarifa<\/li>\n<li>23% en la factura de hogares y pymes<\/li>\n<li>35% en el recibo de la industria<\/li>\n<\/ul>\n<p>En conclusi\u00f3n, de mantenerse la decisi\u00f3n del cierre programado de las instalaciones nucleares existe la posibilidad de provocar un<span data-sheets-root=\"1\">a subida tal en el <a href=\"https:\/\/www.ecoticias.com\/hoyeco\/precio-de-la-luz-aumenta-espana\/15375\/\">precio en la factura del servicio el\u00e9ctrico<\/a> que pr\u00e1cticamente significar\u00eda una cat\u00e1strofe econ\u00f3mica para residentes y empresas de <strong>Espa\u00f1a<\/strong>.<\/span><\/p>\n","protected":false},"excerpt":{"rendered":"<p>Si se contin\u00faa con una decisi\u00f3n tomada hace tiempo atr\u00e1s esto podr\u00eda derivar en una cat\u00e1strofe en el sector el\u00e9ctrico &#8230; <\/p>\n<p class=\"read-more-container\"><a title=\"La cat\u00e1strofe que podr\u00eda apagar las luces en Espa\u00f1a: Todo depende de una decisi\u00f3n\" class=\"read-more button\" href=\"https:\/\/www.ecoticias.com\/hoyeco\/espana-centrales-nucleares-2\/19347\/#more-19347\" aria-label=\"Leer m\u00e1s sobre La cat\u00e1strofe que podr\u00eda apagar las luces en Espa\u00f1a: Todo depende de una decisi\u00f3n\">Read more<\/a><\/p>\n","protected":false},"author":9,"featured_media":19361,"comment_status":"closed","ping_status":"closed","sticky":false,"template":"","format":"standard","meta":{"footnotes":""},"categories":[5],"tags":[],"class_list":["post-19347","post","type-post","status-publish","format-standard","has-post-thumbnail","hentry","category-energia","resize-featured-image"],"_links":{"self":[{"href":"https:\/\/www.ecoticias.com\/hoyeco\/wp-json\/wp\/v2\/posts\/19347","targetHints":{"allow":["GET"]}}],"collection":[{"href":"https:\/\/www.ecoticias.com\/hoyeco\/wp-json\/wp\/v2\/posts"}],"about":[{"href":"https:\/\/www.ecoticias.com\/hoyeco\/wp-json\/wp\/v2\/types\/post"}],"author":[{"embeddable":true,"href":"https:\/\/www.ecoticias.com\/hoyeco\/wp-json\/wp\/v2\/users\/9"}],"replies":[{"embeddable":true,"href":"https:\/\/www.ecoticias.com\/hoyeco\/wp-json\/wp\/v2\/comments?post=19347"}],"version-history":[{"count":0,"href":"https:\/\/www.ecoticias.com\/hoyeco\/wp-json\/wp\/v2\/posts\/19347\/revisions"}],"wp:featuredmedia":[{"embeddable":true,"href":"https:\/\/www.ecoticias.com\/hoyeco\/wp-json\/wp\/v2\/media\/19361"}],"wp:attachment":[{"href":"https:\/\/www.ecoticias.com\/hoyeco\/wp-json\/wp\/v2\/media?parent=19347"}],"wp:term":[{"taxonomy":"category","embeddable":true,"href":"https:\/\/www.ecoticias.com\/hoyeco\/wp-json\/wp\/v2\/categories?post=19347"},{"taxonomy":"post_tag","embeddable":true,"href":"https:\/\/www.ecoticias.com\/hoyeco\/wp-json\/wp\/v2\/tags?post=19347"}],"curies":[{"name":"wp","href":"https:\/\/api.w.org\/{rel}","templated":true}]}}