{"id":19404,"date":"2025-04-12T15:30:10","date_gmt":"2025-04-12T13:30:10","guid":{"rendered":"https:\/\/www.ecoticias.com\/hoyeco\/?p=19404"},"modified":"2025-04-12T15:30:10","modified_gmt":"2025-04-12T13:30:10","slug":"30-segundos-cohete-spectrum","status":"publish","type":"post","link":"https:\/\/www.ecoticias.com\/hoyeco\/30-segundos-cohete-spectrum\/19404\/","title":{"rendered":"El sue\u00f1o espacial europeo que solo dur\u00f3 30 segundos: Qu\u00e9 fue lo que ocurri\u00f3"},"content":{"rendered":"<p>Volar al espacio exterior ha sido un sue\u00f1o que ha tenido el hombre desde la primera vez que levant\u00f3 su mirada para contemplar el firmamento. Es por ello que siempre ha estado intentando cumplirlo mediante el invento de muchos artilugios que van desde los dise\u00f1os de Leonardo da Vinci hasta los modernos cohetes. En este \u00faltimo sentido, Europa tuvo un sue\u00f1o espacial que solo dur\u00f3 30 segundos. Veamos qu\u00e9 pas\u00f3.<\/p>\n<h2>Los vuelos interestelares: una competencia por el dominio del espacio exterior<\/h2>\n<p>La exploraci\u00f3n interestelar consiste en misiones que se llevan a cabo gracias a naves especialmente dise\u00f1adas. Su historia se remonta a un pasado relativamente reciente y comienza la competencia en 1957 con el lanzamiento de Sputnik 1 que fue el primer sat\u00e9lite artificial que pertenec\u00eda a la extinta Uni\u00f3n Sovi\u00e9tica. Luego vinieron las misiones tripuladas como el Apolo 11 de los Estados Unidos que llevaron al hombre a la Luna.<\/p>\n<p>Sin embargo, las misiones ahora tienen un nuevo objetivo, que es la creaci\u00f3n de estructuras como la Estaci\u00f3n Espacial Internacional que se lanz\u00f3 en 1998. Modernamente, se contin\u00faa con esa tendencia, al ser equipadas para transportar carga como sat\u00e9lites para ser puestos en \u00f3rbita o para llevar material \u00fatil. Sin embargo, <strong>estas misiones tambi\u00e9n tienen el riesgo de fracasar<\/strong>.<\/p>\n<h2>Un sue\u00f1o espacial europeo: solo dur\u00f3 30 segundos<\/h2>\n<p>Europa se suma a Estados Unidos, Rusia (antigua Uni\u00f3n Sovi\u00e9tica) y China <strong>para la conquista espacial<\/strong>. Para esto se prepar\u00f3 el lanzamiento del cohete Spectrum hecho por Isar Aerospace, una empresa alemana dedicada al dise\u00f1o y puesta en \u00f3rbita de naves de todo tipo. Dicho lanzamiento se realiz\u00f3 desde el Puerto Espacial de And\u00f8ya ubicado en la isla del mismo nombre que se encuentra en Noruega.<\/p>\n<p>Este era un cohete de dos fases (que es similar al utilizado por China <a href=\"https:\/\/www.ecoticias.com\/hoyeco\/cohete-china-espacio-energia-solar\/16466\/\">para su proyecto en el espacio<\/a>) de 28 metros de altura, dise\u00f1ado para llevar carga. El objeto de este vuelo era la recopilaci\u00f3n de datos y validaci\u00f3n del Sistema de Terminaci\u00f3n de Vuelo (FTS por sus siglas en ingl\u00e9s). El lanzamiento tuvo lugar el 30 de marzo pasado. Sin embargo, el sue\u00f1o espacial europeo solo dur\u00f3 unos 30 segundos.<\/p>\n<p>Porque apenas despeg\u00f3, empez\u00f3 a salir humo por uno de sus laterales. Luego gir\u00f3 sobre s\u00ed mismo, perdiendo estabilidad, explotando y precipit\u00e1ndose al mar. Es decir, el vuelo solo dur\u00f3 medio minuto. Si bien no estaba contemplado que el cohete entrara en \u00f3rbita, el fallo fue bastante prematuro y un fracaso de la iniciativa.\u00a0 A pesar de lo sucedido, Isar Aerospace no se siente decepcionada por el desenlace.<\/p>\n<p>Por el contrario, dice que el ensayo cumpli\u00f3 con sus objetivos t\u00e9cnicos principales ya que los sistemas en el cohete, durante el corto tiempo que estuvo en vuelo, logr\u00f3 transmitir datos relevantes como el rendimiento de la configuraci\u00f3n de la propulsi\u00f3n, la eficacia del FTS y la integridad estructural de la nave. Esta informaci\u00f3n la utilizar\u00e1 Isar Aerospace para <strong>mejorar sus prototipos futuros y el ajuste de sus modelos<\/strong>.<\/p>\n<h2>Lo aprendido con la explosi\u00f3n del Spectrum<\/h2>\n<p>Esta prueba que termin\u00f3 en explosi\u00f3n, recuerda que en la carrera espacial hay muchos retos del tipo t\u00e9cnico y conceptuales los cuales deben ser superados por lo que Isar Aerospace estudiar\u00e1 los datos y causas del accidente para preparar un nuevo ensayo, ya que lo que se aprenda de este fallo podr\u00e1 utilizarse para la construcci\u00f3n de <strong>sistemas que sean mucho m\u00e1s robustos y seguros<\/strong>.<\/p>\n<p>En definitiva, Europa ten\u00eda un sue\u00f1o espacial con esta nave que duro tan solo 30 segundos al explotar la misma y precipitarse al mar (aunque se dice que los <a href=\"https:\/\/www.ecoticias.com\/hoyeco\/cohetes-vehiculo-marte-combustible\/12008\/\">cohetes est\u00e1n por desaparecer<\/a> por este nuevo veh\u00edculo que los sustituir\u00e1). Este incidente, m\u00e1s que un fracaso, result\u00f3 en un aprendizaje ya que los datos enviados por los sistemas de la nave permitir\u00e1n la preparaci\u00f3n de un pr\u00f3ximo vuelo que ser\u00e1 exitoso.<\/p>\n","protected":false},"excerpt":{"rendered":"<p>Volar al espacio exterior ha sido un sue\u00f1o que ha tenido el hombre desde la primera vez que levant\u00f3 su &#8230; <\/p>\n<p class=\"read-more-container\"><a title=\"El sue\u00f1o espacial europeo que solo dur\u00f3 30 segundos: Qu\u00e9 fue lo que ocurri\u00f3\" class=\"read-more button\" href=\"https:\/\/www.ecoticias.com\/hoyeco\/30-segundos-cohete-spectrum\/19404\/#more-19404\" aria-label=\"Leer m\u00e1s sobre El sue\u00f1o espacial europeo que solo dur\u00f3 30 segundos: Qu\u00e9 fue lo que ocurri\u00f3\">Read more<\/a><\/p>\n","protected":false},"author":6,"featured_media":19406,"comment_status":"closed","ping_status":"closed","sticky":false,"template":"","format":"standard","meta":{"footnotes":""},"categories":[2],"tags":[],"class_list":["post-19404","post","type-post","status-publish","format-standard","has-post-thumbnail","hentry","category-actualidad","resize-featured-image"],"_links":{"self":[{"href":"https:\/\/www.ecoticias.com\/hoyeco\/wp-json\/wp\/v2\/posts\/19404","targetHints":{"allow":["GET"]}}],"collection":[{"href":"https:\/\/www.ecoticias.com\/hoyeco\/wp-json\/wp\/v2\/posts"}],"about":[{"href":"https:\/\/www.ecoticias.com\/hoyeco\/wp-json\/wp\/v2\/types\/post"}],"author":[{"embeddable":true,"href":"https:\/\/www.ecoticias.com\/hoyeco\/wp-json\/wp\/v2\/users\/6"}],"replies":[{"embeddable":true,"href":"https:\/\/www.ecoticias.com\/hoyeco\/wp-json\/wp\/v2\/comments?post=19404"}],"version-history":[{"count":0,"href":"https:\/\/www.ecoticias.com\/hoyeco\/wp-json\/wp\/v2\/posts\/19404\/revisions"}],"wp:featuredmedia":[{"embeddable":true,"href":"https:\/\/www.ecoticias.com\/hoyeco\/wp-json\/wp\/v2\/media\/19406"}],"wp:attachment":[{"href":"https:\/\/www.ecoticias.com\/hoyeco\/wp-json\/wp\/v2\/media?parent=19404"}],"wp:term":[{"taxonomy":"category","embeddable":true,"href":"https:\/\/www.ecoticias.com\/hoyeco\/wp-json\/wp\/v2\/categories?post=19404"},{"taxonomy":"post_tag","embeddable":true,"href":"https:\/\/www.ecoticias.com\/hoyeco\/wp-json\/wp\/v2\/tags?post=19404"}],"curies":[{"name":"wp","href":"https:\/\/api.w.org\/{rel}","templated":true}]}}