{"id":20045,"date":"2025-04-24T15:00:02","date_gmt":"2025-04-24T13:00:02","guid":{"rendered":"https:\/\/www.ecoticias.com\/hoyeco\/?p=20045"},"modified":"2025-04-24T15:00:02","modified_gmt":"2025-04-24T13:00:02","slug":"espana-infraestructura-electrica","status":"publish","type":"post","link":"https:\/\/www.ecoticias.com\/hoyeco\/espana-infraestructura-electrica\/20045\/","title":{"rendered":"Siempre estuvo ah\u00ed y no lo vimos: El desaf\u00edo que podr\u00eda frenar el futuro verde de Espa\u00f1a"},"content":{"rendered":"<p>En la actual lucha contra el cambio clim\u00e1tico y el calentamiento global que llevan adelante la mayor\u00eda de los pa\u00edses del mundo, la electrificaci\u00f3n y descarbonizaci\u00f3n de los procesos juegan un papel fundamental sobre todo en la industria cuya demanda es cada vez mayor. Espa\u00f1a tiene un gran futuro verde, pero tiene un reto que siempre estuvo presente pero que no lo vimos venir. Pasemos a verlo.<\/p>\n<h2>La electrificaci\u00f3n: un proceso en el que la pen\u00ednsula ha destacado<\/h2>\n<p>Desde hace m\u00e1s de 20 a\u00f1os, Espa\u00f1a se ha destacado como potencia emergente en el desarrollo de las renovables. Sobre todo despu\u00e9s de la pandemia cuando ha invertido recursos milmillonarios en inversiones para financiar la transici\u00f3n energ\u00e9tica y as\u00ed ser el polo europeo de las fuentes energ\u00e9ticas fotovoltaica y e\u00f3lica. Pero en la actualidad esta tendencia es mayor con los n\u00fameros de la electricidad convencional.<\/p>\n<p>Puesto que lleva varios meses a la baja. Esto se debe a que la electricidad proveniente de las fuentes renovables es el equivalente al 60 % en lo que va del 2025. Es de hacer notar que esta cifra es muy importante si tenemos en cuenta que para el 2019 este mismo hito era de apenas el 37,5 %, lo que representa un gran incremento en energ\u00eda <strong>que es mucho m\u00e1s barata que la convencional<\/strong>.<\/p>\n<h2>Pero hay un gran cuello de botella que podr\u00eda significar un freno para el futuro verde de Espa\u00f1a<\/h2>\n<p>Sin embargo, a partir de este a\u00f1o en Espa\u00f1a se presenta un gran problema y es que la demanda, que ha ido en aumento a\u00f1o a a\u00f1o desde el 2010, corre riesgo de superar la oferta en lo que a redes de distribuci\u00f3n se refiere. Este es un problema que no solo afecta la pen\u00ednsula sino <strong>a la mayor parte de Europa<\/strong>, puesto que las regulaciones con que se cuenta est\u00e1n desfasadas con el nuevo panorama del entorno.<\/p>\n<p>Esto sin contar con las estructuras que son obsoletas y que requieren ampliaci\u00f3n y construcci\u00f3n de otras nuevas (a pesar de que nuestro pa\u00eds cuenta con la central hidroel\u00e9ctrica m\u00e1s<a href=\"https:\/\/www.ecoticias.com\/hoyeco\/espana-energia-cortes-la-muela\/9946\/\"> grande de la Uni\u00f3n Europea<\/a>). Por esto la Asociaci\u00f3n de Empresas de Energ\u00eda El\u00e9ctrica (Aelec) ha dado la voz de alerta advirtiendo la necesidad de cumplir con las inversiones anunciadas en el sector para el a\u00f1o 2030.<\/p>\n<p>Esto se desprende del informe de Boston Consulting Group (BCG), el cual expresa que las redes de transmisi\u00f3n y distribuci\u00f3n el\u00e9ctrica son el eslab\u00f3n m\u00e1s d\u00e9bil para llegar a la meta de la transici\u00f3n energ\u00e9tica en la pen\u00ednsula, por lo que deben ser modernizadas y ampliadas tanto en capacidad como en conexiones. Para ello hace falta un estudio muy profundo ya que hay casos donde es m\u00e1s viable la construcci\u00f3n de l\u00edneas nuevas.<\/p>\n<p>Seg\u00fan la Agencia Internacional de Energ\u00eda (AIE), en Espa\u00f1a, hacen falta realizar inversiones anuales por el orden de los 5 billones de d\u00f3lares de aqu\u00ed al 2030 en la <strong>modernizaci\u00f3n y construcci\u00f3n de nuevas redes<\/strong> para cumplir con los objetivos respecto a la reducci\u00f3n de emisiones. Esta cifra es similar a la necesaria para la construcci\u00f3n de los sistemas de generaci\u00f3n el\u00e9ctrica solar y e\u00f3lica necesarios.<\/p>\n<h2>Este proceso de expansi\u00f3n debe ser acelerado si se quiere cumplir la meta para el 2030<\/h2>\n<p>Para acelerar esta expansi\u00f3n en Espa\u00f1a se debe ser m\u00e1s eficiente en la coordinaci\u00f3n de los proyectos de forma estrat\u00e9gica a trav\u00e9s de una eficiente ejecuci\u00f3n de los recursos de capital haciendo posible el anticiparse a los requerimientos futuros. Si se unifican los est\u00e1ndares de las diferentes empresas se <strong>agiliza lo concerniente a la entrega de servicios y equipos<\/strong>.<\/p>\n<p>Concluyendo, Espa\u00f1a puede ver frenado su futuro verde por un problema que siempre estuvo visible pero que no vimos (algo as\u00ed como cuando <a href=\"https:\/\/www.ecoticias.com\/hoyeco\/china-mar-electricidad-vida\/14969\/\">China convirti\u00f3 el mar en electricidad<\/a> aunque algo pas\u00f3 con lo que no contaban). Este cuello de botella es algo que sucede en la mayor parte de Europa y lo cual puede comprometer el proceso de transici\u00f3n energ\u00e9tica en todo el continente.<\/p>\n","protected":false},"excerpt":{"rendered":"<p>En la actual lucha contra el cambio clim\u00e1tico y el calentamiento global que llevan adelante la mayor\u00eda de los pa\u00edses &#8230; <\/p>\n<p class=\"read-more-container\"><a title=\"Siempre estuvo ah\u00ed y no lo vimos: El desaf\u00edo que podr\u00eda frenar el futuro verde de Espa\u00f1a\" class=\"read-more button\" href=\"https:\/\/www.ecoticias.com\/hoyeco\/espana-infraestructura-electrica\/20045\/#more-20045\" aria-label=\"Leer m\u00e1s sobre Siempre estuvo ah\u00ed y no lo vimos: El desaf\u00edo que podr\u00eda frenar el futuro verde de Espa\u00f1a\">Read more<\/a><\/p>\n","protected":false},"author":6,"featured_media":20047,"comment_status":"closed","ping_status":"closed","sticky":false,"template":"","format":"standard","meta":{"footnotes":""},"categories":[5],"tags":[],"class_list":["post-20045","post","type-post","status-publish","format-standard","has-post-thumbnail","hentry","category-energia","resize-featured-image"],"_links":{"self":[{"href":"https:\/\/www.ecoticias.com\/hoyeco\/wp-json\/wp\/v2\/posts\/20045","targetHints":{"allow":["GET"]}}],"collection":[{"href":"https:\/\/www.ecoticias.com\/hoyeco\/wp-json\/wp\/v2\/posts"}],"about":[{"href":"https:\/\/www.ecoticias.com\/hoyeco\/wp-json\/wp\/v2\/types\/post"}],"author":[{"embeddable":true,"href":"https:\/\/www.ecoticias.com\/hoyeco\/wp-json\/wp\/v2\/users\/6"}],"replies":[{"embeddable":true,"href":"https:\/\/www.ecoticias.com\/hoyeco\/wp-json\/wp\/v2\/comments?post=20045"}],"version-history":[{"count":0,"href":"https:\/\/www.ecoticias.com\/hoyeco\/wp-json\/wp\/v2\/posts\/20045\/revisions"}],"wp:featuredmedia":[{"embeddable":true,"href":"https:\/\/www.ecoticias.com\/hoyeco\/wp-json\/wp\/v2\/media\/20047"}],"wp:attachment":[{"href":"https:\/\/www.ecoticias.com\/hoyeco\/wp-json\/wp\/v2\/media?parent=20045"}],"wp:term":[{"taxonomy":"category","embeddable":true,"href":"https:\/\/www.ecoticias.com\/hoyeco\/wp-json\/wp\/v2\/categories?post=20045"},{"taxonomy":"post_tag","embeddable":true,"href":"https:\/\/www.ecoticias.com\/hoyeco\/wp-json\/wp\/v2\/tags?post=20045"}],"curies":[{"name":"wp","href":"https:\/\/api.w.org\/{rel}","templated":true}]}}