{"id":20125,"date":"2025-04-28T14:30:42","date_gmt":"2025-04-28T12:30:42","guid":{"rendered":"https:\/\/www.ecoticias.com\/hoyeco\/?p=20125"},"modified":"2025-04-28T14:30:42","modified_gmt":"2025-04-28T12:30:42","slug":"espana-empleos-renovables","status":"publish","type":"post","link":"https:\/\/www.ecoticias.com\/hoyeco\/espana-empleos-renovables\/20125\/","title":{"rendered":"Espa\u00f1a necesita un mill\u00f3n de cerebros con urgencia: Es la \u00fanica manera de salvar al mundo"},"content":{"rendered":"<p>Estamos viviendo una era marcada por los cambios, y aunque parezca una frase trillada que se ha escuchado frecuentemente desde hace mucho tiempo, nunca hab\u00eda tenido tanta raz\u00f3n como ahora, pues las nuevas industrias lo han hecho realidad. Esto es algo que no se puede pasar por alto, y ahora Espa\u00f1a necesita un mill\u00f3n de cerebros con urgencia, porque es la \u00fanica manera de que se pueda salvar al mundo.<\/p>\n<h2>Las nuevas tendencias mundiales marcan un futuro diferente<\/h2>\n<p>Las nuevas tendencias mundiales est\u00e1n fuertemente influenciadas por los cambios generados por las nuevas tecnolog\u00edas, as\u00ed como tambi\u00e9n por las diferentes formas de producci\u00f3n que est\u00e1n pasando por un momento de transformaci\u00f3n muy profunda. Esto ha causado <strong>un cambio con respecto a la manera de formar a los m\u00e1s j\u00f3venes<\/strong>, pues se espera que, en un futuro no muy lejano, asuman las riendas del mundo.<\/p>\n<p>Y si se desea traer a la realidad un porvenir m\u00e1s esperanzador en comparaci\u00f3n con el presente que vivimos, hay que comenzar a transformar los cimientos de la educaci\u00f3n, de manera que las nuevas generaciones puedan tener mayores oportunidades. Para afrontar exitosamente esa perspectiva, Espa\u00f1a necesita un mill\u00f3n de cerebros con urgencia, porque es la \u00fanica manera de que pueda contribuir a salvar al mundo.<\/p>\n<h2>El progreso sostenible necesita una nueva generaci\u00f3n<\/h2>\n<p>Las consecuencias del cambio clim\u00e1tico est\u00e1n provocando una transformaci\u00f3n importante en c\u00f3mo se realizan diversas clases de trabajos, porque es imprescindible adaptarlos a las necesidades del medioambiente. Y si Espa\u00f1a desea hacerse con el liderazgo de la descarbonizaci\u00f3n y el uso de las energ\u00edas limpias en Europa, <strong>deber\u00e1 afrontar la labor de preparar a las nuevas generaciones para lograr ese objetivo.<\/strong><\/p>\n<p>Eso implica toda una revoluci\u00f3n educativa donde se implemente un contenido program\u00e1tico que capacite a los j\u00f3venes, y a todos los que est\u00e9n interesados, para realizar labores relacionadas con el desarrollo sostenible en diversas \u00e1reas (tambi\u00e9n har\u00eda falta la <a href=\"https:\/\/www.ecoticias.com\/hoyeco\/neurofitness-sostenibilidad-tendencia\/4071\/\">estimulaci\u00f3n cognitiva o gimnasia para el cerebro<\/a>). Pues no solo se trata de aplicar m\u00e9todos para obtener energ\u00eda renovable sino de estar en la l\u00ednea del progreso verde.<\/p>\n<p>Para eso se necesita personal formado en el cuidado de la ecolog\u00eda ambiental o en su recuperaci\u00f3n en algunos casos, y especialistas dedicados a incrementar la eficiencia del consumo energ\u00e9tico, del agua y de los diferentes recursos naturales. Otro campo esencial es la reducci\u00f3n de la generaci\u00f3n de residuos y desechos t\u00f3xicos, que podr\u00eda ir de la mano con la posibilidad de reciclarlos para darles una nueva utilidad.<\/p>\n<p>Estas habilidades para alcanzar un desarrollo m\u00e1s verde est\u00e1n adquiriendo una mayor importancia tanto para instituciones p\u00fablicas como para las privadas, y Espa\u00f1a tiene todo lo necesario para encabezar el progreso sostenible de la UE. Arquitectos, inform\u00e1ticos, agricultores y muchos otros <strong>profesionales tienen la posibilidad de hacer su aporte para la sostenibilidad<\/strong> ambiental y ampliar sus horizontes laborales.<\/p>\n<h2>Espa\u00f1a necesita personal capacitado para el progreso sostenible<\/h2>\n<p>La transformaci\u00f3n de los paradigmas para la preparaci\u00f3n de personal capacitado en \u00e1reas verdes ya est\u00e1 aqu\u00ed, pues <strong>el progreso sostenible se est\u00e1 integrando en diversas clases de empresas<\/strong>. Esto se demostr\u00f3 por el marcado aumento del 74% en la participaci\u00f3n en estudios de formaci\u00f3n profesional de ese tipo en Espa\u00f1a durante esta d\u00e9cada, y ello se debe a que se requiere una cantidad creciente de esos especialistas.<\/p>\n<p>Concluyendo, las consecuencias del calentamiento global est\u00e1n generando una transformaci\u00f3n muy importante en el paradigma de la formaci\u00f3n de los profesionales del futuro, que necesitar\u00e1n conocer en mayor profundidad todo lo relacionado con la sostenibilidad en sus diversas \u00e1reas de trabajo. En Espa\u00f1a se ha incrementado la participaci\u00f3n en estos estudios (como los que llevaron a la construcci\u00f3n de la <a href=\"https:\/\/www.ecoticias.com\/hoyeco\/neuronas-computadora-biologica\/18326\/\">primera computadora biol\u00f3gica<\/a>).<\/p>\n","protected":false},"excerpt":{"rendered":"<p>Estamos viviendo una era marcada por los cambios, y aunque parezca una frase trillada que se ha escuchado frecuentemente desde &#8230; <\/p>\n<p class=\"read-more-container\"><a title=\"Espa\u00f1a necesita un mill\u00f3n de cerebros con urgencia: Es la \u00fanica manera de salvar al mundo\" class=\"read-more button\" href=\"https:\/\/www.ecoticias.com\/hoyeco\/espana-empleos-renovables\/20125\/#more-20125\" aria-label=\"Leer m\u00e1s sobre Espa\u00f1a necesita un mill\u00f3n de cerebros con urgencia: Es la \u00fanica manera de salvar al mundo\">Read more<\/a><\/p>\n","protected":false},"author":6,"featured_media":20127,"comment_status":"closed","ping_status":"closed","sticky":false,"template":"","format":"standard","meta":{"footnotes":""},"categories":[5],"tags":[],"class_list":["post-20125","post","type-post","status-publish","format-standard","has-post-thumbnail","hentry","category-energia","resize-featured-image"],"_links":{"self":[{"href":"https:\/\/www.ecoticias.com\/hoyeco\/wp-json\/wp\/v2\/posts\/20125","targetHints":{"allow":["GET"]}}],"collection":[{"href":"https:\/\/www.ecoticias.com\/hoyeco\/wp-json\/wp\/v2\/posts"}],"about":[{"href":"https:\/\/www.ecoticias.com\/hoyeco\/wp-json\/wp\/v2\/types\/post"}],"author":[{"embeddable":true,"href":"https:\/\/www.ecoticias.com\/hoyeco\/wp-json\/wp\/v2\/users\/6"}],"replies":[{"embeddable":true,"href":"https:\/\/www.ecoticias.com\/hoyeco\/wp-json\/wp\/v2\/comments?post=20125"}],"version-history":[{"count":0,"href":"https:\/\/www.ecoticias.com\/hoyeco\/wp-json\/wp\/v2\/posts\/20125\/revisions"}],"wp:featuredmedia":[{"embeddable":true,"href":"https:\/\/www.ecoticias.com\/hoyeco\/wp-json\/wp\/v2\/media\/20127"}],"wp:attachment":[{"href":"https:\/\/www.ecoticias.com\/hoyeco\/wp-json\/wp\/v2\/media?parent=20125"}],"wp:term":[{"taxonomy":"category","embeddable":true,"href":"https:\/\/www.ecoticias.com\/hoyeco\/wp-json\/wp\/v2\/categories?post=20125"},{"taxonomy":"post_tag","embeddable":true,"href":"https:\/\/www.ecoticias.com\/hoyeco\/wp-json\/wp\/v2\/tags?post=20125"}],"curies":[{"name":"wp","href":"https:\/\/api.w.org\/{rel}","templated":true}]}}