{"id":20131,"date":"2025-04-28T15:30:18","date_gmt":"2025-04-28T13:30:18","guid":{"rendered":"https:\/\/www.ecoticias.com\/hoyeco\/?p=20131"},"modified":"2025-04-28T15:30:18","modified_gmt":"2025-04-28T13:30:18","slug":"gobierno-espanol-central-nuclear","status":"publish","type":"post","link":"https:\/\/www.ecoticias.com\/hoyeco\/gobierno-espanol-central-nuclear\/20131\/","title":{"rendered":"Quiz\u00e1s el gobierno espa\u00f1ol s\u00ed ten\u00eda raz\u00f3n: Sucede en toda Europa y ni siquiera lo notan"},"content":{"rendered":"<p>Hay veces que, en diferentes campos, los reg\u00edmenes de los estados lanzan distintas advertencias en varias situaciones a las que debemos prestar atenci\u00f3n, aunque muchas veces las dejamos caer en saco roto porque pensamos que no nos afectar\u00e1. Como ejemplo tenemos esta que nos ha dado el gobierno espa\u00f1ol y que pareciera que no solo afecta a Espa\u00f1a sino a toda Europa y no es notado. Vamos a ver.<\/p>\n<h2>Las centrales nucleares: la indecisi\u00f3n entre mantenerlas abiertas o clausurarlas definitivamente<\/h2>\n<p>Existen opiniones encontradas en los diferentes pa\u00edses de la Uni\u00f3n Europea con respecto al destino operativo de las plantas at\u00f3micas. En este sentido, algunos las mantienen funcionando como Francia debido a que gran parte de su demanda es atendida por ella y la defiende a capa y espada, mientras que otros ya han procedido a su desconexi\u00f3n total como es el caso de Alemania y otros est\u00e1n por iniciar el proceso.<\/p>\n<p>Como Espa\u00f1a que mantiene su cronograma de cierre (aunque podr\u00eda quedar sola <a href=\"https:\/\/www.ecoticias.com\/hoyeco\/alemania-decision-energia-nuclear\/19371\/\">dependiendo de la decisi\u00f3n que tome Alemania<\/a> la que es muy peligrosa), a pesar de las advertencias de las consecuencias que podr\u00eda traer esta actividad. Sin embargo, el gobierno espa\u00f1ol ha explicado sus motivos para continuar con el calendario de clausura <strong>y parece que s\u00ed ten\u00edan raz\u00f3n<\/strong> por lo que pasa en el resto de los pa\u00edses de Europa.<\/p>\n<h2>La primavera ha llegado para dar la raz\u00f3n al gobierno espa\u00f1ol<\/h2>\n<p>Con la llegada de la primavera, <strong>la gran oferta de electricidad renovable<\/strong> ha obligado a los diferentes pa\u00edses europeos a detener sus plantas nucleares,\u00a0o por lo menos a disminuir su generaci\u00f3n, como es el caso de Francia que ha tenido que reducir su producci\u00f3n en 4 GW por d\u00eda. En este sentido, parece que el gobierno espa\u00f1ol tiene raz\u00f3n al decir que mantendr\u00e1 su cronograma previsto de clausura de sus centrales de energ\u00eda at\u00f3mica.<\/p>\n<p>Ya que su demanda ser\u00e1 cubierta por las fuentes limpias. En este contexto, la sobreoferta de electricidad ha provocado como efecto la ca\u00edda de sus precios sobre todo en d\u00edas festivos como los de Semana Santa. Tanto as\u00ed, que han llegado a tener valores negativos. Para el caso particular de Espa\u00f1a, que posee siete reactores nucleares, en cinco de ellos ya se ha dado el caso de parada total o reducci\u00f3n de generaci\u00f3n.<\/p>\n<p>En referencia a los precios negativos de la electricidad, estos son dados debido a que el mercado el\u00e9ctrico fluct\u00faa de acuerdo a las subastas horarias. En esos momentos en que la oferta supera la demanda, las empresas el\u00e9ctricas deber\u00e1n pagar una tarifa para poder inyectar esta electricidad en la red en lugar de recibir dividendos. En ese lapso, las renovables tienen prioridad.<\/p>\n<p>Por lo que siguen operando sin problema. Y es en este punto donde la raz\u00f3n asiste al gobierno espa\u00f1ol ya que muchos pa\u00edses est\u00e1n cercanos a operar con energ\u00eda renovable en un 100 %, por lo que Espa\u00f1a se ha sumado a esta tendencia consolidando la misma con el cierre escalonado de las instalaciones nucleares. De hecho, <strong>la energ\u00eda limpia ha tenido un crecimiento vertiginoso y sostenido <\/strong>los \u00faltimos a\u00f1os hasta los 700 GW.<\/p>\n<h2>Pero debemos gestionar esta energ\u00eda renovable con sabidur\u00eda<\/h2>\n<p>A medida que transcurre la primavera la electricidad generada por fuentes nucleares seguir\u00e1 tendiendo a la baja, de lo contrario ser\u00e1n muchas m\u00e1s las horas con tarifas negativas en su detrimento mientras que las que tienen origen renovable continuar\u00e1n funcionando de acuerdo al gobierno espa\u00f1ol. Por dos motivos: porque <strong>sus costos operativos son pr\u00e1cticamente cero<\/strong> y porque tienen prioridad de acceso.<\/p>\n<p>Como conclusi\u00f3n, con el auge de las energ\u00edas renovables las centrales nucleares han tenido que bajar su producci\u00f3n lo que no ha sido notado en Europa, el gobierno espa\u00f1ol ha tenido la raz\u00f3n al decir que la demanda en Espa\u00f1a <strong>ser\u00eda satisfecha con electricidad procedente de fuentes limpias <\/strong>por lo que proceder\u00e1 con el cierre escalonado de las centrales nucleares (aunque esto puede acabar con los <a href=\"https:\/\/www.ecoticias.com\/hoyeco\/espana-energia-nuclear-sales\/19085\/\">planes de la pen\u00ednsula<\/a>).<\/p>\n","protected":false},"excerpt":{"rendered":"<p>Hay veces que, en diferentes campos, los reg\u00edmenes de los estados lanzan distintas advertencias en varias situaciones a las que &#8230; <\/p>\n<p class=\"read-more-container\"><a title=\"Quiz\u00e1s el gobierno espa\u00f1ol s\u00ed ten\u00eda raz\u00f3n: Sucede en toda Europa y ni siquiera lo notan\" class=\"read-more button\" href=\"https:\/\/www.ecoticias.com\/hoyeco\/gobierno-espanol-central-nuclear\/20131\/#more-20131\" aria-label=\"Leer m\u00e1s sobre Quiz\u00e1s el gobierno espa\u00f1ol s\u00ed ten\u00eda raz\u00f3n: Sucede en toda Europa y ni siquiera lo notan\">Read more<\/a><\/p>\n","protected":false},"author":6,"featured_media":20134,"comment_status":"closed","ping_status":"closed","sticky":false,"template":"","format":"standard","meta":{"footnotes":""},"categories":[5],"tags":[],"class_list":["post-20131","post","type-post","status-publish","format-standard","has-post-thumbnail","hentry","category-energia","resize-featured-image"],"_links":{"self":[{"href":"https:\/\/www.ecoticias.com\/hoyeco\/wp-json\/wp\/v2\/posts\/20131","targetHints":{"allow":["GET"]}}],"collection":[{"href":"https:\/\/www.ecoticias.com\/hoyeco\/wp-json\/wp\/v2\/posts"}],"about":[{"href":"https:\/\/www.ecoticias.com\/hoyeco\/wp-json\/wp\/v2\/types\/post"}],"author":[{"embeddable":true,"href":"https:\/\/www.ecoticias.com\/hoyeco\/wp-json\/wp\/v2\/users\/6"}],"replies":[{"embeddable":true,"href":"https:\/\/www.ecoticias.com\/hoyeco\/wp-json\/wp\/v2\/comments?post=20131"}],"version-history":[{"count":0,"href":"https:\/\/www.ecoticias.com\/hoyeco\/wp-json\/wp\/v2\/posts\/20131\/revisions"}],"wp:featuredmedia":[{"embeddable":true,"href":"https:\/\/www.ecoticias.com\/hoyeco\/wp-json\/wp\/v2\/media\/20134"}],"wp:attachment":[{"href":"https:\/\/www.ecoticias.com\/hoyeco\/wp-json\/wp\/v2\/media?parent=20131"}],"wp:term":[{"taxonomy":"category","embeddable":true,"href":"https:\/\/www.ecoticias.com\/hoyeco\/wp-json\/wp\/v2\/categories?post=20131"},{"taxonomy":"post_tag","embeddable":true,"href":"https:\/\/www.ecoticias.com\/hoyeco\/wp-json\/wp\/v2\/tags?post=20131"}],"curies":[{"name":"wp","href":"https:\/\/api.w.org\/{rel}","templated":true}]}}