{"id":20190,"date":"2025-05-03T14:30:06","date_gmt":"2025-05-03T12:30:06","guid":{"rendered":"https:\/\/www.ecoticias.com\/hoyeco\/?p=20190"},"modified":"2025-05-03T14:30:06","modified_gmt":"2025-05-03T12:30:06","slug":"tiempo-negativo-futuro-pasado","status":"publish","type":"post","link":"https:\/\/www.ecoticias.com\/hoyeco\/tiempo-negativo-futuro-pasado\/20190\/","title":{"rendered":"El tiempo negativo, detectado por primera vez en la historia: Va del futuro hacia el pasado"},"content":{"rendered":"<p>La posibilidad de transgredir la linealidad del tiempo ha sido un tema fundamental de la ciencia ficci\u00f3n y otras clases de literaturas, donde se sue\u00f1a con regresar a alg\u00fan evento para cambiarlo o dar un vistazo a lo que trae el porvenir. Pero recientemente ocurri\u00f3 algo extra\u00f1o que super\u00f3 las fantas\u00edas, unos cient\u00edficos detectaron por primera vez en la historia el tiempo negativo, que va del futuro hacia el pasado.<\/p>\n<h2>El deseo de alterar el transcurso del tiempo<\/h2>\n<p><strong>Uno de los grandes deseos de muchas personas es el de alterar el transcurso del tiempo<\/strong>, porque hay momentos en los que ser\u00eda preferible que pasara de forma veloz, mientras que en otros resultar\u00eda mucho mejor que su paso fuera lo m\u00e1s pausado posible. Por desgracia, o por fortuna, esto ha resultado imposible hasta ahora, y todos los acontecimientos del ayer siguen all\u00ed, inamovibles, y el futuro es incierto.<\/p>\n<p>Ese anhelo ha generado libros y pel\u00edculas que exploran las posibilidades que ofrecer\u00eda una hipot\u00e9tica alteraci\u00f3n temporal que permitiera arreglar los entuertos de la historia o prepararse para las situaciones que est\u00e1n por llegar. Pero a\u00fan hay esperanza, porque unos investigadores realizaron un hallazgo interesante, detectaron por primera vez en la historia el tiempo negativo, que va del futuro hacia el pasado.<\/p>\n<h2>El misterio de la detecci\u00f3n del tiempo negativo<\/h2>\n<p>La detecci\u00f3n del tiempo negativo podr\u00eda revolucionar la manera en que se concibe esa importante magnitud f\u00edsica. Ese hallazgo lo realiz\u00f3 un equipo de investigadores de la Universidad de Toronto a trav\u00e9s de un experimento basado en <strong>la mec\u00e1nica cu\u00e1ntica, que puso en evidencia una extra\u00f1a conducta por parte de ciertas part\u00edculas<\/strong> a nivel subat\u00f3mico, que distaba mucho de ser algo que se pudiera esperar de ellas.<\/p>\n<p>El ensayo consisti\u00f3 en someter a una nube de \u00e1tomos de rubidio, previamente enfriados hasta una temperatura cercana a 0\u00b0C con la finalidad de resaltar sus caracter\u00edsticas cu\u00e1nticas, a la acci\u00f3n de los fotones. Al realizar la prueba en estas condiciones de fr\u00edo, lo que se busca es que el movimiento de las part\u00edculas de luz sea ralentizado, en lo que se denomina un retardo temporal, pero lo que observaron fue inesperado.<\/p>\n<p>Pues lo que deseaban estudiar era cuanto tardaba la nube de \u00e1tomos en absorber y expulsar los fotones, pero en lugar de esto, se encontraron con que, en lugar de ocurrir de esa manera, el fen\u00f3meno se llevaba a cabo a la inversa, los corp\u00fasculos de luz sal\u00edan expulsados hacia afuera y posteriormente entraban. Esta forma de actuar se podr\u00eda interpretar como una inversi\u00f3n de la l\u00ednea temporal normal.<\/p>\n<p>Con esto no se pretende decir que es posible hacer viajes al pasado o al futuro (como se dice con <a href=\"https:\/\/www.ecoticias.com\/hoyeco\/viaje-en-tiempo-cuerdas-cosmicas\/17361\/\">estas cicatrices del universo<\/a>), sino que se trata de una de esas cosas extra\u00f1as que ocurren <strong>con la mec\u00e1nica cu\u00e1ntica, que suelen ser totalmente diferentes a lo que se suele esperar <\/strong>de acuerdo con los par\u00e1metros normales de la f\u00edsica. El tiempo negativo de este experimento ha creado muchas interrogantes, de manera que necesita seguir en estudio.<\/p>\n<h2>Esta investigaci\u00f3n ofrece inc\u00f3gnitas y nuevas posibilidades<\/h2>\n<p>El estudio que permiti\u00f3 detectar el tiempo negativo abre un gran campo de investigaci\u00f3n para comprender c\u00f3mo es posible que ocurra un fen\u00f3meno con esas caracter\u00edsticas a nivel cu\u00e1ntico. Por otro lado, tambi\u00e9n <strong>ofrece grandes posibilidades para el desarrollo de las nuevas tecnolog\u00edas como la computaci\u00f3n cu\u00e1ntica<\/strong>, que tiene el potencial de aportar soluciones a numerosos problemas de alta complejidad.<\/p>\n<p>En conclusi\u00f3n, un equipo de investigadores realiz\u00f3 un experimento de mec\u00e1nica cu\u00e1ntica que dio un resultado inesperado, porque iban a determinar el tiempo entre la entrada y la expulsi\u00f3n de unos fotones de una nube at\u00f3mica. Pero se encontraron con que los corp\u00fasculos de luz eran expulsados y luego entraban, logrando as\u00ed la detecci\u00f3n del tiempo negativo (tal y como ocurri\u00f3 con el <a href=\"https:\/\/www.ecoticias.com\/hoyeco\/taquion-particula-tiempo-einstein\/15822\/\">descubrimiento del taqui\u00f3n<\/a>).<\/p>\n","protected":false},"excerpt":{"rendered":"<p>La posibilidad de transgredir la linealidad del tiempo ha sido un tema fundamental de la ciencia ficci\u00f3n y otras clases &#8230; <\/p>\n<p class=\"read-more-container\"><a title=\"El tiempo negativo, detectado por primera vez en la historia: Va del futuro hacia el pasado\" class=\"read-more button\" href=\"https:\/\/www.ecoticias.com\/hoyeco\/tiempo-negativo-futuro-pasado\/20190\/#more-20190\" aria-label=\"Leer m\u00e1s sobre El tiempo negativo, detectado por primera vez en la historia: Va del futuro hacia el pasado\">Read more<\/a><\/p>\n","protected":false},"author":6,"featured_media":20194,"comment_status":"closed","ping_status":"closed","sticky":false,"template":"","format":"standard","meta":{"footnotes":""},"categories":[2],"tags":[],"class_list":["post-20190","post","type-post","status-publish","format-standard","has-post-thumbnail","hentry","category-actualidad","resize-featured-image"],"_links":{"self":[{"href":"https:\/\/www.ecoticias.com\/hoyeco\/wp-json\/wp\/v2\/posts\/20190","targetHints":{"allow":["GET"]}}],"collection":[{"href":"https:\/\/www.ecoticias.com\/hoyeco\/wp-json\/wp\/v2\/posts"}],"about":[{"href":"https:\/\/www.ecoticias.com\/hoyeco\/wp-json\/wp\/v2\/types\/post"}],"author":[{"embeddable":true,"href":"https:\/\/www.ecoticias.com\/hoyeco\/wp-json\/wp\/v2\/users\/6"}],"replies":[{"embeddable":true,"href":"https:\/\/www.ecoticias.com\/hoyeco\/wp-json\/wp\/v2\/comments?post=20190"}],"version-history":[{"count":0,"href":"https:\/\/www.ecoticias.com\/hoyeco\/wp-json\/wp\/v2\/posts\/20190\/revisions"}],"wp:featuredmedia":[{"embeddable":true,"href":"https:\/\/www.ecoticias.com\/hoyeco\/wp-json\/wp\/v2\/media\/20194"}],"wp:attachment":[{"href":"https:\/\/www.ecoticias.com\/hoyeco\/wp-json\/wp\/v2\/media?parent=20190"}],"wp:term":[{"taxonomy":"category","embeddable":true,"href":"https:\/\/www.ecoticias.com\/hoyeco\/wp-json\/wp\/v2\/categories?post=20190"},{"taxonomy":"post_tag","embeddable":true,"href":"https:\/\/www.ecoticias.com\/hoyeco\/wp-json\/wp\/v2\/tags?post=20190"}],"curies":[{"name":"wp","href":"https:\/\/api.w.org\/{rel}","templated":true}]}}