{"id":2028,"date":"2024-01-28T14:00:18","date_gmt":"2024-01-28T13:00:18","guid":{"rendered":"https:\/\/ecoticias.com\/hoyeco\/?p=2028"},"modified":"2024-01-28T14:00:18","modified_gmt":"2024-01-28T13:00:18","slug":"pueblo-espanol-febrero-habitantes","status":"publish","type":"post","link":"https:\/\/www.ecoticias.com\/hoyeco\/pueblo-espanol-febrero-habitantes\/2028\/","title":{"rendered":"Este pueblo espa\u00f1ol de 73 habitantes, a 936 metros de altura entre monta\u00f1as, es el destino perfecto en febrero"},"content":{"rendered":"<p><strong>Febrero<\/strong> es un mes especial. El nuevo a\u00f1o ya empieza a asentarse, los objetivos para los pr\u00f3ximos meses ya est\u00e1n sobre mesa y llega el d\u00eda de los enamorados. Es un momento especial que puede convertirse en algo todav\u00eda m\u00e1s fascinante haciendo una escapada a <strong>Dobres<\/strong>, un <a href=\"https:\/\/ecoticias.com\/hoyeco\/pueblo-espanol-amenaza\/1787\/\" target=\"_blank\" rel=\"noopener\"><strong>pueblo<\/strong><\/a> de <strong>Cantabria<\/strong> que parece sacado de un cuento de hadas. En la penumbra de la naturaleza, encontramos este pintoresco rinc\u00f3n con tan solo 73 habitantes, un tesoro paradis\u00edaco alejado del bullicio y la prisa. La palabra \u201cestr\u00e9s\u201d no existe en este enclave ubicado en medio de bosques, cumbres y monta\u00f1as.<\/p>\n<p>A 936 metros sobre el nivel del mar, en la ladera de una imponente monta\u00f1a, est\u00e1 <strong>Dobres<\/strong>, un vigilante silencioso del paisaje levantado a 936 metros sobre el nivel del mar. La altitud no solo define su ubicaci\u00f3n geogr\u00e1fica, sino que dota de un car\u00e1cter \u00fanico. Reconocido como <strong>Conjunto Hist\u00f3rico<\/strong>, <strong>Dobres<\/strong> es pura historia y tradici\u00f3n. Presente y pasado se funden en una sinergia perfecta que forja una fuerte identidad etnogr\u00e1fica y urban\u00edstica.<\/p>\n<p>El mes de <strong>febrero<\/strong> es el m\u00e1s acertado para visitar este escenario de ensue\u00f1o. La pureza cristalina se apodera de sus paisajes y las monta\u00f1as se ti\u00f1en de mantos blancos, creando un contraste asombroso con la arquitectura r\u00fastica del pueblo. Lejos de ser una \u00e9poca melanc\u00f3lica, se transforma en un tiempo de serenidad y contemplaci\u00f3n. En <strong>Dobres<\/strong>, la naturaleza juega un papel fundamental. Es la gu\u00eda que ilumina la vida de los que establecen all\u00ed sus vidas.<\/p>\n<h2>Dobres, el mejor pueblo espa\u00f1ol para visitar en febrero<\/h2>\n<p>Uno de los grandes encantos de este<a href=\"https:\/\/ecoticias.com\/hoyeco\/navarra-michelin-pueblo-unico\/1862\/\" target=\"_blank\" rel=\"noopener\"><strong> pueblo<\/strong><\/a> espa\u00f1ol son las caminatas y recorridos por los senderos que encontramos entre las cumbres <strong>Lezna<\/strong> y <strong>Bistruey<\/strong>. Cada paso es una invitaci\u00f3n para dejarse encantar por el entorno. Cuenta con miradores estrat\u00e9gicos, balcones al mism\u00edsimo para\u00edso, desde donde pueden captarse momentos \u00fanicos y verdaderas odas a la grandeza de la naturaleza.<\/p>\n<p>En el mes m\u00e1s rom\u00e1ntico del a\u00f1o, los visitantes de <strong>Dobres<\/strong> se topan con la posibilidad de saborear momentos inolvidables. El crujir de las hojas bajo los pies es la banda sonora perfecta para mimetizarse con el entorno. Las casas de piedra sienten el c\u00e1lido abrazo de la luz de<strong> febrero<\/strong>, que permite vislumbrar su belleza atemporal en su m\u00e1ximo esplendor.<\/p>\n<p>Pasar por<strong> Dobres<\/strong> es permitir que deje una huella imborrable en ti. Cada callej\u00f3n empedrado y rinc\u00f3n silencioso esconde una historia que puede sentirse en el murmullo de los arroyos y el susurro de los \u00e1rboles. Si la tierra pudiera hablar contar\u00eda todos los secretos que esconde <strong>Dobres<\/strong>, un testigo discreto de la eternidad del entorno. Los amantes de la naturaleza quedan completamente enamorados de sus cumbres, sus bosques y su <strong>pueblo<\/strong>.<\/p>\n<h2>Atractivos tur\u00edsticos de Dobres, Cantabria<\/h2>\n<p><strong>Dobres<\/strong> tiene recovecos ideales para enamorar y enamorarse.<\/p>\n<ul>\n<li><strong>Cascada del Tobazo<\/strong>. Es uno de los rincones m\u00e1s bonitos para visitar. Se encuentra en el margen izquierdo del r\u00edo <strong>Ebro<\/strong>, cerca del <strong>pueblo<\/strong>. La rodea una impresionante vegetaci\u00f3n.<\/li>\n<li><strong>Ermita de San Mam\u00e9s<\/strong>. Un templo rom\u00e1nico cuyo origen radica en el siglo XIII y est\u00e1 a unos 3 km en una peque\u00f1a colina. Las vistas que regala \u00a1merecen la pena!<\/li>\n<li><strong>Calle Mayor<\/strong>. Ha sido declarada <strong>Bien de Inter\u00e9s Cultural<\/strong>. Est\u00e1 plagada de casas tradicionales con balcones de madera y tejados de pizarra. Es un buen lugar para comprar productos t\u00edpicos de la zona, como queso de oveja.<\/li>\n<li>Actividades al aire libre y senderismo. Otro de los atractivos tur\u00edsticos de <strong>Dobres<\/strong> es la posibilidad de hacer senderismo y actividades al aire libre. Hay varias rutas de senderismo, como una que llega hasta la<strong> Laguna de Las Yeguas<\/strong>, un bello lago rodeado de monta\u00f1as.<\/li>\n<\/ul>\n<p>En definitiva, <strong>Dobres<\/strong> es un <strong>pueblo<\/strong> que merece la pena visitar y <strong>febrero<\/strong> \u00a1es el momento perfecto!<\/p>\n","protected":false},"excerpt":{"rendered":"<p>Febrero es un mes especial. El nuevo a\u00f1o ya empieza a asentarse, los objetivos para los pr\u00f3ximos meses ya est\u00e1n &#8230; <\/p>\n<p class=\"read-more-container\"><a title=\"Este pueblo espa\u00f1ol de 73 habitantes, a 936 metros de altura entre monta\u00f1as, es el destino perfecto en febrero\" class=\"read-more button\" href=\"https:\/\/www.ecoticias.com\/hoyeco\/pueblo-espanol-febrero-habitantes\/2028\/#more-2028\" aria-label=\"Leer m\u00e1s sobre Este pueblo espa\u00f1ol de 73 habitantes, a 936 metros de altura entre monta\u00f1as, es el destino perfecto en febrero\">Read more<\/a><\/p>\n","protected":false},"author":3,"featured_media":2042,"comment_status":"closed","ping_status":"closed","sticky":false,"template":"","format":"standard","meta":{"footnotes":""},"categories":[2],"tags":[],"class_list":["post-2028","post","type-post","status-publish","format-standard","has-post-thumbnail","hentry","category-actualidad","resize-featured-image"],"_links":{"self":[{"href":"https:\/\/www.ecoticias.com\/hoyeco\/wp-json\/wp\/v2\/posts\/2028","targetHints":{"allow":["GET"]}}],"collection":[{"href":"https:\/\/www.ecoticias.com\/hoyeco\/wp-json\/wp\/v2\/posts"}],"about":[{"href":"https:\/\/www.ecoticias.com\/hoyeco\/wp-json\/wp\/v2\/types\/post"}],"author":[{"embeddable":true,"href":"https:\/\/www.ecoticias.com\/hoyeco\/wp-json\/wp\/v2\/users\/3"}],"replies":[{"embeddable":true,"href":"https:\/\/www.ecoticias.com\/hoyeco\/wp-json\/wp\/v2\/comments?post=2028"}],"version-history":[{"count":0,"href":"https:\/\/www.ecoticias.com\/hoyeco\/wp-json\/wp\/v2\/posts\/2028\/revisions"}],"wp:featuredmedia":[{"embeddable":true,"href":"https:\/\/www.ecoticias.com\/hoyeco\/wp-json\/wp\/v2\/media\/2042"}],"wp:attachment":[{"href":"https:\/\/www.ecoticias.com\/hoyeco\/wp-json\/wp\/v2\/media?parent=2028"}],"wp:term":[{"taxonomy":"category","embeddable":true,"href":"https:\/\/www.ecoticias.com\/hoyeco\/wp-json\/wp\/v2\/categories?post=2028"},{"taxonomy":"post_tag","embeddable":true,"href":"https:\/\/www.ecoticias.com\/hoyeco\/wp-json\/wp\/v2\/tags?post=2028"}],"curies":[{"name":"wp","href":"https:\/\/api.w.org\/{rel}","templated":true}]}}