{"id":20413,"date":"2025-05-05T15:30:56","date_gmt":"2025-05-05T13:30:56","guid":{"rendered":"https:\/\/www.ecoticias.com\/hoyeco\/?p=20413"},"modified":"2025-05-05T15:30:56","modified_gmt":"2025-05-05T13:30:56","slug":"apagon-energia-espana-marruecos","status":"publish","type":"post","link":"https:\/\/www.ecoticias.com\/hoyeco\/apagon-energia-espana-marruecos\/20413\/","title":{"rendered":"Quiz\u00e1s lo m\u00e1s sorprendente no fue el apag\u00f3n: Sino el pa\u00eds que nos ayud\u00f3 a superarlo"},"content":{"rendered":"<p>Espa\u00f1a poco a poco va recuperando su normalidad de suministro el\u00e9ctrico despu\u00e9s del gran apag\u00f3n sufrido por la pen\u00ednsula, que tambi\u00e9n afect\u00f3 a algunas localidades fronterizas de Francia y Portugal. Aunque la mayor\u00eda del territorio ya tiene electricidad y se cubre toda la demanda como era antes del evento. Pero <strong>esta r\u00e1pida recuperaci\u00f3n no hubiera sido posible sin el apoyo de este pa\u00eds<\/strong>. Veamos.<\/p>\n<h2>Un gran apag\u00f3n que tuvo en vilo a Europa<\/h2>\n<p>La vida cotidiana se desarrollaba con normalidad en Espa\u00f1a cuando a las 12:30 (GMT + 2) hora local, inesperadamente, ocurri\u00f3 un gran apag\u00f3n en varias \u00e1reas del territorio de la pen\u00ednsula que tambi\u00e9n tuvo afectaci\u00f3n en otros pa\u00edses de Europa. Es de hacer notar que afect\u00f3 la carga residencial, comercial, industrial, as\u00ed como el servicio del metro y ferroviario, al igual que el tr\u00e1fico terrestre.<\/p>\n<p>Uno de los sistemas m\u00e1s afectados fue el de telecomunicaciones fijas y m\u00f3viles, datos e internet, los que todav\u00eda presentan fallas intermitentes. Tan grave fue el evento que el ministro del Interior declar\u00f3 en emergencia los territorios de Madrid, Extremadura, La Rioja, Murcia, Andaluc\u00eda, Castilla \u2013 La Mancha, Galicia y la Comunidad Valenciana. Pero Espa\u00f1a <strong>cont\u00f3 con la inestimable ayuda de este pa\u00eds para recuperar el sistema el\u00e9ctrico<\/strong>.<\/p>\n<h2>El pa\u00eds que ayud\u00f3 a la pen\u00ednsula a recuperar su normalidad energ\u00e9tica<\/h2>\n<p>Sin la ayuda de este pa\u00eds del norte de \u00c1frica, que jug\u00f3 un papel crucial en la crisis, no habr\u00eda sido posible la recuperaci\u00f3n de casi el 100 % de la carga luego del gran apag\u00f3n totalmente inesperado sufrido por Espa\u00f1a y del cual a\u00fan se desconocen con precisi\u00f3n sus causas. <strong>Nos estamos refiriendo a Marruecos<\/strong> a quien el presidente de Espa\u00f1a agradeci\u00f3 su noble gesto de solidaridad para con el pueblo espa\u00f1ol.<\/p>\n<p>Para esto, Marruecos tom\u00f3 la importante decisi\u00f3n de asignar un 38 % de su generaci\u00f3n el\u00e9ctrica a Espa\u00f1a (que se encuentra en <a href=\"https:\/\/www.ecoticias.com\/hoyeco\/espana-apagon-central-nuclear\/15849\/\">un proceso de desnuclearizaci\u00f3n<\/a> que puede llevar a una crisis energ\u00e9tica en la pen\u00ednsula). Esto lo hizo a trav\u00e9s de la conexi\u00f3n que mantiene mediante dos l\u00edneas que pasan por el estrecho de Gibraltar. Esta acci\u00f3n se hizo luego de una solicitud de ayuda del operador gubernamental Red El\u00e9ctrica.<\/p>\n<p>Dirigido a la Empresa Nacional de Electricidad y Agua de Marruecos (ONEE), con este apoyo se logr\u00f3 el restablecimiento de las interconexiones que se cortaron en forma autom\u00e1tica debido a la inestabilidad y posterior ca\u00edda del sistema el\u00e9ctrico, tanto a nivel de generaci\u00f3n como de distribuci\u00f3n, lo que se hizo arrancando las centrales hidroel\u00e9ctricas y de ciclo combinado ubicadas en el sur de la pen\u00ednsula.<\/p>\n<p>De acuerdo a la informaci\u00f3n aportada por Electricity Maps, que es la plataforma que monitorea de manera constante los intercambios el\u00e9ctricos entre ambos pa\u00edses en tiempo real, para el momento del apag\u00f3n, Marruecos estaba exportando a Espa\u00f1a 700 MW. Horas despu\u00e9s, el equipo t\u00e9cnico de la electricidad de ese pa\u00eds se activ\u00f3, <strong>incrementando la exportaci\u00f3n en 500 MW<\/strong>.<\/p>\n<h2>En el futuro se espera mejorar la interconexi\u00f3n entre ambos pa\u00edses<\/h2>\n<p>Aunque el gesto de Marruecos represent\u00f3 solo un 5 % de la demanda de Espa\u00f1a sirvi\u00f3 para dar estabilidad al sistema durante el apag\u00f3n. En funci\u00f3n de colaborar en casos de emergencia como este evento que puede afectar a cualquiera de los dos pa\u00edses, se contempla la ampliaci\u00f3n de las dos l\u00edneas actuales en dos m\u00e1s para un total de cuatro por lo que se proyecta que <strong>est\u00e9n disponibles para el a\u00f1o 2028<\/strong>.<\/p>\n<p>Concluyendo, una de las cosas que m\u00e1s sorprendi\u00f3 del apag\u00f3n (aparte de evidenciar que <a href=\"https:\/\/www.ecoticias.com\/hoyeco\/apagon-masivo-espana-preparada\/18074\/\">Espa\u00f1a no est\u00e1 preparada<\/a> para un evento de esta magnitud) fue que Marruecos nos ayud\u00f3 en el proceso de normalizaci\u00f3n suministrando energ\u00eda para poder arrancar las centrales del sur del pa\u00eds. Aunque solo represent\u00f3 el 5 % de la demanda total de Espa\u00f1a, fue suficiente para que se pudieran ejecutar las maniobras necesarias.<\/p>\n","protected":false},"excerpt":{"rendered":"<p>Espa\u00f1a poco a poco va recuperando su normalidad de suministro el\u00e9ctrico despu\u00e9s del gran apag\u00f3n sufrido por la pen\u00ednsula, que &#8230; <\/p>\n<p class=\"read-more-container\"><a title=\"Quiz\u00e1s lo m\u00e1s sorprendente no fue el apag\u00f3n: Sino el pa\u00eds que nos ayud\u00f3 a superarlo\" class=\"read-more button\" href=\"https:\/\/www.ecoticias.com\/hoyeco\/apagon-energia-espana-marruecos\/20413\/#more-20413\" aria-label=\"Leer m\u00e1s sobre Quiz\u00e1s lo m\u00e1s sorprendente no fue el apag\u00f3n: Sino el pa\u00eds que nos ayud\u00f3 a superarlo\">Read more<\/a><\/p>\n","protected":false},"author":6,"featured_media":20417,"comment_status":"closed","ping_status":"closed","sticky":false,"template":"","format":"standard","meta":{"footnotes":""},"categories":[5],"tags":[],"class_list":["post-20413","post","type-post","status-publish","format-standard","has-post-thumbnail","hentry","category-energia","resize-featured-image"],"_links":{"self":[{"href":"https:\/\/www.ecoticias.com\/hoyeco\/wp-json\/wp\/v2\/posts\/20413","targetHints":{"allow":["GET"]}}],"collection":[{"href":"https:\/\/www.ecoticias.com\/hoyeco\/wp-json\/wp\/v2\/posts"}],"about":[{"href":"https:\/\/www.ecoticias.com\/hoyeco\/wp-json\/wp\/v2\/types\/post"}],"author":[{"embeddable":true,"href":"https:\/\/www.ecoticias.com\/hoyeco\/wp-json\/wp\/v2\/users\/6"}],"replies":[{"embeddable":true,"href":"https:\/\/www.ecoticias.com\/hoyeco\/wp-json\/wp\/v2\/comments?post=20413"}],"version-history":[{"count":0,"href":"https:\/\/www.ecoticias.com\/hoyeco\/wp-json\/wp\/v2\/posts\/20413\/revisions"}],"wp:featuredmedia":[{"embeddable":true,"href":"https:\/\/www.ecoticias.com\/hoyeco\/wp-json\/wp\/v2\/media\/20417"}],"wp:attachment":[{"href":"https:\/\/www.ecoticias.com\/hoyeco\/wp-json\/wp\/v2\/media?parent=20413"}],"wp:term":[{"taxonomy":"category","embeddable":true,"href":"https:\/\/www.ecoticias.com\/hoyeco\/wp-json\/wp\/v2\/categories?post=20413"},{"taxonomy":"post_tag","embeddable":true,"href":"https:\/\/www.ecoticias.com\/hoyeco\/wp-json\/wp\/v2\/tags?post=20413"}],"curies":[{"name":"wp","href":"https:\/\/api.w.org\/{rel}","templated":true}]}}