{"id":20662,"date":"2025-05-11T16:00:08","date_gmt":"2025-05-11T14:00:08","guid":{"rendered":"https:\/\/www.ecoticias.com\/hoyeco\/?p=20662"},"modified":"2025-05-11T16:00:08","modified_gmt":"2025-05-11T14:00:08","slug":"isla-espana-la-graciosa-canaria","status":"publish","type":"post","link":"https:\/\/www.ecoticias.com\/hoyeco\/isla-espana-la-graciosa-canaria\/20662\/","title":{"rendered":"La isla \u00abfantasma\u00bb de Espa\u00f1a, al descubierto: Viven 700 personas y casi nadie la conoce"},"content":{"rendered":"<p>En cada pa\u00eds hay<strong> lugares remotos<\/strong> de dif\u00edcil acceso en torno a los cuales se tejen mitos y leyendas que alimentan la fantas\u00eda, llegando a convertir a ese territorio en una atracci\u00f3n para aquellos de esp\u00edritu inquieto que tienen la intenci\u00f3n de vivir todas las aventuras posibles. Por eso no resulta extra\u00f1o que la isla \u00abfantasma\u00bb de Espa\u00f1a haya quedado al descubierto, ah\u00ed viven 700 personas y casi nadie la conoce.<\/p>\n<h2>Actualmente siguen existiendo misterios en el mar<\/h2>\n<p><strong>El mar es uno de los grandes misterios que no ha podido ser conquistado totalmente<\/strong> por los seres humanos, pues su propia naturaleza le permite mantener escondidos numerosos tesoros que esperan ser descubiertos. A lo largo de la historia, millones de aventureros se han lanzado a sus aguas con la finalidad de realizar nuevos hallazgos, pero en muchos casos tuvieron que regresar con las manos vac\u00edas.<\/p>\n<p>Incluso, muchos de esos viajeros ni siquiera volvieron, por eso no resulta extra\u00f1o que en la actualidad todav\u00eda no haya sido posible descubrir todos los secretos que se esconden en los grandes oc\u00e9anos de nuestro planeta, que comprenden aproximadamente el 70% de su superficie. Pero ahora, la isla \u00abfantasma\u00bb de Espa\u00f1a qued\u00f3 al descubierto, es un para\u00edso donde viven 700 personas y casi nadie la conoce.<\/p>\n<h2>La Graciosa por fin tiene su merecido reconocimiento<\/h2>\n<p>La Graciosa era considerada solo como un islote del archipi\u00e9lago Chinijo, hasta que a partir del a\u00f1o 2013 los gracioseros, liderados por Miguel \u00c1ngel P\u00e1ez, su ciudadano m\u00e1s prominente, decidieron que era el momento de que Espa\u00f1a les concediera su lugar. Finalmente, el 26 de junio de 2018, la Comisi\u00f3n General de las Comunidades Aut\u00f3nomas del Senado les otorg\u00f3 <strong>el reconocimiento como la octava isla de Canarias.<\/strong><\/p>\n<p>El camino recorrido fue largo, y comenz\u00f3 cuando fue descubierta a finales del siglo XV en plena era de los exploradores, pero su poblaci\u00f3n se asent\u00f3 hacia 1880, cuando se instal\u00f3 all\u00ed la factor\u00eda de salaz\u00f3n de pescado que atrajo a algunos habitantes de zonas cercanas. Actualmente, posee dos peque\u00f1as poblaciones, Pedro Barba, que fue su primer lugar habitado, y la m\u00e1s importante, que es Caleta de Sebo.<\/p>\n<p>Esta \u00faltima es su capital insular, que alberga a la mayor\u00eda de las 700 personas que viven all\u00ed. Su superficie total es de 29 km<sup>2<\/sup>, y fue nombrada Parque Natural y Reserva Marina en 1986, por lo cual la mayor parte de su territorio permanece pr\u00e1cticamente virgen, de hecho, es uno de los escasos territorios que no han sido tocados por el asfalto (y es tan hermosa como esta que \u00e9sta <a href=\"https:\/\/www.ecoticias.com\/hoyeco\/mejores-islas-espana-formentera\/16345\/\">entre las 10 mejores del mundo<\/a>).<\/p>\n<p>Desde finales del siglo pasado, los gracioseros notaron que los turistas se interesaban por su islote, y esto fue lo que deton\u00f3 el movimiento que les permiti\u00f3 ser reconocidos como isla para gestionar esta actividad y el cuidado del medioambiente. Este octavo miembro de Canarias contribuye a posicionar a Espa\u00f1a como <strong>un destino tur\u00edstico donde se disfruta de diversas regiones en su forma m\u00e1s pura y natural.<\/strong><\/p>\n<h2>La \u00abisla fantasma\u00bb de Espa\u00f1a tiene su lugar en Canarias<\/h2>\n<p>Todav\u00eda en esta \u00e9poca, existe lo que podr\u00eda ser considerado como un lugar \u00abfantasma\u00bb en Espa\u00f1a, se trata de Graciosa, la octava isla de Canarias. <strong>Este es un peque\u00f1o para\u00edso al que se puede llegar en un ferry<\/strong> <strong>que sale de Lanzarote<\/strong>, donde se puede disfrutar de diversas clases de atracciones tur\u00edsticas como volcanes, diferentes clases de playas salvajes, formaciones naturales como sus corales anaranjados y mucho m\u00e1s.<\/p>\n<p>En definitiva, La Graciosa fue un islote que logr\u00f3 obtener su merecido reconocimiento como la octava isla de Canarias debido a la perseverancia de sus habitantes. Con eso buscaban gestionar de la mejor manera la actividad tur\u00edstica y el cuidado de su medioambiente, el mayor tesoro, pues fue su belleza natural pr\u00e1cticamente virgen lo que permiti\u00f3 que fuera descubierta (como <a href=\"https:\/\/www.ecoticias.com\/hoyeco\/islas-secretas-espana-julio-verne\/11960\/\">estas islas secretas<\/a> de Espa\u00f1a que busco Julio Verne).<\/p>\n","protected":false},"excerpt":{"rendered":"<p>En cada pa\u00eds hay lugares remotos de dif\u00edcil acceso en torno a los cuales se tejen mitos y leyendas que &#8230; <\/p>\n<p class=\"read-more-container\"><a title=\"La isla \u00abfantasma\u00bb de Espa\u00f1a, al descubierto: Viven 700 personas y casi nadie la conoce\" class=\"read-more button\" href=\"https:\/\/www.ecoticias.com\/hoyeco\/isla-espana-la-graciosa-canaria\/20662\/#more-20662\" aria-label=\"Leer m\u00e1s sobre La isla \u00abfantasma\u00bb de Espa\u00f1a, al descubierto: Viven 700 personas y casi nadie la conoce\">Read more<\/a><\/p>\n","protected":false},"author":6,"featured_media":20669,"comment_status":"closed","ping_status":"closed","sticky":false,"template":"","format":"standard","meta":{"footnotes":""},"categories":[2],"tags":[],"class_list":["post-20662","post","type-post","status-publish","format-standard","has-post-thumbnail","hentry","category-actualidad","resize-featured-image"],"_links":{"self":[{"href":"https:\/\/www.ecoticias.com\/hoyeco\/wp-json\/wp\/v2\/posts\/20662","targetHints":{"allow":["GET"]}}],"collection":[{"href":"https:\/\/www.ecoticias.com\/hoyeco\/wp-json\/wp\/v2\/posts"}],"about":[{"href":"https:\/\/www.ecoticias.com\/hoyeco\/wp-json\/wp\/v2\/types\/post"}],"author":[{"embeddable":true,"href":"https:\/\/www.ecoticias.com\/hoyeco\/wp-json\/wp\/v2\/users\/6"}],"replies":[{"embeddable":true,"href":"https:\/\/www.ecoticias.com\/hoyeco\/wp-json\/wp\/v2\/comments?post=20662"}],"version-history":[{"count":0,"href":"https:\/\/www.ecoticias.com\/hoyeco\/wp-json\/wp\/v2\/posts\/20662\/revisions"}],"wp:featuredmedia":[{"embeddable":true,"href":"https:\/\/www.ecoticias.com\/hoyeco\/wp-json\/wp\/v2\/media\/20669"}],"wp:attachment":[{"href":"https:\/\/www.ecoticias.com\/hoyeco\/wp-json\/wp\/v2\/media?parent=20662"}],"wp:term":[{"taxonomy":"category","embeddable":true,"href":"https:\/\/www.ecoticias.com\/hoyeco\/wp-json\/wp\/v2\/categories?post=20662"},{"taxonomy":"post_tag","embeddable":true,"href":"https:\/\/www.ecoticias.com\/hoyeco\/wp-json\/wp\/v2\/tags?post=20662"}],"curies":[{"name":"wp","href":"https:\/\/api.w.org\/{rel}","templated":true}]}}