{"id":2135,"date":"2024-01-30T15:30:37","date_gmt":"2024-01-30T14:30:37","guid":{"rendered":"https:\/\/ecoticias.com\/hoyeco\/?p=2135"},"modified":"2024-01-30T15:30:37","modified_gmt":"2024-01-30T14:30:37","slug":"dgt-fija-vehiculos-hara-controles","status":"publish","type":"post","link":"https:\/\/www.ecoticias.com\/hoyeco\/dgt-fija-vehiculos-hara-controles\/2135\/","title":{"rendered":"La DGT se fija en estos veh\u00edculos: les har\u00e1 controles durante todo el mes"},"content":{"rendered":"<p>La <a href=\"https:\/\/ecoticias.com\/hoyeco\/cambios-radares-dgt-2024\/613\/\" target=\"_blank\" rel=\"noopener\"><strong>DGT<\/strong><\/a> est\u00e1 poniendo el foco en determinados<strong> veh\u00edculos<\/strong>. Conviene tenerlos localizados para permanecer atentos\/as y evitar cualquier contratiempo con el organismo. Cada cierto tiempo, la<strong> Direcci\u00f3n General de Tr\u00e1fico<\/strong> hace campa\u00f1as para asegurarse de que todos los conductores cumplen con la normativa vigente y que las carreteras sigan siendo tan seguras como deben ser. Las m\u00e1s comunes tienen que ver con la vigilancia de velocidad, el uso del cintur\u00f3n y todo lo relacionado con el alcohol, drogas y conducci\u00f3n. Aunque est\u00e1n son las que m\u00e1s se escuchan, no solo las \u00fanicas.<\/p>\n<p>Hace poco, la campa\u00f1a de la <a href=\"https:\/\/ecoticias.com\/hoyeco\/dgt-maniobra-cambio-drastico-puntos\/1032\/\" target=\"_blank\" rel=\"noopener\"><strong>DGT<\/strong><\/a> puso especial \u00e9nfasis en los <strong>veh\u00edculos<\/strong> de transporte escolar. Seg\u00fan los datos del organismo, durante el pasado curso m\u00e1s de 200.000 alumnos utilizaron un autocar escolar para llegar a sus respectivos centros educativos. Trat\u00e1ndose de una cifra abultada de personas y un sector vulnerable, se decidi\u00f3 hacer un seguimiento m\u00e1s exhaustivo de este tipo de veh\u00edculos.<\/p>\n<p>Los puntos sobre los que la <strong>DGT<\/strong> est\u00e1 m\u00e1s pendiente son el exceso de velocidad y el uso del tel\u00e9fono m\u00f3vil y otros aparatos que puedan suponer una distracci\u00f3n para el conductor o la conductora. Los siniestros m\u00e1s habituales en los que est\u00e1n implicados los autobuses escolares est\u00e1n vinculados por una circulaci\u00f3n demasiado r\u00e1pida o distracciones.<\/p>\n<p>Tambi\u00e9n los controles de alcohol y otras drogas. Asimismo, se verifica si el conductor, y el resto de los viajeros, tienen puesto el cintur\u00f3n de seguridad.<\/p>\n<h2>\u00bfQu\u00e9 es el transporte escolar?<\/h2>\n<p>El transporte escolar facilita la asistencia al colegio o instituto, al menos en la educaci\u00f3n obligatoria. Una actividad que se lleva adelante de manera reiterada y discrecional en autom\u00f3viles, tanto urbanos como interurbanos, p\u00fablicos o de servicios. Llevan a estudiantes hacia su centro de ense\u00f1anza a menores de 16 a\u00f1os.<\/p>\n<p>El concepto de transporte escolar engloba a los transportes p\u00fablicos regulares de uso especial de escolares por carretera, expediciones de transportes p\u00fablicos reguladores de viajeros, transportes p\u00fablicos discrecionales y transporte privados complementarios de viajeros por carretera que movilicen a personas con una edad inferior a 16 a\u00f1os.<\/p>\n<h2>Recomendaciones de la DGT para viajar seguro en el transporte escolar<\/h2>\n<p>La <strong>DGT<\/strong> ha dejado una serie de consejos para que aquellos que suben al transporte escolar disfruten de su viaje en lugar de padecerlo.<\/p>\n<ul>\n<li>No quedarse parado detr\u00e1s de un autob\u00fas. Hay que tener en cuenta que es un transporte voluminoso que no permite ver su parte posterior.<\/li>\n<li>Esperar la se\u00f1al del conductor para cruzar. Debe hacerse siempre al menos 3 metros por delante del autob\u00fas.<\/li>\n<li>Dentro del autocar, los usuarios deben permanecer sentados y llevar siempre puesto el cintur\u00f3n de seguridad.<\/li>\n<li>Mirar antes de cruzar a ambos lazos y cruzar siempre por pasos de peatones (en el caso de la persona que va caminando cerca del transporte).<\/li>\n<li>Caminar en el interior de la acera, lejos del bordillo.<\/li>\n<li>Tener cuidado con los coches que entran y salen de los garajes.<\/li>\n<\/ul>\n<h2>\u00bfQu\u00e9 multas pone la DGT por ir conduciendo con el m\u00f3vil?<\/h2>\n<p>Cada vez es m\u00e1s dif\u00edcil hablar por el m\u00f3vil conduciendo sin que esto tenga consecuencias, especialmente en el sector del transporte escolar. No obstante, no solo se multa al ciudadano\/a por hablar por tel\u00e9fono, sino por el solo hecho de sujetar un dispositivo con la mano mientras conduce.<\/p>\n<p>Esto supone una multa de 200 euros y 6 puntos del carnet, ya que la nueva reglamentaci\u00f3n lo considera una infracci\u00f3n grave. Tampoco pueden utilizarse otros dispositivos que no se tengan en la mano. La sanci\u00f3n en este caso son 200 euros de multa y la retirada de 3 puntos. Con estas imposiciones, la<strong> Direcci\u00f3n General de Tr\u00e1fico<\/strong> busca bajar el n\u00famero de siniestros en carretera y que el conductor no tenga ninguna distracci\u00f3n.<\/p>\n","protected":false},"excerpt":{"rendered":"<p>La DGT est\u00e1 poniendo el foco en determinados veh\u00edculos. Conviene tenerlos localizados para permanecer atentos\/as y evitar cualquier contratiempo con &#8230; <\/p>\n<p class=\"read-more-container\"><a title=\"La DGT se fija en estos veh\u00edculos: les har\u00e1 controles durante todo el mes\" class=\"read-more button\" href=\"https:\/\/www.ecoticias.com\/hoyeco\/dgt-fija-vehiculos-hara-controles\/2135\/#more-2135\" aria-label=\"Leer m\u00e1s sobre La DGT se fija en estos veh\u00edculos: les har\u00e1 controles durante todo el mes\">Read more<\/a><\/p>\n","protected":false},"author":3,"featured_media":2163,"comment_status":"closed","ping_status":"closed","sticky":false,"template":"","format":"standard","meta":{"footnotes":""},"categories":[6],"tags":[],"class_list":["post-2135","post","type-post","status-publish","format-standard","has-post-thumbnail","hentry","category-movilidad","resize-featured-image"],"_links":{"self":[{"href":"https:\/\/www.ecoticias.com\/hoyeco\/wp-json\/wp\/v2\/posts\/2135","targetHints":{"allow":["GET"]}}],"collection":[{"href":"https:\/\/www.ecoticias.com\/hoyeco\/wp-json\/wp\/v2\/posts"}],"about":[{"href":"https:\/\/www.ecoticias.com\/hoyeco\/wp-json\/wp\/v2\/types\/post"}],"author":[{"embeddable":true,"href":"https:\/\/www.ecoticias.com\/hoyeco\/wp-json\/wp\/v2\/users\/3"}],"replies":[{"embeddable":true,"href":"https:\/\/www.ecoticias.com\/hoyeco\/wp-json\/wp\/v2\/comments?post=2135"}],"version-history":[{"count":0,"href":"https:\/\/www.ecoticias.com\/hoyeco\/wp-json\/wp\/v2\/posts\/2135\/revisions"}],"wp:featuredmedia":[{"embeddable":true,"href":"https:\/\/www.ecoticias.com\/hoyeco\/wp-json\/wp\/v2\/media\/2163"}],"wp:attachment":[{"href":"https:\/\/www.ecoticias.com\/hoyeco\/wp-json\/wp\/v2\/media?parent=2135"}],"wp:term":[{"taxonomy":"category","embeddable":true,"href":"https:\/\/www.ecoticias.com\/hoyeco\/wp-json\/wp\/v2\/categories?post=2135"},{"taxonomy":"post_tag","embeddable":true,"href":"https:\/\/www.ecoticias.com\/hoyeco\/wp-json\/wp\/v2\/tags?post=2135"}],"curies":[{"name":"wp","href":"https:\/\/api.w.org\/{rel}","templated":true}]}}