{"id":2276,"date":"2024-02-01T14:30:17","date_gmt":"2024-02-01T13:30:17","guid":{"rendered":"https:\/\/ecoticias.com\/hoyeco\/?p=2276"},"modified":"2024-02-01T14:30:17","modified_gmt":"2024-02-01T13:30:17","slug":"cataluna-estado-de-emergencia","status":"publish","type":"post","link":"https:\/\/www.ecoticias.com\/hoyeco\/cataluna-estado-de-emergencia\/2276\/","title":{"rendered":"Esta regi\u00f3n declara el estado de emergencia: la situaci\u00f3n es \u00abcr\u00edtica\u00bb y el cambio clim\u00e1tico tiene la culpa"},"content":{"rendered":"<p>El cambio clim\u00e1tico amenazaba con desplegar sus graves consecuencias para el a\u00f1o 2050 en adelante, \u00bflo recuerdas? Sin embargo, las peores previsiones se han adelantado y ya han declarado en <strong>Catalu\u00f1a<\/strong> el\u00a0<strong>estado de emergencia<\/strong>. Conoce qu\u00e9 implicaciones tiene y c\u00f3mo deber\u00e1s adaptarte a esta medida que justo se anunciaba esta ma\u00f1ana (y que <a href=\"https:\/\/ecoticias.com\/hoyeco\/precios-gas-electricidad-alemania-2\/833\/\" target=\"_blank\" rel=\"noopener\">se suma a esta noticia en Alemania<\/a> con la que se preparan para lo peor).<\/p>\n<h2>La sequ\u00eda, un problema que Espa\u00f1a est\u00e1 afrontando \u00abtarde y mal\u00bb<\/h2>\n<p>Espa\u00f1a ha experimentado <strong>una primavera caracterizada por la sequ\u00eda<\/strong>, con escasas precipitaciones y temperaturas inusualmente altas, seg\u00fan el informe del Ministerio para la Transici\u00f3n Ecol\u00f3gica y Reto Demogr\u00e1fico. Una de sus conclusiones es que la sociedad act\u00faa \u00abtarde y mal\u00bb para abordar la problem\u00e1tica.<\/p>\n<p>La situaci\u00f3n es cr\u00edtica ya que el territorio peninsular enfrenta los cuatro tipos de sequ\u00eda: meteorol\u00f3gica, hidrol\u00f3gica, agr\u00edcola y socioecon\u00f3mica. Esta crisis se atribuye al comportamiento global del sistema oc\u00e9ano-atm\u00f3sfera y, como te imaginar\u00e1s, tiene bastante que ver con el cambio clim\u00e1tico.<\/p>\n<p>La falta de lluvias y las temperaturas elevadas <strong>han creado un escenario preocupante<\/strong> que afecta no solo a la disponibilidad de agua, sino tambi\u00e9n a la agricultura, los recursos h\u00eddricos y la econom\u00eda en general. La sequ\u00eda meteorol\u00f3gica ha dejado ver una escasez continuada de precipitaciones.<\/p>\n<h2>Catalu\u00f1a declara el estado de emergencia: la situaci\u00f3n es \u00abcr\u00edtica\u00bb<\/h2>\n<p>La sequ\u00eda ha alcanzado su punto m\u00e1ximo en Catalu\u00f1a, donde las reservas de agua del sistema Ter-Llobregat han ca\u00eddo por debajo del 16 % de su capacidad. El presidente catal\u00e1n, Pere Aragon\u00e8s, anunci\u00f3 la extensi\u00f3n del estado de emergencia a 202 municipios, afectando a m\u00e1s de seis millones de habitantes en el sur de de Girona:<\/p>\n<p>Otra de las zonas afectadas, y con una poblaci\u00f3 todav\u00eda mayor,<strong> es el \u00e1rea metropolitana de Barcelona<\/strong>. La situaci\u00f3n es catalogada como \u00abcr\u00edtica\u00bb, seg\u00fan la vicepresidenta de la Generalitat, Laura Vilagr\u00e0, y conlleva restricciones m\u00e1s severas en el uso del agua, abarcando aspectos agr\u00edcolas, industriales, urbanos y recreativos.<\/p>\n<p>La alerta en el sem\u00e1foro del plan catal\u00e1n implica medidas m\u00e1s estrictas para hacer frente a la escasez. Los efectos se extienden a los pantanos, acu\u00edferos, desalinizadoras y plantas de potabilizaci\u00f3n que conforman el Ter-Llobregat, impactando en la vida cotidiana de unos seis millones de habitantes.<\/p>\n<p>El presidente catal\u00e1n subray\u00f3 la gravedad de la situaci\u00f3n al afirmar que nunca antes hab\u00eda habido una sequ\u00eda tan prolongada y de tal intensidad en la regi\u00f3n. Con <strong>40 meses de niveles extremadamente reducidos de lluvia<\/strong>, incluso semanas sin precipitaciones en amplias \u00e1reas del pa\u00eds, Catalu\u00f1a se enfrenta a una crisis sin precedentes.<\/p>\n<h2>Lo que pasar\u00e1 a partir de ahora en m\u00e1s de 200 municipios<\/h2>\n<p>Ante la magnitud de la sequ\u00eda, Catalu\u00f1a ha implementado medidas para controlar el gasto de agua. La primera acci\u00f3n consiste en limitar el volumen liberado diariamente de las reservas, estableciendo <strong>una dotaci\u00f3n m\u00e1xima por persona y d\u00eda<\/strong> de 200 litros en municipios en emergencia I.<\/p>\n<p>Si la situaci\u00f3n empeora, el plan de sequ\u00eda contempla reducciones adicionales a 180 y 160 litros por persona y d\u00eda en los estadios II y III, respectivamente. Esta limitaci\u00f3n se extiende a actividades econ\u00f3micas y comerciales, no limit\u00e1ndose \u00fanicamente a los hogares.<\/p>\n<p>El presidente Aragon\u00e8s alert\u00f3 sobre la gravedad de la sequ\u00eda, describi\u00e9ndola como la peor del \u00faltimo siglo, y confirm\u00f3 que Catalu\u00f1a entra en fase de emergencia, afectando a m\u00e1s de 200 municipios en el \u00e1rea de Barcelona y las comarcas de Girona. \u00bfVes por qu\u00e9 este problema es de tal calado?<\/p>\n<p>El\u00a0<strong>estado de emergencia<\/strong> en\u00a0<strong>Catalu\u00f1a<\/strong>, como ves, no es una declaraci\u00f3n simb\u00f3lica ni una reivindicaci\u00f3n. Se trata de una de las primeras consecuencias graves del cambio clim\u00e1tico en nuestro pa\u00eds. El Gobierno contin\u00faa tomando medidas desesperadas para reducir las emisiones contaminantes a la atm\u00f3sfera. Eso s\u00ed, mantienen <a href=\"https:\/\/ecoticias.com\/hoyeco\/energia-nuclear-problema-gobierno\/658\/\" target=\"_blank\" rel=\"noopener\">esta decisi\u00f3n con la que llevan la contraria a toda Europa<\/a> y a parte del mundo.<\/p>\n","protected":false},"excerpt":{"rendered":"<p>El cambio clim\u00e1tico amenazaba con desplegar sus graves consecuencias para el a\u00f1o 2050 en adelante, \u00bflo recuerdas? Sin embargo, las &#8230; <\/p>\n<p class=\"read-more-container\"><a title=\"Esta regi\u00f3n declara el estado de emergencia: la situaci\u00f3n es \u00abcr\u00edtica\u00bb y el cambio clim\u00e1tico tiene la culpa\" class=\"read-more button\" href=\"https:\/\/www.ecoticias.com\/hoyeco\/cataluna-estado-de-emergencia\/2276\/#more-2276\" aria-label=\"Leer m\u00e1s sobre Esta regi\u00f3n declara el estado de emergencia: la situaci\u00f3n es \u00abcr\u00edtica\u00bb y el cambio clim\u00e1tico tiene la culpa\">Read more<\/a><\/p>\n","protected":false},"author":2,"featured_media":2281,"comment_status":"closed","ping_status":"closed","sticky":false,"template":"","format":"standard","meta":{"footnotes":""},"categories":[2],"tags":[],"class_list":["post-2276","post","type-post","status-publish","format-standard","has-post-thumbnail","hentry","category-actualidad","resize-featured-image"],"_links":{"self":[{"href":"https:\/\/www.ecoticias.com\/hoyeco\/wp-json\/wp\/v2\/posts\/2276","targetHints":{"allow":["GET"]}}],"collection":[{"href":"https:\/\/www.ecoticias.com\/hoyeco\/wp-json\/wp\/v2\/posts"}],"about":[{"href":"https:\/\/www.ecoticias.com\/hoyeco\/wp-json\/wp\/v2\/types\/post"}],"author":[{"embeddable":true,"href":"https:\/\/www.ecoticias.com\/hoyeco\/wp-json\/wp\/v2\/users\/2"}],"replies":[{"embeddable":true,"href":"https:\/\/www.ecoticias.com\/hoyeco\/wp-json\/wp\/v2\/comments?post=2276"}],"version-history":[{"count":0,"href":"https:\/\/www.ecoticias.com\/hoyeco\/wp-json\/wp\/v2\/posts\/2276\/revisions"}],"wp:featuredmedia":[{"embeddable":true,"href":"https:\/\/www.ecoticias.com\/hoyeco\/wp-json\/wp\/v2\/media\/2281"}],"wp:attachment":[{"href":"https:\/\/www.ecoticias.com\/hoyeco\/wp-json\/wp\/v2\/media?parent=2276"}],"wp:term":[{"taxonomy":"category","embeddable":true,"href":"https:\/\/www.ecoticias.com\/hoyeco\/wp-json\/wp\/v2\/categories?post=2276"},{"taxonomy":"post_tag","embeddable":true,"href":"https:\/\/www.ecoticias.com\/hoyeco\/wp-json\/wp\/v2\/tags?post=2276"}],"curies":[{"name":"wp","href":"https:\/\/api.w.org\/{rel}","templated":true}]}}