{"id":22896,"date":"2025-05-18T16:00:18","date_gmt":"2025-05-18T14:00:18","guid":{"rendered":"https:\/\/www.ecoticias.com\/hoyeco\/?p=22896"},"modified":"2025-05-18T16:00:18","modified_gmt":"2025-05-18T14:00:18","slug":"autonomos-hacienda-verifactu","status":"publish","type":"post","link":"https:\/\/www.ecoticias.com\/hoyeco\/autonomos-hacienda-verifactu\/22896\/","title":{"rendered":"Duro golpe a los aut\u00f3nomos: Hacienda adelanta su medida m\u00e1s temida"},"content":{"rendered":"<p>Ha comenzado el periodo dado para la declaraci\u00f3n del Impuesto sobre la Renta de Personas F\u00edsicas, pero con \u00e9l tambi\u00e9n llegan los anuncios referidos a los cambios que impone Hacienda a la forma de operaci\u00f3n, declaraci\u00f3n y facturaci\u00f3n. En los \u00faltimos a\u00f1os, este ente ha mantenido una f\u00e9rrea vigilancia sobre los aut\u00f3nomos con el fin de regularizar su ingreso al sistema tributario espa\u00f1ol. Veamos m\u00e1s de cerca.<\/p>\n<h2>Hacienda y los aut\u00f3nomos en Espa\u00f1a<\/h2>\n<p>En el actual entorno laboral, los trabajadores aut\u00f3nomos son una clase que est\u00e1 en continuo crecimiento dentro del mercado espa\u00f1ol, lo que ha obligado a instituciones p\u00fablicas como Hacienda a crear procesos tributarios dirigidos a ellos con el fin de que cumplan sus obligaciones tributarias. Sobre todo, en aquellos procesos que no estaban normalizados, lo cual muchas veces <strong>es motivo de preocupaci\u00f3n entre los contribuyentes<\/strong>.<\/p>\n<p>Por la carga administrativa que es compleja, por esta raz\u00f3n casi siempre requieren de asesoramiento especializado. Es por ello que, atendiendo esta preocupaci\u00f3n, el ente tributario ha implementado la digitalizaci\u00f3n de los diferentes procesos, la que tambi\u00e9n ha ayudado a disminuir el fraude y la evasi\u00f3n fiscal en los aut\u00f3nomos, a la vez que les hace mucho m\u00e1s f\u00e1cil el cumplimiento de sus obligaciones formales.<\/p>\n<h2>Pero han dado un duro golpe a los aut\u00f3nomos<\/h2>\n<p>Hacienda ha adelantado tres meses la activaci\u00f3n de su sistema llamado Verifactu lo que significar\u00e1 un duro golpe para los aut\u00f3nomos. El mismo se refiere a la estandarizaci\u00f3n del proceso y formatos que deben seguir para la facturaci\u00f3n lo cual se deber\u00e1 hacer con software electr\u00f3nicos debidamente autorizados que <strong>soporten los procedimientos de emisi\u00f3n de facturas<\/strong> de los trabajadores independientes.<\/p>\n<p>Este sistema, junto con todos los procedimientos, fue aprobado en el Real Decreto 1007\/2023 promulgado el cinco de diciembre (como cuando el ente tributario dej\u00f3 claro que era <a href=\"https:\/\/www.ecoticias.com\/hoyeco\/salario-minimo-autonomo-hacienda\/18613\/\">mejor ganar un sueldo m\u00ednimo que trabajar como aut\u00f3nomo<\/a> por los impuestos que se deben pagar). Tambi\u00e9n implica que aquellos trabajadores independientes pueden remitir sus facturas emitidas o simplificadas com\u00fanmente llamadas tickets.<\/p>\n<p>A las oficinas tributario, siempre y cuando su facturaci\u00f3n total sea equivalente o menor a los seis millones de euros. Este paso significa la consolidaci\u00f3n de la digitalizaci\u00f3n del procedimiento de facturaci\u00f3n de los aut\u00f3nomos que ya es una obligaci\u00f3n y no una recomendaci\u00f3n como se consideraba anteriormente aunque el proceso es por ahora voluntario, por lo que quienes deseen utilizarlo ver\u00e1n que sus resultados son reales para Hacienda.<\/p>\n<p>De manera que tendr\u00e1n este adelanto ganado ya que es automatizado. Pero para el a\u00f1o 2026 ser\u00e1 obligatorio, <strong>espec\u00edficamente a partir del primero de julio para los aut\u00f3nomos<\/strong>. Sin embargo, se recomienda que desde ahora vayan familiariz\u00e1ndose en su uso ya que, de acuerdo a una encuesta realizada, nueve de cada diez desconocen esta nueva forma de facturar a pesar de que les afecta directamente exponi\u00e9ndolos a sanciones.<\/p>\n<h2>Un entorno de pruebas para ir conociendo al nuevo Verifactu<\/h2>\n<p>Con el fin de evitar problemas con los sistemas validando su funcionamiento y capacidades, Hacienda ha dispuesto un entorno para pruebas dirigido a proveedores y empresas de software para que <strong>hagan todos los ensayos antes de que entre en vigencia oficialmente<\/strong>. Asimismo, junto con \u00e9l, ha colocado una direcci\u00f3n de correo electr\u00f3nico donde se podr\u00e1n realizar consultas, recomendaciones y reportar errores.<\/p>\n<p>En definitiva, los aut\u00f3nomos acaban de recibir un duro golpe de Hacienda con la activaci\u00f3n del sistema Verifactu que, aunque a\u00fan no es obligatorio su uso, ya es un adelanto de lo que les espera en el proceso de facturaci\u00f3n (por lo que es mejor que, si trabajas por tu cuenta, conozcas estos <a href=\"https:\/\/www.ecoticias.com\/hoyeco\/hacienda-autonomos-irpf\/18691\/\">ocho deducibles si no quieres que te desplumen<\/a>). Recuerda que entra en vigencia para el primero de julio de 2026.<\/p>\n","protected":false},"excerpt":{"rendered":"<p>Ha comenzado el periodo dado para la declaraci\u00f3n del Impuesto sobre la Renta de Personas F\u00edsicas, pero con \u00e9l tambi\u00e9n &#8230; <\/p>\n<p class=\"read-more-container\"><a title=\"Duro golpe a los aut\u00f3nomos: Hacienda adelanta su medida m\u00e1s temida\" class=\"read-more button\" href=\"https:\/\/www.ecoticias.com\/hoyeco\/autonomos-hacienda-verifactu\/22896\/#more-22896\" aria-label=\"Leer m\u00e1s sobre Duro golpe a los aut\u00f3nomos: Hacienda adelanta su medida m\u00e1s temida\">Read more<\/a><\/p>\n","protected":false},"author":6,"featured_media":22965,"comment_status":"closed","ping_status":"closed","sticky":false,"template":"","format":"standard","meta":{"footnotes":""},"categories":[4],"tags":[],"class_list":["post-22896","post","type-post","status-publish","format-standard","has-post-thumbnail","hentry","category-consumo","resize-featured-image"],"_links":{"self":[{"href":"https:\/\/www.ecoticias.com\/hoyeco\/wp-json\/wp\/v2\/posts\/22896","targetHints":{"allow":["GET"]}}],"collection":[{"href":"https:\/\/www.ecoticias.com\/hoyeco\/wp-json\/wp\/v2\/posts"}],"about":[{"href":"https:\/\/www.ecoticias.com\/hoyeco\/wp-json\/wp\/v2\/types\/post"}],"author":[{"embeddable":true,"href":"https:\/\/www.ecoticias.com\/hoyeco\/wp-json\/wp\/v2\/users\/6"}],"replies":[{"embeddable":true,"href":"https:\/\/www.ecoticias.com\/hoyeco\/wp-json\/wp\/v2\/comments?post=22896"}],"version-history":[{"count":0,"href":"https:\/\/www.ecoticias.com\/hoyeco\/wp-json\/wp\/v2\/posts\/22896\/revisions"}],"wp:featuredmedia":[{"embeddable":true,"href":"https:\/\/www.ecoticias.com\/hoyeco\/wp-json\/wp\/v2\/media\/22965"}],"wp:attachment":[{"href":"https:\/\/www.ecoticias.com\/hoyeco\/wp-json\/wp\/v2\/media?parent=22896"}],"wp:term":[{"taxonomy":"category","embeddable":true,"href":"https:\/\/www.ecoticias.com\/hoyeco\/wp-json\/wp\/v2\/categories?post=22896"},{"taxonomy":"post_tag","embeddable":true,"href":"https:\/\/www.ecoticias.com\/hoyeco\/wp-json\/wp\/v2\/tags?post=22896"}],"curies":[{"name":"wp","href":"https:\/\/api.w.org\/{rel}","templated":true}]}}