{"id":23263,"date":"2025-05-16T16:00:55","date_gmt":"2025-05-16T14:00:55","guid":{"rendered":"https:\/\/www.ecoticias.com\/hoyeco\/?p=23263"},"modified":"2025-05-16T16:00:55","modified_gmt":"2025-05-16T14:00:55","slug":"remo-espana-y-marruecos-energia","status":"publish","type":"post","link":"https:\/\/www.ecoticias.com\/hoyeco\/remo-espana-y-marruecos-energia\/23263\/","title":{"rendered":"As\u00ed es Remo, \u00abel territorio compartido\u00bb por Espa\u00f1a y Marruecos"},"content":{"rendered":"<p>Entre los pa\u00edses fronterizos existen, por lo general, muy buenas relaciones a pesar de las diferencias que puedan tener marcadas precisamente por esa cercan\u00eda. Pero la principal ventaja es la cooperaci\u00f3n de complementariedad que se da entre estas naciones en caso de desastres asi como apoyo econ\u00f3mico y comercial. Un ejemplo de este caso lo representa el Remo entre Espa\u00f1a y Marruecos.<\/p>\n<h2>Espa\u00f1a y Marruecos: una simbiosis que es hist\u00f3rica<\/h2>\n<p>Espa\u00f1a y Marruecos son dos naciones que, a pesar de sus diferencias sobre todo en cuanto religi\u00f3n, comparten mucho en com\u00fan por su cercan\u00eda geogr\u00e1fica, el comercio existente entre sus gobiernos y una intrincada red de intereses sociales y econ\u00f3micos. Adem\u00e1s de que est\u00e1n separados por tan solo 14 kil\u00f3metros por el Estrecho de Gibraltar un paso que tambi\u00e9n es, a veces, infranqueable por sus caracter\u00edsticas topogr\u00e1ficas.<\/p>\n<p>Esta situaci\u00f3n tambi\u00e9n se manifiesta por el hecho de que cada pa\u00eds es el principal socio comercial del otro y miles de empresas tienen presencia activa en ambas naciones. A pesar de que en el pasado se han tenido tensiones diplom\u00e1ticas como la definici\u00f3n de la soberan\u00eda sobre Melilla y Ceuta. Pero ahora se tiene una estrecha colaboraci\u00f3n de ayuda mutua en <strong>temas como seguridad energ\u00e9tica<\/strong>.<\/p>\n<h2>Remo: la interconexi\u00f3n el\u00e9ctrica entre \u00c1frica y Europa<\/h2>\n<p>El proyecto de Refuerzo El\u00e9ctrico Mediterr\u00e1neo Occidental (Remo) es una interconexi\u00f3n el\u00e9ctrica perteneciente a l\u2019Office National de l\u2019\u00c9lectricit\u00e9 empresa estatal de Marruecos y la Red El\u00e9ctrica Espa\u00f1ola, que conecta a Espa\u00f1a y Marruecos, as\u00ed como a Europa y \u00c1frica, <strong>mediante la subestaci\u00f3n marroqu\u00ed de Fardioua con la de Tarifa en la pen\u00ednsula<\/strong>. Su primera fase culmin\u00f3 en 1997 y fue finalizada totalmente en 2006.<\/p>\n<p>La misma tiene una capacidad de manejar 1400 MW en muy alto voltaje para minimizar p\u00e9rdidas, est\u00e1 compuesta por tres cables submarinos de gran calibre que tienen un recorrido por todo el fondo del Estrecho de Gibraltar de, aproximadamente 29 kil\u00f3metros a una profundidad m\u00e1xima de 620 metros (esto \u00faltimo es una de las razones por las que <a href=\"https:\/\/www.ecoticias.com\/hoyeco\/puente-espana-africa-motivo\/20262\/\">no se ha podido construir un puente<\/a> entre ambas naciones).<\/p>\n<p>Estos cables est\u00e1n enterrados y tienen revestimientos de hormig\u00f3n como forma de protecci\u00f3n para asegurar su disposici\u00f3n en caso de requerirse un intercambio energ\u00e9tico de emergencia. La muestra de esto la dio con el apag\u00f3n sufrido por Espa\u00f1a puesto que a trav\u00e9s de estos conductores el pa\u00eds africano pudo enviar el 38 % de su producci\u00f3n para ayudar a la pen\u00ednsula a reactivar la electricidad en la parte sur del pa\u00eds.<\/p>\n<p>Pero Remo no solo es un factor de seguridad energ\u00e9tica para ambos pa\u00edses, sino que es parte del llamado <strong>\u201canillo de electricidad del Mediterr\u00e1neo\u201d<\/strong>, que beneficia a varios pa\u00edses y que consolida a Espa\u00f1a y Marruecos como puente energ\u00e9tico que une a \u00c1frica y Europa. Esta estructura requiri\u00f3 una inversi\u00f3n total de 115 millones de euros los cuales fueron aportados por ambos pa\u00edses con la ayuda de organismos internacionales.<\/p>\n<h2>Remo tambi\u00e9n tiene su lado de cuidado ambiental<\/h2>\n<p>Desde el inicio de su dise\u00f1o por parte de Espa\u00f1a y Marruecos, Remo ha priorizado el <strong>cuidado del medioambiente terrestre y marino<\/strong>, as\u00ed como la sostenibilidad. Para ello, ambas naciones llevaron a cabo cuidadosos estudios con el fin de provocar el m\u00ednimo impacto ambiental en los fr\u00e1giles ecosistemas de la zona. Asimismo, en aquellos espacios intervenidos se restaur\u00f3 el h\u00e1bitat y se protegi\u00f3 la fauna local.<\/p>\n<p>Como conclusi\u00f3n, Remo es un proyecto de electricidad que ofrece seguridad energ\u00e9tica para Espa\u00f1a y Marruecos (lo cual qued\u00f3 demostrado durante el <a href=\"https:\/\/www.ecoticias.com\/hoyeco\/apagon-energia-espana-marruecos\/20413\/\">gran apag\u00f3n que afect\u00f3 la pen\u00ednsula<\/a>). La infraestructura forma parte del \u201canillo de electricidad del Mediterr\u00e1neo\u201d, por lo que interconecta varios pa\u00edses asegur\u00e1ndoles electricidad en momentos de crisis, la cual podr\u00e1 ser suplida desde cualquier punto del anillo.<\/p>\n","protected":false},"excerpt":{"rendered":"<p>Entre los pa\u00edses fronterizos existen, por lo general, muy buenas relaciones a pesar de las diferencias que puedan tener marcadas &#8230; <\/p>\n<p class=\"read-more-container\"><a title=\"As\u00ed es Remo, \u00abel territorio compartido\u00bb por Espa\u00f1a y Marruecos\" class=\"read-more button\" href=\"https:\/\/www.ecoticias.com\/hoyeco\/remo-espana-y-marruecos-energia\/23263\/#more-23263\" aria-label=\"Leer m\u00e1s sobre As\u00ed es Remo, \u00abel territorio compartido\u00bb por Espa\u00f1a y Marruecos\">Read more<\/a><\/p>\n","protected":false},"author":6,"featured_media":23285,"comment_status":"closed","ping_status":"closed","sticky":false,"template":"","format":"standard","meta":{"footnotes":""},"categories":[2],"tags":[],"class_list":["post-23263","post","type-post","status-publish","format-standard","has-post-thumbnail","hentry","category-actualidad","resize-featured-image"],"_links":{"self":[{"href":"https:\/\/www.ecoticias.com\/hoyeco\/wp-json\/wp\/v2\/posts\/23263","targetHints":{"allow":["GET"]}}],"collection":[{"href":"https:\/\/www.ecoticias.com\/hoyeco\/wp-json\/wp\/v2\/posts"}],"about":[{"href":"https:\/\/www.ecoticias.com\/hoyeco\/wp-json\/wp\/v2\/types\/post"}],"author":[{"embeddable":true,"href":"https:\/\/www.ecoticias.com\/hoyeco\/wp-json\/wp\/v2\/users\/6"}],"replies":[{"embeddable":true,"href":"https:\/\/www.ecoticias.com\/hoyeco\/wp-json\/wp\/v2\/comments?post=23263"}],"version-history":[{"count":0,"href":"https:\/\/www.ecoticias.com\/hoyeco\/wp-json\/wp\/v2\/posts\/23263\/revisions"}],"wp:featuredmedia":[{"embeddable":true,"href":"https:\/\/www.ecoticias.com\/hoyeco\/wp-json\/wp\/v2\/media\/23285"}],"wp:attachment":[{"href":"https:\/\/www.ecoticias.com\/hoyeco\/wp-json\/wp\/v2\/media?parent=23263"}],"wp:term":[{"taxonomy":"category","embeddable":true,"href":"https:\/\/www.ecoticias.com\/hoyeco\/wp-json\/wp\/v2\/categories?post=23263"},{"taxonomy":"post_tag","embeddable":true,"href":"https:\/\/www.ecoticias.com\/hoyeco\/wp-json\/wp\/v2\/tags?post=23263"}],"curies":[{"name":"wp","href":"https:\/\/api.w.org\/{rel}","templated":true}]}}