{"id":2356,"date":"2024-02-04T11:33:15","date_gmt":"2024-02-04T10:33:15","guid":{"rendered":"https:\/\/ecoticias.com\/hoyeco\/?p=2356"},"modified":"2024-02-04T11:33:15","modified_gmt":"2024-02-04T10:33:15","slug":"dgt-carne-medidas-drasticas","status":"publish","type":"post","link":"https:\/\/www.ecoticias.com\/hoyeco\/dgt-carne-medidas-drasticas\/2356\/","title":{"rendered":"La DGT toma medidas dr\u00e1sticas: esta es la causa por la que te retirar\u00e1 el carn\u00e9 de conducir a esta edad"},"content":{"rendered":"<p>La <a href=\"https:\/\/ecoticias.com\/hoyeco\/patinetes-electricos-homologados-dgt\/2105\/\" target=\"_blank\" rel=\"noopener\"><strong>DGT<\/strong><\/a> est\u00e1 tomando medidas y hay una raz\u00f3n por la que podr\u00eda quitarte en<strong> carn\u00e9<\/strong> de conducir. Hay una edad a partir de la que el permiso quedar\u00eda fuera del alcance de los ciudadanos\/as. Una leyenda popular que asegura que las personas mayores de 65 a\u00f1os se quedar\u00e1n sin carnet.<\/p>\n<p>Esto no es exactamente as\u00ed, ya que l<strong>a Direcci\u00f3n General de Tr\u00e1fico<\/strong> no te quita la oportunidad de manejar por llegar a una edad determinada, pero s\u00ed realiza an\u00e1lisis m\u00e1s minuciosos para verificar si has perdido reflejos o no. Por eso s\u00ed que hay una edad a partir de la cual existe un mayor peligro. Es por eso que los conductores que deseen renovar su <strong>carn\u00e9<\/strong> deben poner especial cuidado a los detalles.<\/p>\n<p>Las autoridades competentes pueden imponer algunas restricciones respecto a la renovaci\u00f3n del carnet de conducir a los ciudadanos\/as mayores de 65 a\u00f1os seg\u00fan el estado en el que los vean. Para empezar, la <a href=\"https:\/\/ecoticias.com\/hoyeco\/dgt-fija-vehiculos-hara-controles\/2135\/\" target=\"_blank\" rel=\"noopener\"><strong>DGT<\/strong><\/a> determina que deben reducirse los tiempos entre visita y visita con el facultativo, adem\u00e1s de que este grupo de personas debe superar m\u00e1s revisiones. Solo as\u00ed el organismo se queda tranquilo y confirma que el conductor est\u00e1 en perfectas condiciones para seguir circulando.<\/p>\n<p>Por ahora, la <strong>DGT<\/strong> no establece ning\u00fan l\u00edmite de edad para conducir mientras que el usuario demuestra que est\u00e1 en \u00f3ptimas condiciones para hacerlo. Cabe destacar que el <strong>carn\u00e9<\/strong> de conducir B puede renovarse cada 10 a\u00f1os en los ciudadanos de entre 18 y 65 a\u00f1os. A partir de los 65 esa renovaci\u00f3n pasa a ser cada 5 a\u00f1os.<\/p>\n<h2>Esto es lo que dice la DGT sobre las renovaciones del carn\u00e9 de conducir<\/h2>\n<p>Para la <strong>DGT<\/strong> no existe una fecha l\u00edmite para que los conductores en plenas facultades conduzcan por <strong>Espa\u00f1a<\/strong>. Lo \u00fanico que deben hacer los conductores mayores de 65 a\u00f1os es superar las pruebas y exigencias que le son impuestas. Lo que busca la instituci\u00f3n es medir sus capacidades y determinar si sigue siendo seguro que manejen sus veh\u00edculos por las calles.<\/p>\n<p>El objetivo siempre es reducir el n\u00famero de accidentes en carretera. En muchos casos, son los propios usuarios los que deciden seguir conduciendo o no. Lo que s\u00ed tiene en cuenta el organismo es que a ciertas edades comienzan a perderse capacidades auditivas y visuales. Para dar la oportunidad a los ciudadanos de edades avanzadas, someten a las personas mayores a estudios m\u00e1s rigurosos.<\/p>\n<p>Si los ex\u00e1menes a los que se someten los mayores de 65 a\u00f1os arrojan que la persona tiene una respuesta m\u00e1s lenta ante accidentes s\u00ed que podr\u00eda ver restringida o anulada su posibilidad de conducir. Esto con el fin de proteger a los peatones, el resto de los conductores y al propio individuo.<\/p>\n<h2>La DGT no pone l\u00edmites de edad para conducir, pero hay una realidad contra la que no puede luchar<\/h2>\n<p>Si bien la<strong> DGT<\/strong> no dice expresamente que a partir de los 65 a\u00f1os no se puede conducir, hay una realidad contra la que ning\u00fan ser humano puede luchar: el envejecimiento. A medida que pasa el tiempo, todos los individuos pierden facultades y comienzan a tener menos habilidades para la conducci\u00f3n. Es una realidad que alcanza a todos y, aunque algunas personas llegan a edades avanzadas antes que otras, es una situaci\u00f3n que termina llegando.<\/p>\n<p>Es por eso que el organismo solicita precauci\u00f3n a los conductores de estas edades e intensifica los ex\u00e1menes a los que deben someterse. Lo m\u00e1s conveniente para los ciudadanos que empiezan a notar que pierden reflejos o alcanzan determinadas edades es someterse a los ex\u00e1menes de la instituci\u00f3n e incluso hacerse chequeos m\u00e9dicos regulares para una mayor tranquilidad. Renunciando al <strong>carn\u00e9<\/strong> de conducir a tiempo los usuarios pueden salvar su vida y la de los dem\u00e1s.<\/p>\n","protected":false},"excerpt":{"rendered":"<p>La DGT est\u00e1 tomando medidas y hay una raz\u00f3n por la que podr\u00eda quitarte en carn\u00e9 de conducir. Hay una &#8230; <\/p>\n<p class=\"read-more-container\"><a title=\"La DGT toma medidas dr\u00e1sticas: esta es la causa por la que te retirar\u00e1 el carn\u00e9 de conducir a esta edad\" class=\"read-more button\" href=\"https:\/\/www.ecoticias.com\/hoyeco\/dgt-carne-medidas-drasticas\/2356\/#more-2356\" aria-label=\"Leer m\u00e1s sobre La DGT toma medidas dr\u00e1sticas: esta es la causa por la que te retirar\u00e1 el carn\u00e9 de conducir a esta edad\">Read more<\/a><\/p>\n","protected":false},"author":3,"featured_media":2388,"comment_status":"closed","ping_status":"closed","sticky":false,"template":"","format":"standard","meta":{"footnotes":""},"categories":[6],"tags":[],"class_list":["post-2356","post","type-post","status-publish","format-standard","has-post-thumbnail","hentry","category-movilidad","resize-featured-image"],"_links":{"self":[{"href":"https:\/\/www.ecoticias.com\/hoyeco\/wp-json\/wp\/v2\/posts\/2356","targetHints":{"allow":["GET"]}}],"collection":[{"href":"https:\/\/www.ecoticias.com\/hoyeco\/wp-json\/wp\/v2\/posts"}],"about":[{"href":"https:\/\/www.ecoticias.com\/hoyeco\/wp-json\/wp\/v2\/types\/post"}],"author":[{"embeddable":true,"href":"https:\/\/www.ecoticias.com\/hoyeco\/wp-json\/wp\/v2\/users\/3"}],"replies":[{"embeddable":true,"href":"https:\/\/www.ecoticias.com\/hoyeco\/wp-json\/wp\/v2\/comments?post=2356"}],"version-history":[{"count":0,"href":"https:\/\/www.ecoticias.com\/hoyeco\/wp-json\/wp\/v2\/posts\/2356\/revisions"}],"wp:featuredmedia":[{"embeddable":true,"href":"https:\/\/www.ecoticias.com\/hoyeco\/wp-json\/wp\/v2\/media\/2388"}],"wp:attachment":[{"href":"https:\/\/www.ecoticias.com\/hoyeco\/wp-json\/wp\/v2\/media?parent=2356"}],"wp:term":[{"taxonomy":"category","embeddable":true,"href":"https:\/\/www.ecoticias.com\/hoyeco\/wp-json\/wp\/v2\/categories?post=2356"},{"taxonomy":"post_tag","embeddable":true,"href":"https:\/\/www.ecoticias.com\/hoyeco\/wp-json\/wp\/v2\/tags?post=2356"}],"curies":[{"name":"wp","href":"https:\/\/api.w.org\/{rel}","templated":true}]}}