{"id":23981,"date":"2025-05-24T15:30:19","date_gmt":"2025-05-24T13:30:19","guid":{"rendered":"https:\/\/www.ecoticias.com\/hoyeco\/?p=23981"},"modified":"2025-05-24T15:30:19","modified_gmt":"2025-05-24T13:30:19","slug":"alemania-espana-energia-nuclear","status":"publish","type":"post","link":"https:\/\/www.ecoticias.com\/hoyeco\/alemania-espana-energia-nuclear\/23981\/","title":{"rendered":"Alemania y Espa\u00f1a escucha: El asunto m\u00e1s urgente y complejo del pa\u00eds"},"content":{"rendered":"<p>Cuando se va a tomar una decisi\u00f3n importante, es necesario pensarla y reflexionarla profundamente, y nunca est\u00e1 de m\u00e1s la b\u00fasqueda de experiencias anteriores que sean similares a lo que se quiere hacer, porque se puede aprender mucho, e incluso podr\u00eda servir para mejorar la propuesta que se tiene en mente. Por eso, Alemania habla y Espa\u00f1a escucha, porque ahora enfrenta el asunto m\u00e1s urgente y complejo del pa\u00eds.<\/p>\n<h2>Aprender de la experiencia ajena ayuda a resolver problemas<\/h2>\n<p>Aunque dicen que nadie aprende de las vivencias ajenas, hay quienes s\u00ed tienen la capacidad de aprovecharlas para tratar de no cometer los mismos errores cuando se trata de alg\u00fan fracaso, o para <strong>tomar los aspectos positivos que hayan servido para obtener un triunfo<\/strong> o una ganancia. En este \u00faltimo caso no solo se trata de imitar las acciones anteriores, sino que m\u00e1s bien lo ideal ser\u00eda mejorarlas para lograr el \u00e9xito.<\/p>\n<p>Esto mismo se podr\u00eda aplicar entre las naciones, pues a pesar de todas las diferencias que puedan existir entre ellas, podr\u00edan tener grandes similitudes con respecto a los problemas b\u00e1sicos que pueden enfrentar, sobre todo si son cercanos. En este caso, si Alemania habla y Espa\u00f1a escucha, podr\u00eda tener en cuenta su experiencia para resolver con mayor eficiencia el asunto m\u00e1s urgente y complejo del pa\u00eds.<\/p>\n<h2>Un sistema el\u00e9ctrico m\u00e1s robusto para Espa\u00f1a<\/h2>\n<p>El apag\u00f3n ocurrido recientemente en Espa\u00f1a ha encendido las alarmas en otros pa\u00edses de la Uni\u00f3n Europea, que ahora buscan mecanismos para desarrollar nuevos planes que les brinden la posibilidad de contar con un sistema energ\u00e9tico m\u00e1s fuerte. En este sentido, el gobierno alem\u00e1n ha propuesto la exploraci\u00f3n de diversas <strong>soluciones innovadoras que est\u00e9n centradas principalmente en la seguridad energ\u00e9tica. <\/strong><\/p>\n<p>De esa manera se abren a nuevas posibilidades que buscan fortalecer sus redes de suministro de electricidad, pues para ellos es evidente que las renovables no tienen la capacidad de satisfacer los requerimientos de las diversas industrias y el transporte. Por eso, han presentado algunas alternativas como la utilizaci\u00f3n de generadores que funcionen con gas, para inyectar unos 20 GW de energ\u00eda a su sistema.<\/p>\n<p>Mientras tanto, los pol\u00edticos espa\u00f1oles entraron en una fuerte controversia acerca de la conveniencia de mantener en funcionamiento las centrales nucleares para fortalecer la red el\u00e9ctrica nacional. B\u00e1sicamente, se debaten entre dos posiciones, por una parte, hay quienes sostienen que la causa fundamental del apag\u00f3n est\u00e1 relacionada con el empleo de las energ\u00edas solar y e\u00f3lica, que son intermitentes e inestables.<\/p>\n<p>Por otra parte, hay quienes defienden su uso y se\u00f1alan que no tuvieron nada que ver con esa situaci\u00f3n, y de esa discusi\u00f3n <strong>surgi\u00f3 la propuesta de prolongar el uso de energ\u00eda nuclear<\/strong> si sus due\u00f1os cumplen ciertas condiciones <a href=\"https:\/\/www.ecoticias.com\/hoyeco\/apague-centrales-nucleares-espana\/20421\/\">(aunque tambi\u00e9n se dice que los reactores at\u00f3micos fueron \u201cenvenenados\u201d<\/a>). Esto no significa que Espa\u00f1a renuncie a las renovables, sino que ahora formar\u00e1n parte de un mix energ\u00e9tico.<\/p>\n<h2>Existen otras alternativas para respaldar la red nacional<\/h2>\n<p>Ante el planteamiento de que Espa\u00f1a pueda contar con una red nacional basada en energ\u00edas limpias que adicionalmente sea protegida con el respaldo estable de otras fuentes energ\u00e9ticas, se tuvo como primera opci\u00f3n la nuclear. Sin embargo, si por alguna raz\u00f3n eso no es posible, <strong>se propuso tambi\u00e9n el empleo de otras alternativas igual de confiables<\/strong> como el gas, tal como lo va a hacer Alemania, o la energ\u00eda hidroel\u00e9ctrica.<\/p>\n<p>En definitiva, el apag\u00f3n ocurrido recientemente en Espa\u00f1a ha encendido las alarmas en otros pa\u00edses de la Uni\u00f3n Europea, que ahora buscan el fortalecimiento de sus sistemas el\u00e9ctricos (porque se preguntan si <a href=\"https:\/\/www.ecoticias.com\/hoyeco\/apagon-espana-paneles-termicos\/20406\/\">habr\u00e1 otro apag\u00f3n<\/a>). Los pol\u00edticos espa\u00f1oles est\u00e1n divididos entre quienes defienden las renovables y los que prefieren contar con un mix energ\u00e9tico de respaldo que podr\u00eda ser la nuclear en primer lugar, el gas o la hidroel\u00e9ctrica.<\/p>\n","protected":false},"excerpt":{"rendered":"<p>Cuando se va a tomar una decisi\u00f3n importante, es necesario pensarla y reflexionarla profundamente, y nunca est\u00e1 de m\u00e1s la &#8230; <\/p>\n<p class=\"read-more-container\"><a title=\"Alemania y Espa\u00f1a escucha: El asunto m\u00e1s urgente y complejo del pa\u00eds\" class=\"read-more button\" href=\"https:\/\/www.ecoticias.com\/hoyeco\/alemania-espana-energia-nuclear\/23981\/#more-23981\" aria-label=\"Leer m\u00e1s sobre Alemania y Espa\u00f1a escucha: El asunto m\u00e1s urgente y complejo del pa\u00eds\">Read more<\/a><\/p>\n","protected":false},"author":6,"featured_media":23983,"comment_status":"closed","ping_status":"closed","sticky":false,"template":"","format":"standard","meta":{"footnotes":""},"categories":[5],"tags":[],"class_list":["post-23981","post","type-post","status-publish","format-standard","has-post-thumbnail","hentry","category-energia","resize-featured-image"],"_links":{"self":[{"href":"https:\/\/www.ecoticias.com\/hoyeco\/wp-json\/wp\/v2\/posts\/23981","targetHints":{"allow":["GET"]}}],"collection":[{"href":"https:\/\/www.ecoticias.com\/hoyeco\/wp-json\/wp\/v2\/posts"}],"about":[{"href":"https:\/\/www.ecoticias.com\/hoyeco\/wp-json\/wp\/v2\/types\/post"}],"author":[{"embeddable":true,"href":"https:\/\/www.ecoticias.com\/hoyeco\/wp-json\/wp\/v2\/users\/6"}],"replies":[{"embeddable":true,"href":"https:\/\/www.ecoticias.com\/hoyeco\/wp-json\/wp\/v2\/comments?post=23981"}],"version-history":[{"count":0,"href":"https:\/\/www.ecoticias.com\/hoyeco\/wp-json\/wp\/v2\/posts\/23981\/revisions"}],"wp:featuredmedia":[{"embeddable":true,"href":"https:\/\/www.ecoticias.com\/hoyeco\/wp-json\/wp\/v2\/media\/23983"}],"wp:attachment":[{"href":"https:\/\/www.ecoticias.com\/hoyeco\/wp-json\/wp\/v2\/media?parent=23981"}],"wp:term":[{"taxonomy":"category","embeddable":true,"href":"https:\/\/www.ecoticias.com\/hoyeco\/wp-json\/wp\/v2\/categories?post=23981"},{"taxonomy":"post_tag","embeddable":true,"href":"https:\/\/www.ecoticias.com\/hoyeco\/wp-json\/wp\/v2\/tags?post=23981"}],"curies":[{"name":"wp","href":"https:\/\/api.w.org\/{rel}","templated":true}]}}