{"id":2402,"date":"2024-02-03T15:30:53","date_gmt":"2024-02-03T14:30:53","guid":{"rendered":"https:\/\/ecoticias.com\/hoyeco\/?p=2402"},"modified":"2024-02-03T15:30:53","modified_gmt":"2024-02-03T14:30:53","slug":"desiertos-en-espana","status":"publish","type":"post","link":"https:\/\/www.ecoticias.com\/hoyeco\/desiertos-en-espana\/2402\/","title":{"rendered":"Esta regi\u00f3n tiene un paisaje que parece del Oeste y esconde uno de los pocos desiertos en Espa\u00f1a"},"content":{"rendered":"<p>El Parque Natural de Bardenas Reales, <strong>uno de los pocos desiertos en Espa\u00f1a<\/strong>, se une a la conmemoraci\u00f3n del D\u00eda Internacional de las Reservas de la Biosfera, destacando la imperativa necesidad de preservar tanto el entorno natural<strong>,<\/strong> como el cultural. A pesar de la extensi\u00f3n cercana a los 10.400 km\u00b2 de Navarra, esta regi\u00f3n revela marcadas disparidades a lo largo de su territorio. Mientras que al norte colinda con los majestuosos Pirineos, donde el verde exuberante de la vegetaci\u00f3n predomina gracias al influjo del clima atl\u00e1ntico, en su extremo sur, lim\u00edtrofe con Arag\u00f3n, se despliega un desierto de asombrosa belleza, inmortalizado en numerosos anuncios y producciones cinematogr\u00e1ficas, las Bardenas Reales.<\/p>\n<h2>El secreto revelado de la Reserva de la Biosfera en Navarra y su encuentro transformador<\/h2>\n<p>Este emplazamiento m\u00e1gico se origina como el \u00fanico rinc\u00f3n de Navarra con la distinguida condici\u00f3n de &#8216;<strong>Reserva de la Biosfera<\/strong>&#8216;, un t\u00edtulo conferido por la Unesco, cuyo <strong>d\u00eda de celebraci\u00f3n se conmemora cada 3 de noviembre<\/strong>. Las reservas de la biosfera desempe\u00f1an un papel crucial al ofrecer soluciones a nivel local para abordar los desaf\u00edos globales, estableciendo v\u00ednculos entre la conservaci\u00f3n de la naturaleza, la protecci\u00f3n de la biodiversidad y la diversidad cultural, as\u00ed como fomentando la investigaci\u00f3n cient\u00edfica que respalda el desarrollo, tambi\u00e9n de uno de los pocos\u00a0<strong>desiertos en Espa\u00f1a<\/strong>.<\/p>\n<p>Simult\u00e1neamente, estas reservas naturales no solo posibilitan la promoci\u00f3n del desarrollo sostenible, sino que tambi\u00e9n fomentan un crecimiento econ\u00f3mico que favorece significativamente los pilares sociocultural y ambiental del pa\u00eds, implicando de manera activa a las comunidades locales alrdedor de estos\u00a0<strong>desiertos en Espa\u00f1a<\/strong>.<\/p>\n<h2>Bardenas reveladas: Tras las huellas de la ciencia en las Jornadas 2023<\/h2>\n<p>Las majestuosas Bardenas se erigen como el enclave predilecto para dar cabida a las \u00abJornadas de la Ciencia 2023\u00bb. Este extenso programa de actividades se enfoca de manera espec\u00edfica en las acciones de investigaci\u00f3n y difusi\u00f3n cient\u00edfica promovidas desde la Comunidad, buscando profundizar en el estudio y divulgaci\u00f3n del fascinante entrelazado entre el paisaje natural y cultural de uno de los <strong>desiertos en Espa\u00f1a<\/strong> m\u00e1s especiales.<\/p>\n<p>A lo largo de todo el mes de noviembre, se estuvieron abordando cuestiones que van desde el metaverso hasta las utilidades educativas de los videojuegos, se sumergir\u00e1n tambi\u00e9n en la esencial funci\u00f3n desempe\u00f1ada por las reservas de la biosfera. Este enfoque cobra particular relevancia al coincidir con la conmemoraci\u00f3n del<strong> D\u00eda Internacional de las Reservas de la Biosfera<\/strong>, celebrado en el d\u00eda de hoy.<\/p>\n<p>A lo largo de todo el mes de noviembre, estas jornadas, abordando cuestiones que van desde el metaverso hasta las utilidades educativas de los videojuegos, se sumergir\u00e1n tambi\u00e9n en la esencial funci\u00f3n desempe\u00f1ada por las reservas de la biosfera. Este enfoque cobra particular relevancia al coincidir con la conmemoraci\u00f3n del D\u00eda Internacional de las Reservas de la Biosfera, celebrado para hablar de uno de los pocos <strong>desiertos en Espa\u00f1a<\/strong>.<\/p>\n<h2>Explorando desiertos en Espa\u00f1a: Jornadas de noviembre en las Bardenas<\/h2>\n<p>La charla \u00abSoluciones locales a desaf\u00edos globales\u00bb ser\u00e1 presentada por \u00d3scar Prada, quien desempe\u00f1a el rol de coordinador en la Plataforma Custodia del Territorio de la Fundaci\u00f3n Biodiversidad. En este evento, el experto resaltar\u00e1 la importancia de enfocarse en la <strong>recuperaci\u00f3n de las condiciones de los ganaderos <\/strong>y fomentar la organizaci\u00f3n y el trabajo interno en la Bardena para propiciar un desarrollo sostenible en la zona. Prada describe este territorio como \u00abun prodigio natural que resplandece con luz propia\u00bb.<\/p>\n<p>En esta conferencia educativa y divulgativa sobre uno de los <strong>desiertos en Espa\u00f1a<\/strong> m\u00e1s espectaculares, \u00d3scar Prada desentra\u00f1ar\u00e1 los 14 proyectos de investigaci\u00f3n realizados por 11 equipos de cient\u00edficos de primera l\u00ednea, los cuales han mantenido a las Bardenas como epicentro de la actividad cient\u00edfica. Destacando la importancia de estos estudios para la conservaci\u00f3n y restauraci\u00f3n del \u00e1rea, la charla se llevar\u00e1 a cabo hoy a las 19h en la sede de las Bardenas Reales, ubicada en la calle San Marcial, n\u00famero 19. La entrada es gratuita, y no es necesario inscribirse.<\/p>\n","protected":false},"excerpt":{"rendered":"<p>El Parque Natural de Bardenas Reales, uno de los pocos desiertos en Espa\u00f1a, se une a la conmemoraci\u00f3n del D\u00eda &#8230; <\/p>\n<p class=\"read-more-container\"><a title=\"Esta regi\u00f3n tiene un paisaje que parece del Oeste y esconde uno de los pocos desiertos en Espa\u00f1a\" class=\"read-more button\" href=\"https:\/\/www.ecoticias.com\/hoyeco\/desiertos-en-espana\/2402\/#more-2402\" aria-label=\"Leer m\u00e1s sobre Esta regi\u00f3n tiene un paisaje que parece del Oeste y esconde uno de los pocos desiertos en Espa\u00f1a\">Read more<\/a><\/p>\n","protected":false},"author":4,"featured_media":2404,"comment_status":"closed","ping_status":"closed","sticky":false,"template":"","format":"standard","meta":{"footnotes":""},"categories":[2],"tags":[],"class_list":["post-2402","post","type-post","status-publish","format-standard","has-post-thumbnail","hentry","category-actualidad","resize-featured-image"],"_links":{"self":[{"href":"https:\/\/www.ecoticias.com\/hoyeco\/wp-json\/wp\/v2\/posts\/2402","targetHints":{"allow":["GET"]}}],"collection":[{"href":"https:\/\/www.ecoticias.com\/hoyeco\/wp-json\/wp\/v2\/posts"}],"about":[{"href":"https:\/\/www.ecoticias.com\/hoyeco\/wp-json\/wp\/v2\/types\/post"}],"author":[{"embeddable":true,"href":"https:\/\/www.ecoticias.com\/hoyeco\/wp-json\/wp\/v2\/users\/4"}],"replies":[{"embeddable":true,"href":"https:\/\/www.ecoticias.com\/hoyeco\/wp-json\/wp\/v2\/comments?post=2402"}],"version-history":[{"count":0,"href":"https:\/\/www.ecoticias.com\/hoyeco\/wp-json\/wp\/v2\/posts\/2402\/revisions"}],"wp:featuredmedia":[{"embeddable":true,"href":"https:\/\/www.ecoticias.com\/hoyeco\/wp-json\/wp\/v2\/media\/2404"}],"wp:attachment":[{"href":"https:\/\/www.ecoticias.com\/hoyeco\/wp-json\/wp\/v2\/media?parent=2402"}],"wp:term":[{"taxonomy":"category","embeddable":true,"href":"https:\/\/www.ecoticias.com\/hoyeco\/wp-json\/wp\/v2\/categories?post=2402"},{"taxonomy":"post_tag","embeddable":true,"href":"https:\/\/www.ecoticias.com\/hoyeco\/wp-json\/wp\/v2\/tags?post=2402"}],"curies":[{"name":"wp","href":"https:\/\/api.w.org\/{rel}","templated":true}]}}