{"id":24201,"date":"2025-05-26T15:30:12","date_gmt":"2025-05-26T13:30:12","guid":{"rendered":"https:\/\/www.ecoticias.com\/hoyeco\/?p=24201"},"modified":"2025-05-26T15:30:12","modified_gmt":"2025-05-26T13:30:12","slug":"espana-europa-politicas-energia","status":"publish","type":"post","link":"https:\/\/www.ecoticias.com\/hoyeco\/espana-europa-politicas-energia\/24201\/","title":{"rendered":"Las potencias compiten por poder global: Mientras Espa\u00f1a y Europa resuelven temas dom\u00e9sticos"},"content":{"rendered":"<p>La geopol\u00edtica mundial est\u00e1 atravesando una etapa de transformaciones profundas, donde solo los m\u00e1s competentes podr\u00e1n mantenerse en la cima para reclamar el puesto de liderazgo que siempre han tenido, solo que ahora deben afrontar como obst\u00e1culo adicional a rivales nuevos e inesperados. Actualmente, las potencias compiten por poder global, mientras que Espa\u00f1a y Europa solo resuelven temas dom\u00e9sticos.<\/p>\n<h2>Europa y Espa\u00f1a se limitan a sus temas dom\u00e9sticos<\/h2>\n<p>En el panorama mundial, siempre han existido una o m\u00e1s naciones que, debido a sus capacidades y a un excelente aprovechamiento de sus potencialidades en diversas \u00e1reas como la militar, la econ\u00f3mica o la industrial, han tenido un predominio sobre las dem\u00e1s. Esta situaci\u00f3n les proporciona una serie de privilegios que <strong>les permite ejercer una marcada influencia sobre las decisiones<\/strong> que pueden cambiar el planeta.<\/p>\n<p>Sin embargo, esa es una situaci\u00f3n temporal, pues en cualquier momento ese puesto de liderazgo puede ser ocupado por un nuevo pa\u00eds que, de alguna manera, haya logrado un desarrollo pleno en alguna materia que lo ponga a la misma altura de los m\u00e1s poderosos, o los supere. Y ahora vemos que las grandes potencias compiten por el poder global, mientras que Espa\u00f1a y Europa resuelven sus temas dom\u00e9sticos.<\/p>\n<h2>La falta de energ\u00eda consume al viejo continente<\/h2>\n<p>La falta de energ\u00eda es el tema dom\u00e9stico que consume a Europa, porque toda su atenci\u00f3n est\u00e1 centrada en la soluci\u00f3n de ese problema esencial que <strong>est\u00e1 poniendo en graves aprietos a sus industrias y, por ende, a sus econom\u00edas<\/strong>. Por si fuera poco, las pol\u00edticas energ\u00e9ticas se han quedado enquistadas en el pasado, y en lugar de sacar el m\u00e1ximo partido de las renovables, en muchos casos se desperdician.<\/p>\n<p>Las dificultades que se han presentado con la electricidad en diferentes pa\u00edses europeos (cuestion que fue <a href=\"https:\/\/www.ecoticias.com\/hoyeco\/elon-musk-sequia-energetica\/18223\/\">pronosticada por Elon Musk<\/a>), donde el apag\u00f3n de Espa\u00f1a ha sido el m\u00e1s destacado, ha dejado en evidencia que este puede ser considerado como el problema m\u00e1s extendido del continente. Esto tiene varias causas, una de ellas es que todav\u00eda no han ajustado sus sistemas para reducir el uso de los combustibles f\u00f3siles.<\/p>\n<p>Una de las grandes debilidades radica en la falta de un marco regulatorio com\u00fan que pueda ser adoptado por las naciones europeas, con la finalidad de establecer claramente ciertas prioridades. Una de ellas ser\u00eda la actualizaci\u00f3n de las redes que transportan la electricidad para adaptarlas a los requerimientos de las renovables, pues hasta ahora este procedimiento est\u00e1 muy retrasado y se ha convertido en un obst\u00e1culo.<\/p>\n<p>Esto qued\u00f3 demostrado porque en 16 pa\u00edses se han perdido <strong>aproximadamente 1700 GW generados por sistemas e\u00f3licos y solares que no pudieron incorporarse a las redes nacionales<\/strong> de electricidad. Europa ha demostrado que tiene la capacidad de generar la energ\u00eda verde que necesita, pero esto no servir\u00e1 de nada mientras no pueda llegar a los lugares donde se necesita, y no haya estrategias claras para su uso.<\/p>\n<h2>Las pol\u00edticas claras favorecen la autonom\u00eda energ\u00e9tica<\/h2>\n<p>Mientras que Europa no sea capaz de resolver sus problemas de falta de autonom\u00eda energ\u00e9tica, <strong>es poco probable que pueda mantener su lugar entre las grandes potencias mundiales<\/strong>. Y para poder lograrlo, necesita contar con pol\u00edticas comunes que tengan criterios claros para el desarrollo de un sistema robusto de producci\u00f3n de energ\u00edas verdes, as\u00ed como tambi\u00e9n de distribuci\u00f3n y almacenamiento que sean estables.<\/p>\n<p>En conclusi\u00f3n, Europa podr\u00eda estar perdiendo su lugar entre las potencias mundiales, debido a los problemas energ\u00e9ticos que vive actualmente, y que se han reflejado en varios eventos como el apag\u00f3n en Espa\u00f1a. Aunque en 16 pa\u00edses se generaron grandes cantidades de energ\u00edas renovables, al menos 1700 GW no pudieron incorporarse a las redes el\u00e9ctricas (parece que el gobierno espa\u00f1ol <a href=\"https:\/\/www.ecoticias.com\/hoyeco\/gobierno-espanol-central-nuclear\/20131\/\">si ten\u00eda raz\u00f3n<\/a>).<\/p>\n","protected":false},"excerpt":{"rendered":"<p>La geopol\u00edtica mundial est\u00e1 atravesando una etapa de transformaciones profundas, donde solo los m\u00e1s competentes podr\u00e1n mantenerse en la cima &#8230; <\/p>\n<p class=\"read-more-container\"><a title=\"Las potencias compiten por poder global: Mientras Espa\u00f1a y Europa resuelven temas dom\u00e9sticos\" class=\"read-more button\" href=\"https:\/\/www.ecoticias.com\/hoyeco\/espana-europa-politicas-energia\/24201\/#more-24201\" aria-label=\"Leer m\u00e1s sobre Las potencias compiten por poder global: Mientras Espa\u00f1a y Europa resuelven temas dom\u00e9sticos\">Read more<\/a><\/p>\n","protected":false},"author":6,"featured_media":24203,"comment_status":"closed","ping_status":"closed","sticky":false,"template":"","format":"standard","meta":{"footnotes":""},"categories":[5],"tags":[],"class_list":["post-24201","post","type-post","status-publish","format-standard","has-post-thumbnail","hentry","category-energia","resize-featured-image"],"_links":{"self":[{"href":"https:\/\/www.ecoticias.com\/hoyeco\/wp-json\/wp\/v2\/posts\/24201","targetHints":{"allow":["GET"]}}],"collection":[{"href":"https:\/\/www.ecoticias.com\/hoyeco\/wp-json\/wp\/v2\/posts"}],"about":[{"href":"https:\/\/www.ecoticias.com\/hoyeco\/wp-json\/wp\/v2\/types\/post"}],"author":[{"embeddable":true,"href":"https:\/\/www.ecoticias.com\/hoyeco\/wp-json\/wp\/v2\/users\/6"}],"replies":[{"embeddable":true,"href":"https:\/\/www.ecoticias.com\/hoyeco\/wp-json\/wp\/v2\/comments?post=24201"}],"version-history":[{"count":0,"href":"https:\/\/www.ecoticias.com\/hoyeco\/wp-json\/wp\/v2\/posts\/24201\/revisions"}],"wp:featuredmedia":[{"embeddable":true,"href":"https:\/\/www.ecoticias.com\/hoyeco\/wp-json\/wp\/v2\/media\/24203"}],"wp:attachment":[{"href":"https:\/\/www.ecoticias.com\/hoyeco\/wp-json\/wp\/v2\/media?parent=24201"}],"wp:term":[{"taxonomy":"category","embeddable":true,"href":"https:\/\/www.ecoticias.com\/hoyeco\/wp-json\/wp\/v2\/categories?post=24201"},{"taxonomy":"post_tag","embeddable":true,"href":"https:\/\/www.ecoticias.com\/hoyeco\/wp-json\/wp\/v2\/tags?post=24201"}],"curies":[{"name":"wp","href":"https:\/\/api.w.org\/{rel}","templated":true}]}}