{"id":24205,"date":"2025-05-26T16:00:28","date_gmt":"2025-05-26T14:00:28","guid":{"rendered":"https:\/\/www.ecoticias.com\/hoyeco\/?p=24205"},"modified":"2025-05-26T16:00:28","modified_gmt":"2025-05-26T14:00:28","slug":"espana-planta-automotriz-byd","status":"publish","type":"post","link":"https:\/\/www.ecoticias.com\/hoyeco\/espana-planta-automotriz-byd\/24205\/","title":{"rendered":"Espa\u00f1a perdi\u00f3 una de sus mejores oportunidades: Miles de empleos, progreso y bendiciones"},"content":{"rendered":"<p>Las oportunidades, sobre todo en el mercado corporativo, deben ser aprovechadas de inmediato y sin titubeos, ya que las mismas se presentan por una \u00fanica vez y m\u00e1s cuando tienes otros vecinos que desean lo mismo que te est\u00e1n ofreciendo. Como ejemplo tenemos a Espa\u00f1a, quien perdi\u00f3 una gran oportunidad con una gigantesca corporaci\u00f3n que le generar\u00eda miles de empleos y significar\u00eda progreso. Veamos de qu\u00e9 nos perdimos.<\/p>\n<h2>Una compa\u00f1\u00eda que es l\u00edder en la fabricaci\u00f3n de coches el\u00e9ctricos e h\u00edbridos<\/h2>\n<p>La empresa llamada Build Your Dreams (BYD), es un gigante de origen chino que es una de las principales fabricantes de coches el\u00e9ctricos e h\u00edbridos del mundo, se fund\u00f3 en 1995 como una f\u00e1brica de bater\u00edas que despu\u00e9s evolucion\u00f3 a elaborar veh\u00edculos de combusti\u00f3n interna. Pero en el a\u00f1o 2022 decidi\u00f3 asumir su compromiso en la lucha contra el cambio clim\u00e1tico y desde esa fecha dej\u00f3 de producir coches que usaban \u00fanicamente combustible f\u00f3sil.<\/p>\n<p>Para concentrarse en la <strong>tecnolog\u00eda el\u00e9ctrica e h\u00edbrida<\/strong>. En la actualidad, tiene presencia en m\u00e1s de 70 pa\u00edses, incluido Espa\u00f1a, siendo el m\u00e1s fuerte competidor de Tesla incluso en el 2024 vendi\u00f3 casi tantos veh\u00edculos como este \u00faltimo, por lo que se espera que este a\u00f1o queden muy cerca. Debido a los aranceles impuestos a sus veh\u00edculos por la Uni\u00f3n Europea, ha creado factor\u00edas y f\u00e1bricas en diferentes pa\u00edses de Europa.<\/p>\n<h2>La oportunidad que perdi\u00f3 Espa\u00f1a<\/h2>\n<p>Espa\u00f1a fue una de las primeras opciones consideradas por BYD para instalar su nueva planta de investigaci\u00f3n, desarrollo y producci\u00f3n de coches de tecnolog\u00eda el\u00e9ctrica e h\u00edbrida con emisiones reducidas. Una obra que traer\u00eda para la pen\u00ednsula grandes beneficios y progreso con la generaci\u00f3n de miles de empleos. Pero debido a la negativa de la pen\u00ednsula con <strong>imposiciones emanadas de la Uni\u00f3n Europea<\/strong>, perdi\u00f3 esta oportunidad.<\/p>\n<p>Finalmente, la gigante china decidi\u00f3 instalar la planta en Hungr\u00eda, que le dio numerosas facilidades. La misma estar\u00e1 ubicada en Budapest, concretamente en el distrito 11 (la historia se repite de nuevo, solo que <a href=\"https:\/\/www.ecoticias.com\/hoyeco\/espana-china-tercera-planta-byd\/18844\/\">la vez anterior perdimos con Alemania<\/a>). Con esta ser\u00eda la tercera factor\u00eda de BYD en suelo h\u00fangaro puesto que ya est\u00e1 construyendo una planta donde se producir\u00e1n coches para toda Europa.<\/p>\n<p>Asimismo, tiene una f\u00e1brica en la localidad de Kamarom donde son ensamblados autobuses el\u00e9ctricos. Ahora, esta nueva construcci\u00f3n significar\u00e1 mucho progreso para el pa\u00eds, puesto que generar\u00e1 unos 2000 puestos de trabajo directos, servir\u00e1 como apoyo en las ventas y cumplir\u00e1 funciones en los servicios de posventa internacional de la empresa para sus clientes y concesionarios en todo el continente.<\/p>\n<p>Asimismo, ser\u00e1 un centro de pruebas, as\u00ed como de desarrollo de nuevas versiones y modelos enfocado a veh\u00edculos de la compa\u00f1\u00eda para lo cual ha establecido acuerdos, con tres universidades del pa\u00eds, que incluyen el apoyo para la formaci\u00f3n de los estudiantes de educaci\u00f3n superior. Como podemos ver, esta oportunidad que perdi\u00f3 Espa\u00f1a no solo se refiere al contexto econ\u00f3mico, sino <strong>tambi\u00e9n al del progreso tecnol\u00f3gico<\/strong>.<\/p>\n<h2>Adem\u00e1s, esta oportunidad inclu\u00eda nuevos proyectos de investigaci\u00f3n<\/h2>\n<p>Como centro de investigaci\u00f3n, esta planta desarrollar\u00e1 dos proyectos que incluyen <strong>una gran inversi\u00f3n de recursos cient\u00edficos y econ\u00f3micos<\/strong> (que pudieron haber quedado en Espa\u00f1a). El primero se refiere al estudio y selecci\u00f3n de nuevas tecnolog\u00edas de \u00faltima generaci\u00f3n para la electrificaci\u00f3n de coches y el segundo que consiste en lograr una integraci\u00f3n total de la inteligencia artificial con la movilidad.<\/p>\n<p>Concluyendo, con el rechazo impl\u00edcito a la instalaci\u00f3n de la planta de BYD en su territorio, Espa\u00f1a ha perdido una de sus mejores oportunidades (adem\u00e1s de que con esta situaci\u00f3n <a href=\"https:\/\/www.ecoticias.com\/hoyeco\/coches-electricos-byd-espana\/9539\/\">China le da la espalda a nuestro pa\u00eds<\/a>). Puesto que ser\u00edan generados 2000 empleos para mano de obra calificada y no calificada adem\u00e1s de acuerdos muy provechosos con tres de las principales universidades espa\u00f1olas.<\/p>\n","protected":false},"excerpt":{"rendered":"<p>Las oportunidades, sobre todo en el mercado corporativo, deben ser aprovechadas de inmediato y sin titubeos, ya que las mismas &#8230; <\/p>\n<p class=\"read-more-container\"><a title=\"Espa\u00f1a perdi\u00f3 una de sus mejores oportunidades: Miles de empleos, progreso y bendiciones\" class=\"read-more button\" href=\"https:\/\/www.ecoticias.com\/hoyeco\/espana-planta-automotriz-byd\/24205\/#more-24205\" aria-label=\"Leer m\u00e1s sobre Espa\u00f1a perdi\u00f3 una de sus mejores oportunidades: Miles de empleos, progreso y bendiciones\">Read more<\/a><\/p>\n","protected":false},"author":6,"featured_media":24207,"comment_status":"closed","ping_status":"closed","sticky":false,"template":"","format":"standard","meta":{"footnotes":""},"categories":[6],"tags":[],"class_list":["post-24205","post","type-post","status-publish","format-standard","has-post-thumbnail","hentry","category-movilidad","resize-featured-image"],"_links":{"self":[{"href":"https:\/\/www.ecoticias.com\/hoyeco\/wp-json\/wp\/v2\/posts\/24205","targetHints":{"allow":["GET"]}}],"collection":[{"href":"https:\/\/www.ecoticias.com\/hoyeco\/wp-json\/wp\/v2\/posts"}],"about":[{"href":"https:\/\/www.ecoticias.com\/hoyeco\/wp-json\/wp\/v2\/types\/post"}],"author":[{"embeddable":true,"href":"https:\/\/www.ecoticias.com\/hoyeco\/wp-json\/wp\/v2\/users\/6"}],"replies":[{"embeddable":true,"href":"https:\/\/www.ecoticias.com\/hoyeco\/wp-json\/wp\/v2\/comments?post=24205"}],"version-history":[{"count":0,"href":"https:\/\/www.ecoticias.com\/hoyeco\/wp-json\/wp\/v2\/posts\/24205\/revisions"}],"wp:featuredmedia":[{"embeddable":true,"href":"https:\/\/www.ecoticias.com\/hoyeco\/wp-json\/wp\/v2\/media\/24207"}],"wp:attachment":[{"href":"https:\/\/www.ecoticias.com\/hoyeco\/wp-json\/wp\/v2\/media?parent=24205"}],"wp:term":[{"taxonomy":"category","embeddable":true,"href":"https:\/\/www.ecoticias.com\/hoyeco\/wp-json\/wp\/v2\/categories?post=24205"},{"taxonomy":"post_tag","embeddable":true,"href":"https:\/\/www.ecoticias.com\/hoyeco\/wp-json\/wp\/v2\/tags?post=24205"}],"curies":[{"name":"wp","href":"https:\/\/api.w.org\/{rel}","templated":true}]}}