{"id":24558,"date":"2025-06-03T15:30:20","date_gmt":"2025-06-03T13:30:20","guid":{"rendered":"https:\/\/www.ecoticias.com\/hoyeco\/?p=24558"},"modified":"2025-06-03T15:30:20","modified_gmt":"2025-06-03T13:30:20","slug":"veranos-aire-acondicionado-consejos","status":"publish","type":"post","link":"https:\/\/www.ecoticias.com\/hoyeco\/veranos-aire-acondicionado-consejos\/24558\/","title":{"rendered":"Ser\u00e1 uno de los veranos m\u00e1s calientes en Espa\u00f1a: C\u00f3mo refrescarte sin caer en la ruina"},"content":{"rendered":"<p>Bien sea por efectos del cambio clim\u00e1tico o por la temporada de los meses estivales, se ha pronosticado que este ser\u00e1 uno de los veranos m\u00e1s calientes en Europa y nuestro pa\u00eds no escapa de esta realidad. Por lo que en todos los espacios es necesario el uso de diferentes dispositivos enfriadores del ambiente, pero ser\u00e1n causa de aumento de la facturaci\u00f3n el\u00e9ctrica. Te decimos c\u00f3mo refrescarte sin arruinarte.<\/p>\n<h2>El aire acondicionado: un elemento que es indispensable para los veranos<\/h2>\n<p>Este dispositivo est\u00e1 dise\u00f1ado para refrigerar el ambiente regulando la temperatura hasta un nivel constante el cual depender\u00e1 del ajuste de la misma, lo cual se puede hacer modific\u00e1ndola en el termostato asociado. Asimismo, controla la calidad de aire y la humedad, en un recinto que debe ser cerrado y herm\u00e9tico. Esto tambi\u00e9n depende de que su capacidad sea la adecuada para el volumen del espacio a refrigerar.<\/p>\n<p>Existen varios modelos de equipos de aire acondicionado para los veranos, pero el m\u00e1s eficiente es el llamado tipo split <strong>que tiene separadas las unidades evaporadora y condensadora<\/strong>. La primera va en el interior del ambiente y es la que te refresca porque es la que sopla el aire por medio del ventilador y tiene los filtros, mientras que la segunda va en el exterior y es quien enfr\u00eda el aire por medio del compresor que posee.<\/p>\n<h2>C\u00f3mo utilizar el aire acondicionado sin que arruine tu bolsillo<\/h2>\n<p>Lo primero que debes saber es que <strong>este equipo tiene un consumo que puede oscilar entre los 500 y 1500 kWh<\/strong>, por lo que su uso indiscriminado en los veranos te puede significar que debes pagar entre 60 y 180 euros adicionales todos los meses de los veranos, por lo que debes aprender a usarlo de la mejor manera. Te diremos c\u00f3mo estar fresco sin que tu presupuesto sufra mucho.<\/p>\n<p>Lo indispensable que debes hacer, si est\u00e1s en obras en tu casa, es utilizar materiales que repelan el calor (como este que <a href=\"https:\/\/www.ecoticias.com\/hoyeco\/mosquitos-aire-acondicionado\/8734\/\">disminuye la temperatura<\/a> y funciona como mosquitero), tambi\u00e9n debes adquirir un equipo de climatizaci\u00f3n que sea de calidad y de consumo muy eficiente. Despu\u00e9s es necesario cambiar algunas conductas muy frecuentes que aumentan el gasto por consumo de electricidad de este sistema.<\/p>\n<p>Como colocar el termostato a una temperatura muy baja con el prop\u00f3sito de que el recinto se enfr\u00ede m\u00e1s r\u00e1pido. Ya que, adem\u00e1s de que el enfriamiento no se acelera, hace que el equipo se sobrecargue de trabajo, incrementando as\u00ed su consumo. Se estima que cada grado significa un incremento de entre el 3 y el 5 % de consumo. Esto se traduce en un aumento de hasta el 30 % en tu facturaci\u00f3n.<\/p>\n<p>Lo mejor es mantenerlo en los 25 grados que se recomiendan y esperar un poco. Otro punto muy importante es reducir el tiempo de funcionamiento, esto est\u00e1 directamente relacionado con que no haya fugas de aire fr\u00edo por los intersticios de puertas, ventanas y otros, lo que implica que <strong>el recinto a climatizar debe ser herm\u00e9tico<\/strong> a fin de que conserve el aire fr\u00edo, sobre todo durante los veranos.<\/p>\n<h2>Algo muy importante que te ahorrar\u00e1 mucho dinero en tu factura de electricidad: el mantenimiento de tu equipo de climatizaci\u00f3n<\/h2>\n<p>Antes de iniciar los veranos, aseg\u00farate de hacer el mantenimiento completo de tu equipo de aire acondicionado, incluyendo la medici\u00f3n de sus par\u00e1metros de funcionamiento como son el gas refrigerante y el estado del compresor ya que de ser alguno de estos an\u00f3malo, <strong>el equipo perder\u00e1 eficiencia y su gasto el\u00e9ctrico se acrecienta.<\/strong> Asimismo, debes revisar que los filtros est\u00e9n limpios.<\/p>\n<p>En definitiva, este ser\u00e1 uno de los veranos m\u00e1s calientes por los que haya pasado Espa\u00f1a, as\u00ed que debes usar el aire acondicionado de la mejor forma para que evites el tener que pagar mucho m\u00e1s por gasto energ\u00e9tico (podr\u00edas complementarlo con este <a href=\"https:\/\/www.ecoticias.com\/hoyeco\/hormigon-enfria-20-grados-energia\/8784\/\">hormig\u00f3n que enfriar\u00e1 tu casa<\/a> y que es muy barato). Pero adem\u00e1s de modificar tus conductas, debes hacerle mantenimiento adecuado.<\/p>\n","protected":false},"excerpt":{"rendered":"<p>Bien sea por efectos del cambio clim\u00e1tico o por la temporada de los meses estivales, se ha pronosticado que este &#8230; <\/p>\n<p class=\"read-more-container\"><a title=\"Ser\u00e1 uno de los veranos m\u00e1s calientes en Espa\u00f1a: C\u00f3mo refrescarte sin caer en la ruina\" class=\"read-more button\" href=\"https:\/\/www.ecoticias.com\/hoyeco\/veranos-aire-acondicionado-consejos\/24558\/#more-24558\" aria-label=\"Leer m\u00e1s sobre Ser\u00e1 uno de los veranos m\u00e1s calientes en Espa\u00f1a: C\u00f3mo refrescarte sin caer en la ruina\">Read more<\/a><\/p>\n","protected":false},"author":6,"featured_media":24560,"comment_status":"closed","ping_status":"closed","sticky":false,"template":"","format":"standard","meta":{"footnotes":""},"categories":[5],"tags":[],"class_list":["post-24558","post","type-post","status-publish","format-standard","has-post-thumbnail","hentry","category-energia","resize-featured-image"],"_links":{"self":[{"href":"https:\/\/www.ecoticias.com\/hoyeco\/wp-json\/wp\/v2\/posts\/24558","targetHints":{"allow":["GET"]}}],"collection":[{"href":"https:\/\/www.ecoticias.com\/hoyeco\/wp-json\/wp\/v2\/posts"}],"about":[{"href":"https:\/\/www.ecoticias.com\/hoyeco\/wp-json\/wp\/v2\/types\/post"}],"author":[{"embeddable":true,"href":"https:\/\/www.ecoticias.com\/hoyeco\/wp-json\/wp\/v2\/users\/6"}],"replies":[{"embeddable":true,"href":"https:\/\/www.ecoticias.com\/hoyeco\/wp-json\/wp\/v2\/comments?post=24558"}],"version-history":[{"count":0,"href":"https:\/\/www.ecoticias.com\/hoyeco\/wp-json\/wp\/v2\/posts\/24558\/revisions"}],"wp:featuredmedia":[{"embeddable":true,"href":"https:\/\/www.ecoticias.com\/hoyeco\/wp-json\/wp\/v2\/media\/24560"}],"wp:attachment":[{"href":"https:\/\/www.ecoticias.com\/hoyeco\/wp-json\/wp\/v2\/media?parent=24558"}],"wp:term":[{"taxonomy":"category","embeddable":true,"href":"https:\/\/www.ecoticias.com\/hoyeco\/wp-json\/wp\/v2\/categories?post=24558"},{"taxonomy":"post_tag","embeddable":true,"href":"https:\/\/www.ecoticias.com\/hoyeco\/wp-json\/wp\/v2\/tags?post=24558"}],"curies":[{"name":"wp","href":"https:\/\/api.w.org\/{rel}","templated":true}]}}