{"id":2456,"date":"2024-02-05T15:46:42","date_gmt":"2024-02-05T14:46:42","guid":{"rendered":"https:\/\/ecoticias.com\/hoyeco\/?p=2456"},"modified":"2024-02-05T15:46:42","modified_gmt":"2024-02-05T14:46:42","slug":"gobierno-ayudas-hipoteca","status":"publish","type":"post","link":"https:\/\/www.ecoticias.com\/hoyeco\/gobierno-ayudas-hipoteca\/2456\/","title":{"rendered":"El Gobierno avanza en la \u00abhipoteca perfecta\u00bb y aprueba en febrero lo que llev\u00e1bamos esperando a\u00f1os"},"content":{"rendered":"<p>El<strong> Gobierno<\/strong> mostr\u00f3 hace unas semanas su preocupaci\u00f3n por el bajo porcentaje de j\u00f3venes que se independizan \u2014quedamos en rid\u00edculo comparados con la Uni\u00f3n Europea\u2014. Ese es el motivo que les ha llevado a anunciar con urgencia las <strong>ayudas para la hipoteca<\/strong> que llevamos a\u00f1os pidiendo. De hecho, la espectaci\u00f3n es tanta que ya te hemos buscado <a href=\"https:\/\/ecoticias.com\/hoyeco\/casa-movil-ganga-alta-gama\/2354\/\" target=\"_blank\" rel=\"noopener\">esta casa m\u00f3vil de alta gama que puedes comprar<\/a>.<\/p>\n<h2>Espa\u00f1a muestra una tendencia preocupante: atenci\u00f3n al n\u00famero de hipotecas que se contratan<\/h2>\n<p>Los datos recientes del Instituto Nacional de Estad\u00edstica revelan una disminuci\u00f3n significativa del 29,6 % en el n\u00famero de hipotecas sobre viviendas en diciembre de 2023 en comparaci\u00f3n con el mismo mes del a\u00f1o anterior. De hecho, una tendencia como esta demuestra que <strong>el panorama sigue siendo preocupante<\/strong>.<\/p>\n<p>A medida que avanzamos en el tiempo, el esfuerzo financiero que las familias espa\u00f1olas deben hacer para adquirir una vivienda se ha vuelto m\u00e1s evidente. El Banco Central Europeo, con sus pol\u00edticas de subida de tipos de inter\u00e9s, ha impactado en la capacidad de compra, generando inquietud entre los potenciales compradores.<\/p>\n<p>La ca\u00edda en el n\u00famero de hipotecas constituidas refleja la <strong>tendencia actual del mercado inmobiliario espa\u00f1ol<\/strong>, donde los desaf\u00edos econ\u00f3micos y las pol\u00edticas del BCE han provocado un aumento significativo en el esfuerzo financiero requerido para acceder a una vivienda. \u00bfLa tormenta perfecta? El tipo variable.<\/p>\n<h2>Locura por las ayudas para la hipoteca que el Gobierno acaba de anunciar<\/h2>\n<p>En respuesta a este escenario, la ministra de Vivienda y Agenda Urbana, Isabel Rodr\u00edguez, ha anunciado un ambicioso plan para febrero. Se espera la aprobaci\u00f3n de dos l\u00edneas de ayudas del Instituto de Cr\u00e9dito Oficial (ICO), destinadas a j\u00f3venes menores de 35 a\u00f1os y familias con hijos.<\/p>\n<p>Estas ayudas, <strong>valoradas en 2 500 millones de euros<\/strong>, buscan cubrir el 20 % del precio de la primera vivienda y facilitar el acceso a la compra. Este tipo de cr\u00e9ditos, para que los recuerdes, son los mismos que se lanzaron a peque\u00f1os empresarios despu\u00e9s de la pandemia para reconstruir las econom\u00edas.<\/p>\n<p>La entrada a la vivienda ser\u00e1 m\u00e1s asequible gracias a estos avales p\u00fablicos, y las familias monoparentales podr\u00edan recibir un aumento del 70 %. Aunque se esperan detalles adicionales del Consejo de Ministros, estas medidas podr\u00edan aliviar significativamente la carga financiera de aquellos que buscan dar el paso hacia la propiedad.<\/p>\n<h2>Requisitos y posibles fechas de las ayudas para la hipoteca del Gobierno<\/h2>\n<p>La implementaci\u00f3n de estas ayudas implica requisitos espec\u00edficos. La l\u00ednea de avales para j\u00f3venes y familias con menores requiere que los solicitantes tengan <strong>ingresos anuales brutos por debajo de los 37 800 euros<\/strong> y no hay l\u00edmite de edad para las familias.<\/p>\n<p>De todos modos, los requisitos y los plazos no se conocen al 100 %, aunque s\u00ed sabemos que la idea es conceder un margen hasta finales de 2025. En este sentido, no ser\u00eda de extra\u00f1ar que se prorrogara si se comprueba que todo el capital no se ha utilizado o que todav\u00eda hay posibilidades de ampliarlo.<\/p>\n<p>Para quienes deseen aprovechar <strong>la l\u00ednea de pr\u00e9stamos ICO de 4000 millones<\/strong> destinada a la promoci\u00f3n p\u00fablico-privada de viviendas asequibles, la clave ser\u00e1 la colaboraci\u00f3n en proyectos de este tipo. El foco est\u00e1 puesto en los j\u00f3venes, pero recuerda que no hay ning\u00fan requisito en esta l\u00ednea.<\/p>\n<p>La adenda al Plan de Recuperaci\u00f3n busca dar respuesta a unas 50 000 personas y tiene como objetivo contribuir a la creaci\u00f3n de viviendas asequibles mediante f\u00f3rmulas de colaboraci\u00f3n p\u00fablico-privadas. De hecho, nuestro pa\u00eds tiene un parque p\u00fablico muy escaso en comparaci\u00f3n con Suecia u Holanda.<\/p>\n<p>Como has podido ver, el\u00a0<strong>Gobierno<\/strong> acaba de solucionar de un plumazo uno de los problemas en el acceso a la vivienda. Las\u00a0<strong>ayudas para la hipoteca<\/strong> que se han anunciado supondr\u00e1n un antes y un despu\u00e9s, aunque todav\u00eda queda un inconveniente m\u00e1s grande. De hecho, no se ha encontrado un modo de resolverlo y <a href=\"https:\/\/ecoticias.com\/hoyeco\/viviendas-de-lujo-malaga\/1312\/\" target=\"_blank\" rel=\"noopener\">afecta a esta ciudad incluso m\u00e1s que a Barcelona y Madrid<\/a>.<\/p>\n<p>&nbsp;<\/p>\n","protected":false},"excerpt":{"rendered":"<p>El Gobierno mostr\u00f3 hace unas semanas su preocupaci\u00f3n por el bajo porcentaje de j\u00f3venes que se independizan \u2014quedamos en rid\u00edculo &#8230; <\/p>\n<p class=\"read-more-container\"><a title=\"El Gobierno avanza en la \u00abhipoteca perfecta\u00bb y aprueba en febrero lo que llev\u00e1bamos esperando a\u00f1os\" class=\"read-more button\" href=\"https:\/\/www.ecoticias.com\/hoyeco\/gobierno-ayudas-hipoteca\/2456\/#more-2456\" aria-label=\"Leer m\u00e1s sobre El Gobierno avanza en la \u00abhipoteca perfecta\u00bb y aprueba en febrero lo que llev\u00e1bamos esperando a\u00f1os\">Read more<\/a><\/p>\n","protected":false},"author":2,"featured_media":2466,"comment_status":"closed","ping_status":"closed","sticky":false,"template":"","format":"standard","meta":{"footnotes":""},"categories":[2],"tags":[],"class_list":["post-2456","post","type-post","status-publish","format-standard","has-post-thumbnail","hentry","category-actualidad","resize-featured-image"],"_links":{"self":[{"href":"https:\/\/www.ecoticias.com\/hoyeco\/wp-json\/wp\/v2\/posts\/2456","targetHints":{"allow":["GET"]}}],"collection":[{"href":"https:\/\/www.ecoticias.com\/hoyeco\/wp-json\/wp\/v2\/posts"}],"about":[{"href":"https:\/\/www.ecoticias.com\/hoyeco\/wp-json\/wp\/v2\/types\/post"}],"author":[{"embeddable":true,"href":"https:\/\/www.ecoticias.com\/hoyeco\/wp-json\/wp\/v2\/users\/2"}],"replies":[{"embeddable":true,"href":"https:\/\/www.ecoticias.com\/hoyeco\/wp-json\/wp\/v2\/comments?post=2456"}],"version-history":[{"count":0,"href":"https:\/\/www.ecoticias.com\/hoyeco\/wp-json\/wp\/v2\/posts\/2456\/revisions"}],"wp:featuredmedia":[{"embeddable":true,"href":"https:\/\/www.ecoticias.com\/hoyeco\/wp-json\/wp\/v2\/media\/2466"}],"wp:attachment":[{"href":"https:\/\/www.ecoticias.com\/hoyeco\/wp-json\/wp\/v2\/media?parent=2456"}],"wp:term":[{"taxonomy":"category","embeddable":true,"href":"https:\/\/www.ecoticias.com\/hoyeco\/wp-json\/wp\/v2\/categories?post=2456"},{"taxonomy":"post_tag","embeddable":true,"href":"https:\/\/www.ecoticias.com\/hoyeco\/wp-json\/wp\/v2\/tags?post=2456"}],"curies":[{"name":"wp","href":"https:\/\/api.w.org\/{rel}","templated":true}]}}