{"id":24624,"date":"2025-06-08T15:00:32","date_gmt":"2025-06-08T13:00:32","guid":{"rendered":"https:\/\/www.ecoticias.com\/hoyeco\/?p=24624"},"modified":"2025-06-08T15:00:32","modified_gmt":"2025-06-08T13:00:32","slug":"tesla-cerrar-operaciones-espana","status":"publish","type":"post","link":"https:\/\/www.ecoticias.com\/hoyeco\/tesla-cerrar-operaciones-espana\/24624\/","title":{"rendered":"Tesla podr\u00eda cerrar operaciones en Espa\u00f1a: \u00bfSer\u00eda un triunfo para los anti Musk?"},"content":{"rendered":"<p>Es bien sabido que Tesla es uno de los fabricantes de coches el\u00e9ctricos que es l\u00edder indiscutible en el sector, lo cual se debe a que sus veh\u00edculos son reconocidos por su calidad y por tener los \u00faltimos adelantos tecnol\u00f3gicos. Sin embargo, de hace un tiempo para ac\u00e1 se ha venido a menos y enfrentando un boicot de movimientos llamados anti Musk. Incluso se dice que podr\u00eda cerrar operaciones en Espa\u00f1a.<\/p>\n<h2>Los problemas que enfrenta Tesla<\/h2>\n<p>Desde hace unos cuantos a\u00f1os, la <strong>ic\u00f3nica marca estadounidense ha venido teniendo problemas financieros y de percepci\u00f3n<\/strong>, pero en los \u00faltimos dos a\u00f1os estos han arreciado. Algunos de ellos se deben a que su CEO, Elon Musk, ha tomado parte activa en el gobierno de Donald Trump lo que no ha ca\u00eddo nada bien a ciertos grupos. Otros se asocian con defectos de dise\u00f1o de sus productos.<\/p>\n<p>Como los presentados por su Tesla Cybertruck, en la que el empresario mantiene sus esperanzas como la m\u00e1s emblem\u00e1tica de la marca, pero que muchas de sus unidades han debido ser llamadas a revisi\u00f3n. Adicionalmente, est\u00e1 el caso de sus acciones que, luego de haber alcanzado su m\u00e1ximo hist\u00f3rico en diciembre del a\u00f1o pasado, a partir de ah\u00ed han entrado en una ca\u00edda libre donde han perdido cerca del 45 % de su valor.<\/p>\n<h2>\u00bfLa empresa de Elon Musk podr\u00eda cerrar operaciones en Espa\u00f1a?<\/h2>\n<p>Las ventas de la empresa de los Estados Unidos han sufrido un desplome en la pen\u00ednsula del 52 % por lo que, eventualmente, podr\u00eda cerrar sus puertas no solo en Espa\u00f1a sino en toda Europa. Esto no se considera un triunfo para los anti Musk, puesto que es l\u00f3gico tomar esta medida por parte de Tesla u otra compa\u00f1\u00eda, <strong>porque ha dejado de ser rentable y nadie va a trabajar a p\u00e9rdida<\/strong>.<\/p>\n<p>Esto ser\u00eda en caso extremo, de continuar el desplome en las ventas. Lo que se agrava tomando en cuenta que otros fabricantes han visto incrementadas sus matriculaciones (como ejemplo <a href=\"https:\/\/www.ecoticias.com\/hoyeco\/byd-espana-baratos\/20104\/\">tenemos a BYD que ha entrado pisando con fuerza<\/a> este 2025 con la comercializaci\u00f3n de sus unidades). La empresa en este \u00faltimo mes continu\u00f3 con su tendencia a la baja al disminuir la colocaci\u00f3n de sus coches en un 46,7 %.<\/p>\n<p>Aunque los datos no especifican las razones de esta ca\u00edda, es f\u00e1cil suponerlas. Primero, la t\u00edmida promoci\u00f3n de su Model Y que se ha hecho muy lenta acompa\u00f1ada por su falta de actualizaci\u00f3n que lo ha hecho ver como un coche que r\u00e1pidamente va hacia la obsolescencia a pesar de que la tecnolog\u00eda que representa est\u00e1 muy vigente. Por otra parte, est\u00e1 la eliminaci\u00f3n de ayudas por parte del gobierno.<\/p>\n<p>Para la adquisici\u00f3n de coches el\u00e9ctricos puros, lo que est\u00e1 llevando a los usuarios que desean renunciar a los combustibles f\u00f3siles a preferir la movilidad h\u00edbrida. Como Tesla se especializa en la fabricaci\u00f3n de veh\u00edculos el\u00e9ctricos puros, est\u00e1 en clara desventaja ante los fabricantes chinos y europeos que elaboran autom\u00f3viles de los tres tipos dominantes<strong>: de combusti\u00f3n, el\u00e9ctricos e h\u00edbridos<\/strong>.<\/p>\n<h2>\u00bfC\u00f3mo est\u00e1 la situaci\u00f3n en el resto de Europa?<\/h2>\n<p>En el resto de Europa <strong>la situaci\u00f3n no pinta mejor para Tesla<\/strong> ya que BYD en su posici\u00f3n del principal competidor de la firma estadounidense, el mes de abril lo super\u00f3. Esto seg\u00fan la informaci\u00f3n compartida por la plataforma JATO Dynamics que investiga el mercado automotriz, la que dice que la empresa china vendi\u00f3 7231 coches el\u00e9ctricos frente a 7165 de la empresa de Elon Musk.<\/p>\n<p>En conclusi\u00f3n, de continuar el desplome de sus ventas de coches el\u00e9ctricos Tesla, como har\u00eda cualquier otra compa\u00f1\u00eda, podr\u00eda cerrar sus puertas no solo en Espa\u00f1a sino en toda Europa (la cual ha manifestado su intenci\u00f3n de <a href=\"https:\/\/www.ecoticias.com\/hoyeco\/europa-tesla-musk-coches\/20783\/\">poner distancia con la empresa estadounidense<\/a>). Esta tendencia resulta m\u00e1s grave sabiendo que la preferencia por los coches el\u00e9ctricos va en aumento en el viejo continente.<\/p>\n","protected":false},"excerpt":{"rendered":"<p>Es bien sabido que Tesla es uno de los fabricantes de coches el\u00e9ctricos que es l\u00edder indiscutible en el sector, &#8230; <\/p>\n<p class=\"read-more-container\"><a title=\"Tesla podr\u00eda cerrar operaciones en Espa\u00f1a: \u00bfSer\u00eda un triunfo para los anti Musk?\" class=\"read-more button\" href=\"https:\/\/www.ecoticias.com\/hoyeco\/tesla-cerrar-operaciones-espana\/24624\/#more-24624\" aria-label=\"Leer m\u00e1s sobre Tesla podr\u00eda cerrar operaciones en Espa\u00f1a: \u00bfSer\u00eda un triunfo para los anti Musk?\">Read more<\/a><\/p>\n","protected":false},"author":6,"featured_media":24626,"comment_status":"closed","ping_status":"closed","sticky":false,"template":"","format":"standard","meta":{"footnotes":""},"categories":[6],"tags":[],"class_list":["post-24624","post","type-post","status-publish","format-standard","has-post-thumbnail","hentry","category-movilidad","resize-featured-image"],"_links":{"self":[{"href":"https:\/\/www.ecoticias.com\/hoyeco\/wp-json\/wp\/v2\/posts\/24624","targetHints":{"allow":["GET"]}}],"collection":[{"href":"https:\/\/www.ecoticias.com\/hoyeco\/wp-json\/wp\/v2\/posts"}],"about":[{"href":"https:\/\/www.ecoticias.com\/hoyeco\/wp-json\/wp\/v2\/types\/post"}],"author":[{"embeddable":true,"href":"https:\/\/www.ecoticias.com\/hoyeco\/wp-json\/wp\/v2\/users\/6"}],"replies":[{"embeddable":true,"href":"https:\/\/www.ecoticias.com\/hoyeco\/wp-json\/wp\/v2\/comments?post=24624"}],"version-history":[{"count":0,"href":"https:\/\/www.ecoticias.com\/hoyeco\/wp-json\/wp\/v2\/posts\/24624\/revisions"}],"wp:featuredmedia":[{"embeddable":true,"href":"https:\/\/www.ecoticias.com\/hoyeco\/wp-json\/wp\/v2\/media\/24626"}],"wp:attachment":[{"href":"https:\/\/www.ecoticias.com\/hoyeco\/wp-json\/wp\/v2\/media?parent=24624"}],"wp:term":[{"taxonomy":"category","embeddable":true,"href":"https:\/\/www.ecoticias.com\/hoyeco\/wp-json\/wp\/v2\/categories?post=24624"},{"taxonomy":"post_tag","embeddable":true,"href":"https:\/\/www.ecoticias.com\/hoyeco\/wp-json\/wp\/v2\/tags?post=24624"}],"curies":[{"name":"wp","href":"https:\/\/api.w.org\/{rel}","templated":true}]}}