{"id":24812,"date":"2025-06-10T15:30:17","date_gmt":"2025-06-10T13:30:17","guid":{"rendered":"https:\/\/www.ecoticias.com\/hoyeco\/?p=24812"},"modified":"2025-06-10T15:30:17","modified_gmt":"2025-06-10T13:30:17","slug":"espana-desperdicio-energia-solar","status":"publish","type":"post","link":"https:\/\/www.ecoticias.com\/hoyeco\/espana-desperdicio-energia-solar\/24812\/","title":{"rendered":"Verg\u00fcenza para Espa\u00f1a: El mayor desperdicio de la historia mientras los precios se inflan"},"content":{"rendered":"<p>En el actual proceso de lucha contra el cambio clim\u00e1tico, los diferentes pa\u00edses producen y consumen ciertos recursos que son sostenibles y que en el proceso no producen gases de efecto invernadero. Entre ellos se encuentran las fuentes de energ\u00eda renovable como las de origen e\u00f3lico y fotovoltaico. Pero Espa\u00f1a pasa por la verg\u00fcenza de tener el mayor desperdicio de la historia en un sector donde los precios se inflan continuamente.<\/p>\n<h2>La energ\u00eda fotovoltaica: una fuente de electricidad que es confiable<\/h2>\n<p>Hoy por hoy, las energ\u00edas de origen renovable est\u00e1n tomando gran auge por el proceso que lleva el mundo para tratar de revertir el calentamiento global ocasionado por el CO2 liberado a la atm\u00f3sfera por las actividades del hombre. Entre ellas, la m\u00e1s utilizada es la del tipo fotovoltaica, que produce electricidad convirtiendo la energ\u00eda solar. Una vez realizadas las instalaciones, <strong>genera electricidad en forma gratuita<\/strong>.<\/p>\n<p>Por lo que es un sistema muy confiable que puede ser instalado en cualquier parte del mundo, incluso en aquellas regiones que tengan baja irradiaci\u00f3n. Esta continuidad de suministro se refuerza con un sistema de almacenamiento adecuado. Por otra parte, los paneles solares tienen una vida \u00fatil de hasta 30 a\u00f1os y no requieren de un mantenimiento muy dif\u00edcil de realizar.<\/p>\n<h2>El desperdicio que averg\u00fcenza a Espa\u00f1a<\/h2>\n<p>De acuerdo a la informaci\u00f3n suministrada por el Operador del Mercado Ib\u00e9rico de Energ\u00eda de Espa\u00f1a (OMIE), debido a las restricciones t\u00e9cnicas, en este 2025 todos los meses se pierde <strong>uno de cada cinco MW que se generan de energ\u00eda fotovoltaica<\/strong>, lo que constituye una p\u00e9rdida grande para la pen\u00ednsula. Esto porque hasta el pasado mes se cuentan 363 horas donde la electricidad tiene un precio negativo.<\/p>\n<p>Mientras que se han contabilizado 113 horas que tienen un costo de cero euros. Esta situaci\u00f3n no tiene precedentes en el mercado ib\u00e9rico (a esa sobreproducci\u00f3n se le suman las que se dan por <a href=\"https:\/\/www.ecoticias.com\/hoyeco\/espana-energia-undimotriz\/16717\/\">otras fuentes como esta<\/a>), lo que trae efectos negativos para el mix el\u00e9ctrico. Ya que es necesaria la desconexi\u00f3n de la energ\u00eda de origen nuclear y los vertidos de energ\u00eda, o curtailments, asociados a las renovables.<\/p>\n<p>Especialmente la solar, ya que de esta hay m\u00e1s de 34 000 MW que se generan para una demanda el\u00e9ctrica que es muy baja lo cual hace que durante las horas de incidencia del sol, la electricidad tenga un precio cero o incluso negativo. De acuerdo con las estad\u00edsticas de OMIE durante los meses, desde marzo hasta mayo pasado, los vertidos energ\u00e9ticos llegaron hasta el 18% sobre todo en energ\u00eda fotovoltaica.<\/p>\n<p>Lo que ha ocasionado que los precios vayan en ca\u00edda libre hasta una media durante el d\u00eda de 2,25 euros por MWh. En otras palabras, Espa\u00f1a dej\u00f3 de generar 850 GWh de fuentes solares debido a los bajos precios y escasa demanda. Esto sin tomar en cuenta que alrededor del 2 % de la producci\u00f3n se perdi\u00f3 por efecto de las restricciones t\u00e9cnicas, lo que se traduce que <strong>en total se desperdiciaron uno de cada cinco MW<\/strong>.<\/p>\n<h2>Mientras tanto, los precios contin\u00faan al alza<\/h2>\n<p>Si bien esta tendencia, por lo menos en teor\u00eda, hace que el costo de la electricidad sea uno de los m\u00e1s bajos de los \u00faltimos a\u00f1os, la facturaci\u00f3n aument\u00f3 un 11 %. Esta contradicci\u00f3n se debe a que <strong>los ajustes fueron muy fuertes<\/strong>, provocados por los curtailments que estuvieron en 26,4 euros por MWh lo que significa un incremento del 43,5 % respecto al mes de abril que se ubicaron en 18,4 euros por MWh.<\/p>\n<p>Concluyendo, Espa\u00f1a pasa por un gran desajuste en la gesti\u00f3n energ\u00e9tica debido a que tuvo el mayor desperdicio de su historia el\u00e9ctrica al perder uno de cada cinco MW generados por potencia solar. Mientras tanto, los precios se inflan diariamente (de hecho, este aumento en la facturaci\u00f3n ha sido m\u00e1s visible <a href=\"https:\/\/www.ecoticias.com\/hoyeco\/precio-de-la-luz-aumenta-espana\/15375\/\">desde enero de este a\u00f1o<\/a>). Esto se debe a los vertidos energ\u00e9ticos y a las restricciones t\u00e9cnicas en el sistema de energ\u00eda.<\/p>\n","protected":false},"excerpt":{"rendered":"<p>En el actual proceso de lucha contra el cambio clim\u00e1tico, los diferentes pa\u00edses producen y consumen ciertos recursos que son &#8230; <\/p>\n<p class=\"read-more-container\"><a title=\"Verg\u00fcenza para Espa\u00f1a: El mayor desperdicio de la historia mientras los precios se inflan\" class=\"read-more button\" href=\"https:\/\/www.ecoticias.com\/hoyeco\/espana-desperdicio-energia-solar\/24812\/#more-24812\" aria-label=\"Leer m\u00e1s sobre Verg\u00fcenza para Espa\u00f1a: El mayor desperdicio de la historia mientras los precios se inflan\">Read more<\/a><\/p>\n","protected":false},"author":6,"featured_media":24814,"comment_status":"closed","ping_status":"closed","sticky":false,"template":"","format":"standard","meta":{"footnotes":""},"categories":[5],"tags":[],"class_list":["post-24812","post","type-post","status-publish","format-standard","has-post-thumbnail","hentry","category-energia","resize-featured-image"],"_links":{"self":[{"href":"https:\/\/www.ecoticias.com\/hoyeco\/wp-json\/wp\/v2\/posts\/24812","targetHints":{"allow":["GET"]}}],"collection":[{"href":"https:\/\/www.ecoticias.com\/hoyeco\/wp-json\/wp\/v2\/posts"}],"about":[{"href":"https:\/\/www.ecoticias.com\/hoyeco\/wp-json\/wp\/v2\/types\/post"}],"author":[{"embeddable":true,"href":"https:\/\/www.ecoticias.com\/hoyeco\/wp-json\/wp\/v2\/users\/6"}],"replies":[{"embeddable":true,"href":"https:\/\/www.ecoticias.com\/hoyeco\/wp-json\/wp\/v2\/comments?post=24812"}],"version-history":[{"count":0,"href":"https:\/\/www.ecoticias.com\/hoyeco\/wp-json\/wp\/v2\/posts\/24812\/revisions"}],"wp:featuredmedia":[{"embeddable":true,"href":"https:\/\/www.ecoticias.com\/hoyeco\/wp-json\/wp\/v2\/media\/24814"}],"wp:attachment":[{"href":"https:\/\/www.ecoticias.com\/hoyeco\/wp-json\/wp\/v2\/media?parent=24812"}],"wp:term":[{"taxonomy":"category","embeddable":true,"href":"https:\/\/www.ecoticias.com\/hoyeco\/wp-json\/wp\/v2\/categories?post=24812"},{"taxonomy":"post_tag","embeddable":true,"href":"https:\/\/www.ecoticias.com\/hoyeco\/wp-json\/wp\/v2\/tags?post=24812"}],"curies":[{"name":"wp","href":"https:\/\/api.w.org\/{rel}","templated":true}]}}