{"id":25003,"date":"2025-06-16T16:30:42","date_gmt":"2025-06-16T14:30:42","guid":{"rendered":"https:\/\/www.ecoticias.com\/hoyeco\/?p=25003"},"modified":"2025-06-16T16:30:42","modified_gmt":"2025-06-16T14:30:42","slug":"apagon-consumo-gas-natural-espana","status":"publish","type":"post","link":"https:\/\/www.ecoticias.com\/hoyeco\/apagon-consumo-gas-natural-espana\/25003\/","title":{"rendered":"El apag\u00f3n nos dej\u00f3 secuelas: Una herida de la que empieza a brotar algo realmente t\u00f3xico"},"content":{"rendered":"<p>Las secuelas del colosal <strong>apag\u00f3n<\/strong> que ocurri\u00f3 en Espa\u00f1a el 28 de abril todav\u00eda se sienten en el ambiente y son de diversa naturaleza, aunque las m\u00e1s sentidas se parecen a una especie de herida sangrante que se ha reabierto luego de que comenzara un arduo proceso de sanaci\u00f3n que ha terminado en estado incompleto<\/p>\n<h2><span data-sheets-root=\"1\">Una herida abierta de donde brota suficiente t\u00f3xico gas natural para el equilibrio del sistema\u00a0<\/span><\/h2>\n<p>El cese del servicio el\u00e9ctrico producido en Espa\u00f1a en el mes de abril <strong>provoc\u00f3 grandes p\u00e9rdidas en el orden econ\u00f3mico como parte de las secuelas<\/strong>, sin embargo, las consecuencias trascienden m\u00e1s all\u00e1 de los efectos materiales o psicol\u00f3gicos que se dejaron sentir y tienen que ver con el retroceso que se pudiera producir en la ruta hacia la reducci\u00f3n de la huella de carbono.<\/p>\n<p>La sensaci\u00f3n de que la infraestructura el\u00e9ctrica no est\u00e1 lista para soportar el retiro de los aportes de las plantas nucleares y las intermitencias de las fuentes energ\u00e9ticas renovables sugiere la posible necesidad de incrementar el consumo de combustibles f\u00f3siles, lo que puede verse como una herida abierta en el plan de transici\u00f3n energ\u00e9tica.<\/p>\n<p>Se observa que el plan de desmantelamiento de las centrales nucleares en Espa\u00f1a se mantiene dentro del cronograma sin que Iberdrola y Endesa se hayan pronunciado ante la proximidad de la fecha de cierre, por lo que <strong>una de las posibles consecuencias sea incrementar el uso de gas natural<\/strong>.<\/p>\n<p>Espec\u00edficamente, la clausura de las instalaciones nucleares va a generar la p\u00e9rdida de una generaci\u00f3n puesto que los ciclos combinados, es decir, las instalaciones quemadoras de gas para generar electricidad, contemplan un rol adicional para garantizar esa capacidad de generar energ\u00eda el\u00e9ctrica.<\/p>\n<h2>Con un tramo del trayecto recorrido ahora todo empuja hacia el regreso del gas natural<\/h2>\n<p>Tal como han advertido la Agencia Internacional de la Energ\u00eda (IEA) y Enag\u00e1s en fechas diferentes,\u00a0la interrupci\u00f3n de las operaciones de las instalaciones nucleares <strong>provocar\u00e1 un incremento de la dependencia de los combustibles f\u00f3siles<\/strong>, especialmente del gas natural, y justamente en un momento cuando la disponibilidad no est\u00e1 garantizada.<\/p>\n<p>Por otro lado, la <a href=\"https:\/\/www.ecoticias.com\/medio-ambiente\/133919_como-afecta-al-medio-ambiente-extraccion-combustibles-fosiles\">dependencia de combustibles f\u00f3siles<\/a> se har\u00e1 m\u00e1s cr\u00edtica cuando se produzcan picos de demanda el\u00e9ctrica y el aporte de las renovables no sea suficiente, porque naturalmente se buscar\u00e1 evitar que en Espa\u00f1a se produzca nuevamente un apag\u00f3n.<\/p>\n<p>Una prueba de la necesidad de que las instalaciones nucleares se mantengan trabajando es el registro del incremento <strong>de combustibles f\u00f3siles luego del apag\u00f3n<\/strong> que aconteci\u00f3 el 28 de abril, pese al incremento de los costes, con el fin de reforzar el sistema el\u00e9ctrico nacional.<\/p>\n<p>Espec\u00edficamente,\u00a0 para generar 7185 GWh en el mes de mayo se produjo un incremento de 68,2% interanual de la demanda de gas natural, esto motivado a la influencia de los ciclos combinados, lo cual revela la continuidad de la dependencia de combustibles con huella de carbono.<\/p>\n<h2>Salirse de la ruta de la transici\u00f3n energ\u00e9tica incrementar\u00e1 los costes econ\u00f3micos y ambientales<\/h2>\n<p>Expertos en el \u00e1rea t\u00e9cnica argumentan que aun cuando la flexibilidad de los ciclos permitir\u00e1 en Espa\u00f1a el mantenimiento de cierta estabilidad el\u00e9ctrica en el corto plazo, la sustituci\u00f3n de las centrales nucleares no se har\u00e1 de forma masiva por gas natural, sino por renovables, por lo que estar\u00e1 presente el riesgo de interrupci\u00f3n el\u00e9ctrica.<\/p>\n<p data-mrf-recirculation=\"Desktop - Links P\u00e1rrafos \">De acuerdo con datos del Grupo ASE, una mayor inversi\u00f3n en combustibles f\u00f3siles para <strong>reforzar la seguridad del sistema el\u00e9ctrico provoc\u00f3 el\u00a0incremento en los costes<\/strong> en un 59,4% interanual que conllev\u00f3 a un coste de 27,20 euros por cada MWh significando en mayo el aumento del precio final para los usuarios de 44,13 euros\/Mwh.<\/p>\n<p data-mrf-recirculation=\"Desktop - Links P\u00e1rrafos \">Tras la ubicaci\u00f3n del gasto el\u00e9ctrico en los 24 446 GWh, de acuerdo a registros en el bolet\u00edn de Enag\u00e1s, el aumento en el mes mayo por el orden del 30% por encima del consumo gas\u00edfero natural en el periodo mensual anterior conllev\u00f3 a un incremento de 8,9% en la demanda nacional de combustibles f\u00f3siles si se compara con el a\u00f1o pasado en igual lapso.<\/p>\n<p data-mrf-recirculation=\"Desktop - Links P\u00e1rrafos \"><span data-sheets-root=\"1\">En conclusi\u00f3n, el <strong>apag\u00f3n<\/strong> de abril dej\u00f3 como principal secuela una especie de herida de la que empieza a brotar algo realmente t\u00f3xico, pues el incremento en el consumo de gas natural para el mantenimiento del fluido el\u00e9ctrico solo puede apreciarse como una involuci\u00f3n en el desarrollo de un <a href=\"https:\/\/www.ecoticias.com\/energias-renovables\/plan-transicion-energetica-cambio-climatico-illes-balears\">plan de transici\u00f3n energ\u00e9tica<\/a> que tanto esfuerzo ha requerido.<\/span><\/p>\n","protected":false},"excerpt":{"rendered":"<p>Las secuelas del colosal apag\u00f3n que ocurri\u00f3 en Espa\u00f1a el 28 de abril todav\u00eda se sienten en el ambiente y &#8230; <\/p>\n<p class=\"read-more-container\"><a title=\"El apag\u00f3n nos dej\u00f3 secuelas: Una herida de la que empieza a brotar algo realmente t\u00f3xico\" class=\"read-more button\" href=\"https:\/\/www.ecoticias.com\/hoyeco\/apagon-consumo-gas-natural-espana\/25003\/#more-25003\" aria-label=\"Leer m\u00e1s sobre El apag\u00f3n nos dej\u00f3 secuelas: Una herida de la que empieza a brotar algo realmente t\u00f3xico\">Read more<\/a><\/p>\n","protected":false},"author":9,"featured_media":25038,"comment_status":"closed","ping_status":"closed","sticky":false,"template":"","format":"standard","meta":{"footnotes":""},"categories":[5],"tags":[],"class_list":["post-25003","post","type-post","status-publish","format-standard","has-post-thumbnail","hentry","category-energia","resize-featured-image"],"_links":{"self":[{"href":"https:\/\/www.ecoticias.com\/hoyeco\/wp-json\/wp\/v2\/posts\/25003","targetHints":{"allow":["GET"]}}],"collection":[{"href":"https:\/\/www.ecoticias.com\/hoyeco\/wp-json\/wp\/v2\/posts"}],"about":[{"href":"https:\/\/www.ecoticias.com\/hoyeco\/wp-json\/wp\/v2\/types\/post"}],"author":[{"embeddable":true,"href":"https:\/\/www.ecoticias.com\/hoyeco\/wp-json\/wp\/v2\/users\/9"}],"replies":[{"embeddable":true,"href":"https:\/\/www.ecoticias.com\/hoyeco\/wp-json\/wp\/v2\/comments?post=25003"}],"version-history":[{"count":0,"href":"https:\/\/www.ecoticias.com\/hoyeco\/wp-json\/wp\/v2\/posts\/25003\/revisions"}],"wp:featuredmedia":[{"embeddable":true,"href":"https:\/\/www.ecoticias.com\/hoyeco\/wp-json\/wp\/v2\/media\/25038"}],"wp:attachment":[{"href":"https:\/\/www.ecoticias.com\/hoyeco\/wp-json\/wp\/v2\/media?parent=25003"}],"wp:term":[{"taxonomy":"category","embeddable":true,"href":"https:\/\/www.ecoticias.com\/hoyeco\/wp-json\/wp\/v2\/categories?post=25003"},{"taxonomy":"post_tag","embeddable":true,"href":"https:\/\/www.ecoticias.com\/hoyeco\/wp-json\/wp\/v2\/tags?post=25003"}],"curies":[{"name":"wp","href":"https:\/\/api.w.org\/{rel}","templated":true}]}}