{"id":25098,"date":"2025-06-17T15:30:53","date_gmt":"2025-06-17T13:30:53","guid":{"rendered":"https:\/\/www.ecoticias.com\/hoyeco\/?p=25098"},"modified":"2025-06-17T15:30:53","modified_gmt":"2025-06-17T13:30:53","slug":"respuestas-espana-apagon","status":"publish","type":"post","link":"https:\/\/www.ecoticias.com\/hoyeco\/respuestas-espana-apagon\/25098\/","title":{"rendered":"Las respuestas a las dos mayores preguntas del siglo en Espa\u00f1a: \u00bfC\u00f3mo y por qu\u00e9?"},"content":{"rendered":"<p>Con cierta frecuencia, la ocurrencia de diversas clases de fen\u00f3menos puede tomar por sorpresa a los seres humanos, provocando todo tipo de emociones, pero sobre todas las cosas, siempre les va a inducir a la b\u00fasqueda de explicaciones que permitan aclarar las causas de lo sucedido. Y esta no es una excepci\u00f3n, porque al fin hallaron las respuestas a las dos mayores preguntas del siglo en Espa\u00f1a, \u00bfc\u00f3mo y por qu\u00e9?<\/p>\n<h2>El esclarecimiento de un acontecimiento puede ser complicado<\/h2>\n<p><strong>En cualquier parte del mundo pueden darse acontecimientos extraordinarios<\/strong> que se presentan por varias causas, b\u00e1sicamente pueden ser de origen natural o provocados por el hombre, pero en cualquiera de los dos casos, es indispensable el desarrollo de investigaciones exhaustivas para su total esclarecimiento. En lo que respecta a la naturaleza, la mayor\u00eda de las veces la ciencia puede llegar al fondo del asunto.<\/p>\n<p>Y esto es lo que ha estado sucediendo en el pa\u00eds desde aquel hecho de abril que nos ha dejado en penumbras. Lo cierto es que parece que se han podido dar respuesta a las dos preguntas m\u00e1s resonantes en Espa\u00f1a: Por qu\u00e9 y c\u00f3mo sucedi\u00f3.<\/p>\n<h2>La cadena de hechos tras el apag\u00f3n de Espa\u00f1a<\/h2>\n<p>En lo que va de este siglo, el apag\u00f3n ocurrido el pasado d\u00eda 28 de abril <strong>ha sido el suceso m\u00e1s destacado debido a que afect\u00f3 a todo el territorio<\/strong> de Espa\u00f1a. Desde entonces, las especulaciones no han cesado, pero ya la Red Europea de Operadores de Sistemas de Transmisi\u00f3n (ENTSO-E)\u00a0ha determinado que las causas fueron las variaciones de la red de electricidad europea y una interconexi\u00f3n de l\u00edneas.<\/p>\n<p>El informe elaborado por la ENTSO-E indica que media hora antes de que ocurriera el apag\u00f3n (que por cierto, <a href=\"https:\/\/www.ecoticias.com\/hoyeco\/espana-apagon-amenaza\/24712\/\">la pen\u00ednsula a\u00fan no supera<\/a>), hubo dos incidentes de variaciones de potencia y frecuencia del sistema el\u00e9ctrico del continente, que gener\u00f3 cierta inestabilidad al espa\u00f1ol. Exactamente a las 12:16 y luego a las 12:22, la conexi\u00f3n con Francia, que nos une con la red europea, sufri\u00f3 una alteraci\u00f3n y comenz\u00f3 a enviar 1000 MW.<\/p>\n<p>Lo hizo de manera permanente en vez de seguir el control din\u00e1mico normal, como la corriente continua, lo que impidi\u00f3 que la red espa\u00f1ola pudiera adaptarse a las fluctuaciones porque se qued\u00f3 sin potencia s\u00edncrona. Adem\u00e1s, REE conect\u00f3 unas l\u00edneas internas en ese mismo momento al sur del pa\u00eds, lo que aparentemente increment\u00f3 la tensi\u00f3n el\u00e9ctrica en Hu\u00e9neja (Granada), definido como el foco del apag\u00f3n.<\/p>\n<p>Esta situaci\u00f3n activ\u00f3 su sistema de seguridad y luego el de otras centrales, lo que produjo la ca\u00edda del sistema en solo 7 segundos y lo separ\u00f3 de la conexi\u00f3n continental, sumiendo a Espa\u00f1a en la oscuridad. <strong>Todo fue tan r\u00e1pido que result\u00f3 imposible detener el evento<\/strong> y, aunque los dispositivos de los Planes de Defensa del Sistema entraron en funcionamiento, no tuvieron la suficiente capacidad de responder eficazmente.<\/p>\n<h2>Se determina c\u00f3mo y por qu\u00e9 ocurri\u00f3 el apag\u00f3n<\/h2>\n<p>El apag\u00f3n ocurri\u00f3 porque las fluctuaciones del sistema de electricidad europeo y la interrupci\u00f3n de su conexi\u00f3n al de Espa\u00f1a debilitaron a este \u00faltimo, lo cual empeor\u00f3 cuando al mismo tiempo la REE conect\u00f3 unas l\u00edneas y produjo un sobrevoltaje. El c\u00f3mo est\u00e1 directamente relacionado con la activaci\u00f3n de los diversos <strong>sistemas de seguridad que poseen las centrales el\u00e9ctricas que las desconect\u00f3 por completo.<\/strong><\/p>\n<p>En definitiva, los interrogantes acerca del c\u00f3mo y el porqu\u00e9 del apag\u00f3n de Espa\u00f1a han sido respondidos por la Red Europea de Operadores de Sistemas de Transmisi\u00f3n. La causa se encuentra en el debilitamiento de la red espa\u00f1ola por las fluctuaciones del sistema el\u00e9ctrico continental y la conexi\u00f3n de unas l\u00edneas internas por parte de la REE (el <a href=\"https:\/\/www.ecoticias.com\/hoyeco\/espana-apagon-plantas-nucleares\/20482\/\">\u201cenvenenamiento\u201d sufrido por las instalaciones at\u00f3micas<\/a> tiene a Espa\u00f1a en vilo).<\/p>\n","protected":false},"excerpt":{"rendered":"<p>Con cierta frecuencia, la ocurrencia de diversas clases de fen\u00f3menos puede tomar por sorpresa a los seres humanos, provocando todo &#8230; <\/p>\n<p class=\"read-more-container\"><a title=\"Las respuestas a las dos mayores preguntas del siglo en Espa\u00f1a: \u00bfC\u00f3mo y por qu\u00e9?\" class=\"read-more button\" href=\"https:\/\/www.ecoticias.com\/hoyeco\/respuestas-espana-apagon\/25098\/#more-25098\" aria-label=\"Leer m\u00e1s sobre Las respuestas a las dos mayores preguntas del siglo en Espa\u00f1a: \u00bfC\u00f3mo y por qu\u00e9?\">Read more<\/a><\/p>\n","protected":false},"author":6,"featured_media":25100,"comment_status":"closed","ping_status":"closed","sticky":false,"template":"","format":"standard","meta":{"footnotes":""},"categories":[5],"tags":[],"class_list":["post-25098","post","type-post","status-publish","format-standard","has-post-thumbnail","hentry","category-energia","resize-featured-image"],"_links":{"self":[{"href":"https:\/\/www.ecoticias.com\/hoyeco\/wp-json\/wp\/v2\/posts\/25098","targetHints":{"allow":["GET"]}}],"collection":[{"href":"https:\/\/www.ecoticias.com\/hoyeco\/wp-json\/wp\/v2\/posts"}],"about":[{"href":"https:\/\/www.ecoticias.com\/hoyeco\/wp-json\/wp\/v2\/types\/post"}],"author":[{"embeddable":true,"href":"https:\/\/www.ecoticias.com\/hoyeco\/wp-json\/wp\/v2\/users\/6"}],"replies":[{"embeddable":true,"href":"https:\/\/www.ecoticias.com\/hoyeco\/wp-json\/wp\/v2\/comments?post=25098"}],"version-history":[{"count":0,"href":"https:\/\/www.ecoticias.com\/hoyeco\/wp-json\/wp\/v2\/posts\/25098\/revisions"}],"wp:featuredmedia":[{"embeddable":true,"href":"https:\/\/www.ecoticias.com\/hoyeco\/wp-json\/wp\/v2\/media\/25100"}],"wp:attachment":[{"href":"https:\/\/www.ecoticias.com\/hoyeco\/wp-json\/wp\/v2\/media?parent=25098"}],"wp:term":[{"taxonomy":"category","embeddable":true,"href":"https:\/\/www.ecoticias.com\/hoyeco\/wp-json\/wp\/v2\/categories?post=25098"},{"taxonomy":"post_tag","embeddable":true,"href":"https:\/\/www.ecoticias.com\/hoyeco\/wp-json\/wp\/v2\/tags?post=25098"}],"curies":[{"name":"wp","href":"https:\/\/api.w.org\/{rel}","templated":true}]}}