{"id":25126,"date":"2025-06-18T16:30:36","date_gmt":"2025-06-18T14:30:36","guid":{"rendered":"https:\/\/www.ecoticias.com\/hoyeco\/?p=25126"},"modified":"2025-06-18T16:30:36","modified_gmt":"2025-06-18T14:30:36","slug":"defensa-apagones-escudo-espanoles","status":"publish","type":"post","link":"https:\/\/www.ecoticias.com\/hoyeco\/defensa-apagones-escudo-espanoles\/25126\/","title":{"rendered":"La defensa contra los apagones: Un escudo con filo que preocupa a los espa\u00f1oles"},"content":{"rendered":"<p>Luego de la masiva interrupci\u00f3n el\u00e9ctrica suscitada en Espa\u00f1a el 28 de abril los espa\u00f1oles solo piensan en qu\u00e9 hacer en caso de nuevos <strong>apagones<\/strong> y la mayor\u00eda se ha enterado que existe una suerte de escudo protector pero tambi\u00e9n puede considerarse como un arma de doble filo y aqu\u00ed veremos por qu\u00e9.<\/p>\n<h2><span data-sheets-root=\"1\">En Espa\u00f1a ya no preguntan por el coste de la electricidad sino como evitar los apagones<\/span><\/h2>\n<p>No se han divulgado las causas que llevaron a la falla en el sistema que dej\u00f3 sin electricidad a toda Espa\u00f1a y parte de Portugal, aparentemente siguen investig\u00e1ndolas, pero mientras ya empiezan a proponerse soluciones en el caso de que el evento vuelva a manifestarse y en esto los espa\u00f1oles han centrado su atenci\u00f3n.<\/p>\n<p>Entre las medidas sugeridas si nuevamente se produce una interrupci\u00f3n el\u00e9ctrica est\u00e1 la de guardar o almacenar la energ\u00eda el\u00e9ctrica no consumida, especialmente las renovables, pero luego se ha podido ver que tratar de solventar la falta de electricidad de esta manera pasa por la consideraci\u00f3n del factor econ\u00f3mico.<\/p>\n<p>Luego de varios a\u00f1os de implementaci\u00f3n de energ\u00eda solar en Espa\u00f1a y de un crecimiento a buen ritmo y bajo coste, el apag\u00f3n ha dejado en claro que frente a este tipo de situaci\u00f3n la inversi\u00f3n en bater\u00edas hace que el presupuesto se eleve y ahora se entiende que sin estos acumuladores de energ\u00eda el sistema est\u00e1 incompleto.<\/p>\n<p>La inclusi\u00f3n de estos acumuladores en el sistema es fundamental porque son los que le proporcionan la flexibilidad y estabilidad necesaria permitiendo almacenar y liberar la electricidad en el momento que se requiera, aunque el problema sigue siendo el coste y la forma como este afecta el precio final\u00a0 de la luz.<\/p>\n<h2>No te hab\u00edan querido decir: No es un sistema completo si no se invierte en lo m\u00e1s costoso<\/h2>\n<p>Ante el apag\u00f3n ocurrido en abril los espa\u00f1oles buscan establecer medidas a fin de que sus hogares no vuelvan a quedarse sin electricidad y algunos han pensado en paneles solares; sin embargo, expertos explican las ventajas y desventajas de este sistema alegando que no hay garant\u00eda de que estos sean la soluci\u00f3n.<\/p>\n<p class=\"ft-text\">Las empresas dedicadas a la instalaci\u00f3n de placas fotovoltaicas han tenido un importante incremento en las solicitudes de presupuesto, sin embargo, desde estas compa\u00f1\u00edas se aclara que el uso de estos dispositivos por s\u00ed solos no podr\u00edan evitar que una s\u00fabita interrupci\u00f3n el\u00e9ctrica vuelva a ocurrir.<\/p>\n<p>Los expertos advierten que en caso de un <a href=\"https:\/\/www.ecoticias.com\/energias-renovables\/red-electrica-apagon\">fallo en la red el\u00e9ctrica<\/a> el uso de placas solares no solventar\u00eda el problema ni restituir\u00eda el flujo de electricidad, ser\u00eda necesario disponer de bater\u00edas o \u00abBackup\u00bb, como tambi\u00e9n se le denomina, porque estas constituyen la energ\u00eda de respaldo.<\/p>\n<div id=\"paywall\"><\/div>\n<h2>Ya est\u00e1n sacando cuentas y adivina qui\u00e9n pagar\u00e1 los costes de los nuevos apagones<\/h2>\n<p>Una soluci\u00f3n viable frente a un fallo en el sistema es la disponibilidad de energ\u00eda almacenada, es decir, un \u00abBackup\u00bb, sin embargo, la adopci\u00f3n de esta tecnolog\u00eda tiene un coste y el problema est\u00e1 no solo en comprender que el mismo es elevado sino que adem\u00e1s muchos usuarios no puedan asumirlo.<\/p>\n<p>Hasta el apag\u00f3n el gobierno y Red El\u00e9ctrica hab\u00edan vendido la premisa de los bajos costes que significaba la incorporaci\u00f3n de energ\u00edas renovables al sistema, pero ahora les toca asumir que la instalaci\u00f3n de las necesarias bater\u00edas a la red implica un incremento en el precio de la electricidad.<\/p>\n<div class=\"g g-6\"><\/div>\n<p>De acuerdo con el gerente de ABF Soluci\u00f3ns El\u00e9ctricas, un hogar promedio en Galicia tendr\u00eda que pagar por un sistema completo que le garantice autonom\u00eda el\u00e9ctrica un precio aproximado de 12 000 euros, el cual se ve cuesta arriba sobre todo si no hay subvenciones.<\/p>\n<p><span data-sheets-root=\"1\">En conclusi\u00f3n, la defensa contra los <strong>apagones<\/strong> es un escudo con filo porque los espa\u00f1oles tendr\u00edan que asumir los costes de invertir en <a href=\"https:\/\/www.ecoticias.com\/energias-renovables\/baterias-y-almacenamiento-energetico\">bater\u00edas y almacenamiento<\/a> donde se acumule la carga no consumida para que la misma pueda ser liberada en caso de que se produzca una interrupci\u00f3n el\u00e9ctrica como la ocurrida el 28 de abril.<\/span><\/p>\n","protected":false},"excerpt":{"rendered":"<p>Luego de la masiva interrupci\u00f3n el\u00e9ctrica suscitada en Espa\u00f1a el 28 de abril los espa\u00f1oles solo piensan en qu\u00e9 hacer &#8230; <\/p>\n<p class=\"read-more-container\"><a title=\"La defensa contra los apagones: Un escudo con filo que preocupa a los espa\u00f1oles\" class=\"read-more button\" href=\"https:\/\/www.ecoticias.com\/hoyeco\/defensa-apagones-escudo-espanoles\/25126\/#more-25126\" aria-label=\"Leer m\u00e1s sobre La defensa contra los apagones: Un escudo con filo que preocupa a los espa\u00f1oles\">Read more<\/a><\/p>\n","protected":false},"author":9,"featured_media":25159,"comment_status":"closed","ping_status":"closed","sticky":false,"template":"","format":"standard","meta":{"footnotes":""},"categories":[5],"tags":[],"class_list":["post-25126","post","type-post","status-publish","format-standard","has-post-thumbnail","hentry","category-energia","resize-featured-image"],"_links":{"self":[{"href":"https:\/\/www.ecoticias.com\/hoyeco\/wp-json\/wp\/v2\/posts\/25126","targetHints":{"allow":["GET"]}}],"collection":[{"href":"https:\/\/www.ecoticias.com\/hoyeco\/wp-json\/wp\/v2\/posts"}],"about":[{"href":"https:\/\/www.ecoticias.com\/hoyeco\/wp-json\/wp\/v2\/types\/post"}],"author":[{"embeddable":true,"href":"https:\/\/www.ecoticias.com\/hoyeco\/wp-json\/wp\/v2\/users\/9"}],"replies":[{"embeddable":true,"href":"https:\/\/www.ecoticias.com\/hoyeco\/wp-json\/wp\/v2\/comments?post=25126"}],"version-history":[{"count":0,"href":"https:\/\/www.ecoticias.com\/hoyeco\/wp-json\/wp\/v2\/posts\/25126\/revisions"}],"wp:featuredmedia":[{"embeddable":true,"href":"https:\/\/www.ecoticias.com\/hoyeco\/wp-json\/wp\/v2\/media\/25159"}],"wp:attachment":[{"href":"https:\/\/www.ecoticias.com\/hoyeco\/wp-json\/wp\/v2\/media?parent=25126"}],"wp:term":[{"taxonomy":"category","embeddable":true,"href":"https:\/\/www.ecoticias.com\/hoyeco\/wp-json\/wp\/v2\/categories?post=25126"},{"taxonomy":"post_tag","embeddable":true,"href":"https:\/\/www.ecoticias.com\/hoyeco\/wp-json\/wp\/v2\/tags?post=25126"}],"curies":[{"name":"wp","href":"https:\/\/api.w.org\/{rel}","templated":true}]}}