{"id":25242,"date":"2025-06-22T15:30:08","date_gmt":"2025-06-22T13:30:08","guid":{"rendered":"https:\/\/www.ecoticias.com\/hoyeco\/?p=25242"},"modified":"2025-06-22T15:30:08","modified_gmt":"2025-06-22T13:30:08","slug":"europa-portugal-espana-litio","status":"publish","type":"post","link":"https:\/\/www.ecoticias.com\/hoyeco\/europa-portugal-espana-litio\/25242\/","title":{"rendered":"Europa nos asigna la misi\u00f3n m\u00e1s importante del siglo: Portugal nos asistir\u00e1"},"content":{"rendered":"<p>En el marco de la actual crisis por los llamados \u201cminerales cr\u00edticos\u201d, Europa se ha declarado pr\u00e1cticamente en emergencia por cuanto sin ellos, la ansiada transici\u00f3n energ\u00e9tica dif\u00edcilmente se llevar\u00e1 a cabo. Es por ello que exhorta a sus dos miembros que poseen grandes reservas de estos materiales a que lideren en este sector, a fin de disminuir la dependencia de otros pa\u00edses.<\/p>\n<h2>El litio: el nuevo oro blanco para la transici\u00f3n<\/h2>\n<p>Consiste en un metal que se ha convertido en el mineral m\u00e1s deseado de Europa en el marco de la transici\u00f3n energ\u00e9tica hacia fuentes renovables y sostenibles. Esto por sus propiedades en la conducci\u00f3n y almacenamiento de la electricidad, adem\u00e1s de ser reactivo y muy liviano que lo hace ideal para formar parte en la <strong>elaboraci\u00f3n de bater\u00edas recargables de diferentes dispositivos como los coches el\u00e9ctricos<\/strong>.<\/p>\n<p>Es por ello que se le conoce como el \u201coro blanco\u201d, sin embargo, es un elemento m\u00e1s bien escaso puesto que su producci\u00f3n y refinaci\u00f3n causa grandes afectaciones ambientales, sobre todo en aquellos pa\u00edses cuyos yacimientos son en salares ya que necesita agua en grandes cantidades. Igualmente sucede en aquellos donde la extracci\u00f3n es en minas cerradas o a cielo abierto.<\/p>\n<h2>Espa\u00f1a y Portugal est\u00e1n llamados a ser los mayores productores de Europa<\/h2>\n<p>En la actualidad la producci\u00f3n de la mayor parte del litio que requiere el mundo es producida por China, pa\u00eds que tradicionalmente no es amigo de nuestro continente. Debido a esto, la Uni\u00f3n Europea ha hecho un estudio a los <strong>distintos pa\u00edses que pudieran ser potenciales productores<\/strong>. Y ha encontrado que Espa\u00f1a asistida por Portugal tiene las reservas suficientes para poder cubrir un 30 % del total.<\/p>\n<p>Por lo que nos ha asignado esta misi\u00f3n, que representa la m\u00e1s importante del siglo (aunque han presentado <a href=\"https:\/\/www.ecoticias.com\/hoyeco\/futuro-baterias-sodio-potasio\/20466\/\">un material que podr\u00eda ser su sustituto<\/a> y su extracci\u00f3n es m\u00e1s sostenible). Los tres mayores consumidores de litio para el a\u00f1o 2030, sobre todo por la fabricaci\u00f3n de veh\u00edculos el\u00e9ctricos, que representan el 82 % de la demanda son EEUU, el viejo continente y China. Este \u00faltimo requerir\u00e1 unos 1,5 millones de toneladas m\u00e9tricas.<\/p>\n<p>Mientras que el segundo necesitar\u00e1 casi 800 000 toneladas, mientras que la demanda de los Estados Unidos se ubica en 700 000 toneladas. Viendo estas necesidades es l\u00f3gico que las diferentes naciones se preocupen, sobre todo el continente europeo. En este sentido, los pa\u00edses que tienen mayor potencial de producci\u00f3n son Espa\u00f1a con 47 000 toneladas, seguida de Portugal con 45 000 toneladas.<\/p>\n<p>Por lo que solo estos dos pa\u00edses podr\u00edan cubrir el 30 % de la demanda de Europa que se estima ser\u00e1 de <strong>300 000 toneladas m\u00e9tricas para el a\u00f1o 2030<\/strong>. Este nivel de producci\u00f3n depender\u00e1 de la oposici\u00f3n que tradicionalmente tienen estos proyectos mineros por parte de los ciudadanos, que siempre tienen el temor de c\u00f3mo afectar\u00e1 sus propiedades y de grupos ecologistas que defienden al ambiente.<\/p>\n<h2>Los yacimientos en Espa\u00f1a m\u00e1s destacados<\/h2>\n<p>La cuota de Espa\u00f1a, con la que apoyar\u00eda a Europa, podr\u00eda ser alcanzada f\u00e1cilmente con dos yacimientos. La mina cielo abierto que se encuentra en C\u00e1ceres, en el \u00e1rea llamada Dehesa Boyal de las Navas que producir\u00eda unas 27 000 toneladas y la de Valdefl\u00f3rez que est\u00e1 en la misma regi\u00f3n y tiene el potencial de producci\u00f3n de 17 000 toneladas. Ambos proyectos est\u00e1n detenidos hasta tanto no se presente una propuesta ambiental viable.<\/p>\n<p>En definitiva, Europa nos asigna una gran misi\u00f3n junto a Portugal y trata de que logremos explotar nuestros yacimientos de litio, los cuales son muy importantes (adem\u00e1s contamos con <a href=\"https:\/\/www.ecoticias.com\/hoyeco\/espana-toneladas-litio-conchas\/24849\/\">esta regi\u00f3n que es muy prometedora<\/a> pero que a\u00fan est\u00e1 en investigaciones). Con las minas que tenemos confirmadas, entre ambos pa\u00edses podr\u00edamos cubrir un 30 % de la demanda europea.<\/p>\n","protected":false},"excerpt":{"rendered":"<p>En el marco de la actual crisis por los llamados \u201cminerales cr\u00edticos\u201d, Europa se ha declarado pr\u00e1cticamente en emergencia por &#8230; <\/p>\n<p class=\"read-more-container\"><a title=\"Europa nos asigna la misi\u00f3n m\u00e1s importante del siglo: Portugal nos asistir\u00e1\" class=\"read-more button\" href=\"https:\/\/www.ecoticias.com\/hoyeco\/europa-portugal-espana-litio\/25242\/#more-25242\" aria-label=\"Leer m\u00e1s sobre Europa nos asigna la misi\u00f3n m\u00e1s importante del siglo: Portugal nos asistir\u00e1\">Read more<\/a><\/p>\n","protected":false},"author":6,"featured_media":25244,"comment_status":"closed","ping_status":"closed","sticky":false,"template":"","format":"standard","meta":{"footnotes":""},"categories":[5],"tags":[],"class_list":["post-25242","post","type-post","status-publish","format-standard","has-post-thumbnail","hentry","category-energia","resize-featured-image"],"_links":{"self":[{"href":"https:\/\/www.ecoticias.com\/hoyeco\/wp-json\/wp\/v2\/posts\/25242","targetHints":{"allow":["GET"]}}],"collection":[{"href":"https:\/\/www.ecoticias.com\/hoyeco\/wp-json\/wp\/v2\/posts"}],"about":[{"href":"https:\/\/www.ecoticias.com\/hoyeco\/wp-json\/wp\/v2\/types\/post"}],"author":[{"embeddable":true,"href":"https:\/\/www.ecoticias.com\/hoyeco\/wp-json\/wp\/v2\/users\/6"}],"replies":[{"embeddable":true,"href":"https:\/\/www.ecoticias.com\/hoyeco\/wp-json\/wp\/v2\/comments?post=25242"}],"version-history":[{"count":0,"href":"https:\/\/www.ecoticias.com\/hoyeco\/wp-json\/wp\/v2\/posts\/25242\/revisions"}],"wp:featuredmedia":[{"embeddable":true,"href":"https:\/\/www.ecoticias.com\/hoyeco\/wp-json\/wp\/v2\/media\/25244"}],"wp:attachment":[{"href":"https:\/\/www.ecoticias.com\/hoyeco\/wp-json\/wp\/v2\/media?parent=25242"}],"wp:term":[{"taxonomy":"category","embeddable":true,"href":"https:\/\/www.ecoticias.com\/hoyeco\/wp-json\/wp\/v2\/categories?post=25242"},{"taxonomy":"post_tag","embeddable":true,"href":"https:\/\/www.ecoticias.com\/hoyeco\/wp-json\/wp\/v2\/tags?post=25242"}],"curies":[{"name":"wp","href":"https:\/\/api.w.org\/{rel}","templated":true}]}}