{"id":25254,"date":"2025-06-20T15:30:24","date_gmt":"2025-06-20T13:30:24","guid":{"rendered":"https:\/\/www.ecoticias.com\/hoyeco\/?p=25254"},"modified":"2025-06-20T15:30:24","modified_gmt":"2025-06-20T13:30:24","slug":"espana-corriente-mundial-nuclear","status":"publish","type":"post","link":"https:\/\/www.ecoticias.com\/hoyeco\/espana-corriente-mundial-nuclear\/25254\/","title":{"rendered":"Espa\u00f1a nada sola contra la corriente mundial: \u00bfVemos algo que nadie ve o estamos ciegos?"},"content":{"rendered":"<p>En el contexto mundial, el juego de las estrategias pol\u00edticas siempre est\u00e1 presente, pero las alianzas hacen que este juego se torne un poco m\u00e1s uniforme al priorizar las necesidades comunes de las naciones. Sin embargo, hay oportunidades en que, por mantener posiciones ideol\u00f3gicas sobre algunos puntos, llega a pasar como a Espa\u00f1a, que est\u00e1 nadando contra la corriente mundial. La duda es si vemos algo que otros no.<\/p>\n<h2>La desnuclearizaci\u00f3n energ\u00e9tica mundial: \u00bfes posible?<\/h2>\n<p>Durante varias d\u00e9cadas, la electricidad proveniente de la energ\u00eda nuclear era un factor com\u00fan en muchos pa\u00edses, sobre todo porque esta fuente no emite gases de efecto invernadero como lo hacen las plantas que usan combustibles f\u00f3siles. Por lo que se le considera limpia, adem\u00e1s de que su eficiencia es muy grande, ya que un solo gramo de combustible nuclear es equivalente a una tonelada de carb\u00f3n.<\/p>\n<p>Luego de los sucesos ocurridos en la central de Fukushima, la mayor\u00eda de los pa\u00edses con este tipo de instalaciones, decidieron cerrarlas siguiendo el ejemplo de Espa\u00f1a. Para as\u00ed dar preferencia a las energ\u00edas renovables. Se cre\u00eda que en unos 10 a\u00f1os esta energ\u00eda ser\u00eda erradicada pero <strong>se est\u00e1 dando un nuevo renacer con equipos mucho m\u00e1s seguros<\/strong>. Una desnuclearizaci\u00f3n mundial es posible, pero mucho m\u00e1s dif\u00edcil.<\/p>\n<h2>Espa\u00f1a queda sola nadando contracorriente<\/h2>\n<p>El gobierno de Espa\u00f1a sigue firme en su posici\u00f3n antinuclear, por lo que el calendario de cierre de instalaciones <strong>sigue siendo el mismo que se aprob\u00f3 en 2019<\/strong> y que se encuentra plasmado en el Plan Nacional Integrado de Energ\u00eda y Clima (PNIEC 2021\u20112030). Sin embargo, el panorama mundial ha cambiado y la pen\u00ednsula ha quedado pr\u00e1cticamente sola y nadando contracorriente con su plan de desnuclearizaci\u00f3n.<\/p>\n<p>Como producto de la crisis energ\u00e9tica que est\u00e1 a las puertas como efecto del enfrentamiento b\u00e9lico de Rusia y Ucrania, en el mundo se est\u00e1 dando una nueva edad dorada para la energ\u00eda nuclear (incluso Alemania, que estaba con la pen\u00ednsula en cuanto a su posici\u00f3n con la at\u00f3mica, <a href=\"https:\/\/www.ecoticias.com\/hoyeco\/alemania-francia-energia-nuclear\/24139\/\">se ha aliado con Francia<\/a>). As\u00ed la Uni\u00f3n Europea ha decidido establecer los planes para romper su dependencia de los recursos rusos.<\/p>\n<p>Por lo que los pa\u00edses miembros de la Uni\u00f3n Europea est\u00e1n dispuestos a desembolsar\u00a0 241 000 millones en un periodo de 25 a\u00f1os con el fin de construir y poner en servicio reactores de \u00faltima generaci\u00f3n aunque una fracci\u00f3n se destinara para repotenciar los existentes. Por lo que se da un renacer de la nuclear de la mano con los reactores modulares avanzados (AMR), los reactores peque\u00f1os modulares (SMR) y los futuros de tecnolog\u00eda de fusi\u00f3n.<\/p>\n<p>Por lo que se incrementar\u00eda la capacidad nuclear en Europa de 98 GW, en este a\u00f1o, a 109 GW para el a\u00f1o 2050. Mientras tanto, Espa\u00f1a <strong>es el \u00fanico pa\u00eds de la UE que no ha cambiado su posici\u00f3n respecto a la at\u00f3mica<\/strong> para generar electricidad al mantener su calendario de cierre que inicia en noviembre de 2027 y finaliza en mayo de 2035 por lo que se puede decir que \u00bfvemos algo que los dem\u00e1s no o estamos en una ceguera energ\u00e9tica?.<\/p>\n<h2>Los planes de los Estados Unidos<\/h2>\n<p>El presidente Donald Trump ha firmado varias \u00f3rdenes ejecutivas para la expansi\u00f3n de la energ\u00eda nuclear, en este sentido <strong>busca multiplicar por cuatro su capacidad para el 2050<\/strong> y as\u00ed satisfacer su demanda el\u00e9ctrica futura. Asimismo, al contrario de Espa\u00f1a, le da un espaldarazo a los reactores de tecnolog\u00eda SMR. Tambi\u00e9n dijo que la comisi\u00f3n que regula la energ\u00eda tendr\u00e1 un m\u00e1ximo de 18 meses para dar respuesta a las solicitudes.<\/p>\n<p>Para finalizar, la energ\u00eda nuclear tiene un nuevo renacer en el mundo y Espa\u00f1a queda sola nadando contracorriente porque es la \u00fanica que mantiene su posici\u00f3n (aunque descubren el Santo Grial de la at\u00f3mica que <a href=\"https:\/\/www.ecoticias.com\/hoyeco\/energia-espana-deschos-radiactivos\/24702\/\">podr\u00eda hacer que la pen\u00ednsula reconsidere sus planes<\/a>). Al respecto, tanto la UE como los Estados Unidos invertir\u00e1n sus recursos en la construcci\u00f3n de reactores de \u00faltima tecnolog\u00eda.<\/p>\n","protected":false},"excerpt":{"rendered":"<p>En el contexto mundial, el juego de las estrategias pol\u00edticas siempre est\u00e1 presente, pero las alianzas hacen que este juego &#8230; <\/p>\n<p class=\"read-more-container\"><a title=\"Espa\u00f1a nada sola contra la corriente mundial: \u00bfVemos algo que nadie ve o estamos ciegos?\" class=\"read-more button\" href=\"https:\/\/www.ecoticias.com\/hoyeco\/espana-corriente-mundial-nuclear\/25254\/#more-25254\" aria-label=\"Leer m\u00e1s sobre Espa\u00f1a nada sola contra la corriente mundial: \u00bfVemos algo que nadie ve o estamos ciegos?\">Read more<\/a><\/p>\n","protected":false},"author":6,"featured_media":25256,"comment_status":"closed","ping_status":"closed","sticky":false,"template":"","format":"standard","meta":{"footnotes":""},"categories":[5],"tags":[],"class_list":["post-25254","post","type-post","status-publish","format-standard","has-post-thumbnail","hentry","category-energia","resize-featured-image"],"_links":{"self":[{"href":"https:\/\/www.ecoticias.com\/hoyeco\/wp-json\/wp\/v2\/posts\/25254","targetHints":{"allow":["GET"]}}],"collection":[{"href":"https:\/\/www.ecoticias.com\/hoyeco\/wp-json\/wp\/v2\/posts"}],"about":[{"href":"https:\/\/www.ecoticias.com\/hoyeco\/wp-json\/wp\/v2\/types\/post"}],"author":[{"embeddable":true,"href":"https:\/\/www.ecoticias.com\/hoyeco\/wp-json\/wp\/v2\/users\/6"}],"replies":[{"embeddable":true,"href":"https:\/\/www.ecoticias.com\/hoyeco\/wp-json\/wp\/v2\/comments?post=25254"}],"version-history":[{"count":0,"href":"https:\/\/www.ecoticias.com\/hoyeco\/wp-json\/wp\/v2\/posts\/25254\/revisions"}],"wp:featuredmedia":[{"embeddable":true,"href":"https:\/\/www.ecoticias.com\/hoyeco\/wp-json\/wp\/v2\/media\/25256"}],"wp:attachment":[{"href":"https:\/\/www.ecoticias.com\/hoyeco\/wp-json\/wp\/v2\/media?parent=25254"}],"wp:term":[{"taxonomy":"category","embeddable":true,"href":"https:\/\/www.ecoticias.com\/hoyeco\/wp-json\/wp\/v2\/categories?post=25254"},{"taxonomy":"post_tag","embeddable":true,"href":"https:\/\/www.ecoticias.com\/hoyeco\/wp-json\/wp\/v2\/tags?post=25254"}],"curies":[{"name":"wp","href":"https:\/\/api.w.org\/{rel}","templated":true}]}}