{"id":25291,"date":"2025-06-23T15:00:10","date_gmt":"2025-06-23T13:00:10","guid":{"rendered":"https:\/\/www.ecoticias.com\/hoyeco\/?p=25291"},"modified":"2025-06-23T15:00:10","modified_gmt":"2025-06-23T13:00:10","slug":"fuerza-invisible-gravedad","status":"publish","type":"post","link":"https:\/\/www.ecoticias.com\/hoyeco\/fuerza-invisible-gravedad\/25291\/","title":{"rendered":"Esa fuerza invisible que mantiene todo en su lugar: Quiz\u00e1s ha sido el mayor enga\u00f1o cient\u00edfico"},"content":{"rendered":"<p>En el mundo de la ciencia nada est\u00e1 dicho de forma definitiva, puesto que casi a diario nos enteramos de nuevos estudios que ponen en entredicho los conocimientos sobre las ciencias llamadas exactas, como la f\u00edsica, qu\u00edmica o biolog\u00eda. Como ejemplo tenemos el de esta fuerza que es invisible que nos hace capaces de mantenernos en un lugar y que ahora parece ser un enorme enga\u00f1o, aunque inconsciente, de los cient\u00edficos.<\/p>\n<h2>La gravedad: un concepto expuesto por Einstein que no encaja con la mec\u00e1nica cu\u00e1ntica<\/h2>\n<p>Einstein postul\u00f3 que la gravedad era una fuerza producto de \u201cla deformaci\u00f3n del espacio-tiempo provocada por la masa\u201d. Esta teor\u00eda, que desde hace m\u00e1s de un siglo ha sido mundialmente aceptada, tiene un problema que surgi\u00f3 hace pocos a\u00f1os y es que no es compatible con la disciplina de la mec\u00e1nica cu\u00e1ntica que explica el comportamiento del todo, pero a nivel subat\u00f3mico. Todas las partes de estas teor\u00edas encajan por separado.<\/p>\n<p>Pero al ponerlas juntas, es como querer incrustar un rect\u00e1ngulo dentro de un tri\u00e1ngulo, son aparentemente exactas pero solo dentro de sus dominios. Esta disparidad se debe a que los cient\u00edficos han intentado integrar la descripci\u00f3n hecha con Einstein a la ciencia cu\u00e1ntica a nivel subat\u00f3mico entonces se dan lugar inconsistencias matem\u00e1ticas muy marcadas. <strong>Entre las m\u00e1s cr\u00edticas est\u00e1n las probabilidades infinitas<\/strong>.<\/p>\n<h2>Una teor\u00eda osada que promete dar soluci\u00f3n a uno de los m\u00e1s grandes enigmas de la ciencia con la fuerza de la gravedad<\/h2>\n<p>Se ha dicho que la fuerza de la gravedad, tal y como la conocemos, es uno de los mayores enga\u00f1os cient\u00edficos, por lo que se ha publicado en la prestigiosa revista digital Reports on Progress in Physics una teor\u00eda que promete resolver este gran enredo. Los autores de la misma son investigadores de la Universidad de Aalto en Finlandia y presentan un concepto innovador sobre esta fuerza.<\/p>\n<p>Mediante la reinterpretaci\u00f3n de la hip\u00f3tesis creada por Einstein (aunque su predicci\u00f3n de existencia de <a href=\"https:\/\/www.ecoticias.com\/hoyeco\/prediccion-einstein-tunel\/11168\/\">un t\u00fanel espacio \u2013 tiempo fue confirmada<\/a>). Con esta nueva orientaci\u00f3n se busca que se refleje en los supuestos cu\u00e1nticos reconocidos en la actualidad. Para ello, se circunscriben dentro de los cuatro campos que est\u00e1n relacionados entre s\u00ed, acerc\u00e1ndola a las tres fuerzas primitivas mencionadas en el Modelo Est\u00e1ndar las cuales son nuclear d\u00e9bil, electromagn\u00e9tica y nuclear fuerte.<\/p>\n<p>Esta menci\u00f3n es hecha en las teor\u00edas llamadas gauge. Es de hacer notar que estas tres formas de energ\u00eda son perfectamente compatibles dentro de la mec\u00e1nica cu\u00e1ntica pero la fuerza de la gravedad a\u00fan se resiste a ello. Una de las caracter\u00edsticas que hace que esta proposici\u00f3n haya ganado popularidad es que es muy sencilla desde el punto de vista cu\u00e1ntico, ya que utiliza las constantes f\u00edsicas usuales.<\/p>\n<p>Sin embargo, los investigadores autores de esta teor\u00eda est\u00e1n claros que probarla es bastante dif\u00edcil, ya que la fuerza de la gravedad a nivel cu\u00e1ntico es imposible de medir con los instrumentos actuales ya que no son lo suficientemente sensibles por lo que habr\u00eda que esperar a un futuro. Aunque <strong>existe la posibilidad de realizar estas mediciones<\/strong>, aunque de forma indirecta, que no dar\u00edan la confirmaci\u00f3n necesaria, pero es un indicio.<\/p>\n<h2>Todav\u00eda es una visi\u00f3n te\u00f3rica<\/h2>\n<p>Aunque este trabajo sobre la fuerza de gravedad a nivel cu\u00e1ntico es prometedor, se debe recordar que a\u00fan est\u00e1 en sus fases iniciales, pero se ha logrado demostrar que la hip\u00f3tesis explica los llamados \u201ct\u00e9rminos de orden uno\u201d. Pero a\u00fan queda pendiente el saber operar los t\u00e9rminos infinitos que forman parte de los c\u00e1lculos. Este procedimiento <strong>es conocido con el nombre de renormalizaci\u00f3n<\/strong>.<\/p>\n<p>Concluyendo, la atracci\u00f3n invisible llamada gravedad postulada por Einstein (que se parece a esta <a href=\"https:\/\/www.ecoticias.com\/hoyeco\/misteriosa-fuerza-tierra-esferica\/10669\/\">misteriosa fuerza que rodea a la Tierra<\/a>), no funciona a nivel cu\u00e1ntico para explicar ciertos fen\u00f3menos como lo hacen las tres formas de energ\u00eda restantes, por lo que pareciera que es un gran enga\u00f1o cient\u00edfico. Pero ha sido publicada una teor\u00eda revolucionaria que podr\u00eda ser la soluci\u00f3n al enigma.<\/p>\n","protected":false},"excerpt":{"rendered":"<p>En el mundo de la ciencia nada est\u00e1 dicho de forma definitiva, puesto que casi a diario nos enteramos de &#8230; <\/p>\n<p class=\"read-more-container\"><a title=\"Esa fuerza invisible que mantiene todo en su lugar: Quiz\u00e1s ha sido el mayor enga\u00f1o cient\u00edfico\" class=\"read-more button\" href=\"https:\/\/www.ecoticias.com\/hoyeco\/fuerza-invisible-gravedad\/25291\/#more-25291\" aria-label=\"Leer m\u00e1s sobre Esa fuerza invisible que mantiene todo en su lugar: Quiz\u00e1s ha sido el mayor enga\u00f1o cient\u00edfico\">Read more<\/a><\/p>\n","protected":false},"author":6,"featured_media":25293,"comment_status":"closed","ping_status":"closed","sticky":false,"template":"","format":"standard","meta":{"footnotes":""},"categories":[2],"tags":[],"class_list":["post-25291","post","type-post","status-publish","format-standard","has-post-thumbnail","hentry","category-actualidad","resize-featured-image"],"_links":{"self":[{"href":"https:\/\/www.ecoticias.com\/hoyeco\/wp-json\/wp\/v2\/posts\/25291","targetHints":{"allow":["GET"]}}],"collection":[{"href":"https:\/\/www.ecoticias.com\/hoyeco\/wp-json\/wp\/v2\/posts"}],"about":[{"href":"https:\/\/www.ecoticias.com\/hoyeco\/wp-json\/wp\/v2\/types\/post"}],"author":[{"embeddable":true,"href":"https:\/\/www.ecoticias.com\/hoyeco\/wp-json\/wp\/v2\/users\/6"}],"replies":[{"embeddable":true,"href":"https:\/\/www.ecoticias.com\/hoyeco\/wp-json\/wp\/v2\/comments?post=25291"}],"version-history":[{"count":0,"href":"https:\/\/www.ecoticias.com\/hoyeco\/wp-json\/wp\/v2\/posts\/25291\/revisions"}],"wp:featuredmedia":[{"embeddable":true,"href":"https:\/\/www.ecoticias.com\/hoyeco\/wp-json\/wp\/v2\/media\/25293"}],"wp:attachment":[{"href":"https:\/\/www.ecoticias.com\/hoyeco\/wp-json\/wp\/v2\/media?parent=25291"}],"wp:term":[{"taxonomy":"category","embeddable":true,"href":"https:\/\/www.ecoticias.com\/hoyeco\/wp-json\/wp\/v2\/categories?post=25291"},{"taxonomy":"post_tag","embeddable":true,"href":"https:\/\/www.ecoticias.com\/hoyeco\/wp-json\/wp\/v2\/tags?post=25291"}],"curies":[{"name":"wp","href":"https:\/\/api.w.org\/{rel}","templated":true}]}}