{"id":25294,"date":"2025-06-23T15:30:48","date_gmt":"2025-06-23T13:30:48","guid":{"rendered":"https:\/\/www.ecoticias.com\/hoyeco\/?p=25294"},"modified":"2025-06-23T15:30:48","modified_gmt":"2025-06-23T13:30:48","slug":"almacenar-energia-bateria-arena","status":"publish","type":"post","link":"https:\/\/www.ecoticias.com\/hoyeco\/almacenar-energia-bateria-arena\/25294\/","title":{"rendered":"No m\u00e1s litio ni minerales cr\u00edticos para almacenar energ\u00eda: La clave est\u00e1 bajo de nuestros pies"},"content":{"rendered":"<p>La actual crisis energ\u00e9tica que sufre el mundo, combinada con la lucha contra el cambio clim\u00e1tico, ha hecho que los diferentes pa\u00edses se procuren fuentes de energ\u00eda que sean limpias y sostenibles, sobre todo en aquellas regiones de clima fr\u00edo que requieran almacenar calor. Por eso te presentamos este revolucionario mecanismo que no usa litio ni minerales de los llamados cr\u00edticos para acumular energ\u00eda.<\/p>\n<h2>El almacenamiento de energ\u00eda t\u00e9rmica<\/h2>\n<p>Esta forma de guardado de la energ\u00eda t\u00e9rmica est\u00e1 cobrando popularidad, especialmente en los pa\u00edses de climas muy crudos y fr\u00edos, ya que consiste en la captura de calor para ser posteriormente usado y as\u00ed dar un equilibrio entre la demanda y la oferta. La implementaci\u00f3n reduce la necesidad de fuentes energ\u00e9ticas para obtener calefacci\u00f3n y agua caliente. Es importante ya que tambi\u00e9n representa un ahorro econ\u00f3mico.<\/p>\n<p>Por la facturaci\u00f3n de combustibles y electricidad que, dependiendo del almacenamiento, puede llegar al 70 %. Hay varias formas de almacenamiento de calor, pero las m\u00e1s usadas son la termoqu\u00edmica, que usa reacciones reversibles y <strong>el sensible donde se calientan materiales que conservan el calor durante un tiempo<\/strong> para despu\u00e9s liberarlo en forma controlada cuando se necesite.<\/p>\n<h2>Una forma de almacenar calor para el invierno<\/h2>\n<p>Polar Night Energy, una startup de Finlandia, ha creado y desarrollado <strong>una bater\u00eda t\u00e9rmica para el almacenamiento de energ\u00eda calor\u00edfica<\/strong>, que no usa litio ni otros materiales requeridos por la transici\u00f3n energ\u00e9tica. Consiste en una gran estructura con forma de cilindro cuyas dimensiones son 15 metros de ancho con una altitud de 13 metros, rellenada con 2000 toneladas m\u00e9tricas de arena de esteatita triturada.<\/p>\n<p>La que es un desecho de una f\u00e1brica cercana de chimeneas (aunque no genera electricidad, es un <a href=\"https:\/\/www.ecoticias.com\/hoyeco\/baterias-de-1-km-de-altura\/7524\/\">concepto de almacenamiento parecido a este<\/a>), dentro de este silo aislado, la arena act\u00faa como una colosal bater\u00eda que almacena fuerza t\u00e9rmica la cual, bien gestionada, est\u00e1 en la capacidad de satisfacer las necesidades de calefacci\u00f3n durante unos d\u00edas en la poblaci\u00f3n finlandesa de Pornainen donde se construy\u00f3 el prototipo.<\/p>\n<p>Su ubicaci\u00f3n concreta es al lado de la planta t\u00e9rmica del poblado y comenz\u00f3 a funcionar el 11 de junio. Su capacidad es de 100 MWh t\u00e9rmicos y se encuentra administrada por la compa\u00f1\u00eda Loviisan L\u00e4mp\u00f6. Tiene una asombrosa eficiencia de alrededor del 90 al 95 %. Su forma de funcionamiento es muy sencilla, ya que utiliza electricidad de cualquier fuente, aunque para que sea sostenible debe provenir de una fuente renovable.<\/p>\n<p>Como la fotovoltaica o e\u00f3lica. Con ella se calienta el aire con unas resistencias y este retransfiere el calor obtenido a la arena que se encuentra en el silo llegando a unos 500 \u00b0C. Como esta \u00faltima tiene una alta capacidad t\u00e9rmica y densidad, puede retener esta energ\u00eda durante varias semanas. Al momento de ser requerida, <strong>el calor es liberado para calentar el agua para la calefacci\u00f3n o directamente a los edificios<\/strong>.<\/p>\n<h2>Los beneficios y usos de esta bater\u00eda t\u00e9rmica<\/h2>\n<p>Con esta gran estructura de almacenamiento de energ\u00eda t\u00e9rmica, se reduce el uso de astillas hasta en un 60 % para la calefacci\u00f3n de la poblaci\u00f3n, por lo que dejan de emitirse unas <strong>160 toneladas anuales de gases de efecto invernadero<\/strong> a la atm\u00f3sfera. Este prototipo de Pornainen da calefacci\u00f3n a muchas casas, la piscina municipal, negocios de v\u00edveres y a edificaciones p\u00fablicas.<\/p>\n<p>En conclusi\u00f3n, con este nuevo invento ya no hace falta para el almacenamiento de energ\u00eda t\u00e9rmica la utilizaci\u00f3n de litio y otros materiales (aunque se dice que el futuro real de las bater\u00edas es <a href=\"https:\/\/www.ecoticias.com\/hoyeco\/futuro-baterias-pasta-dental-negra\/19820\/\">una extra\u00f1a \u201cpasta dental negra\u201d<\/a>), sino algo mucho m\u00e1s simple y sostenible: la arena que es desecho de una f\u00e1brica de chimeneas, pero sirve cualquier material granulado de alta densidad.<\/p>\n","protected":false},"excerpt":{"rendered":"<p>La actual crisis energ\u00e9tica que sufre el mundo, combinada con la lucha contra el cambio clim\u00e1tico, ha hecho que los &#8230; <\/p>\n<p class=\"read-more-container\"><a title=\"No m\u00e1s litio ni minerales cr\u00edticos para almacenar energ\u00eda: La clave est\u00e1 bajo de nuestros pies\" class=\"read-more button\" href=\"https:\/\/www.ecoticias.com\/hoyeco\/almacenar-energia-bateria-arena\/25294\/#more-25294\" aria-label=\"Leer m\u00e1s sobre No m\u00e1s litio ni minerales cr\u00edticos para almacenar energ\u00eda: La clave est\u00e1 bajo de nuestros pies\">Read more<\/a><\/p>\n","protected":false},"author":6,"featured_media":25296,"comment_status":"closed","ping_status":"closed","sticky":false,"template":"","format":"standard","meta":{"footnotes":""},"categories":[5],"tags":[],"class_list":["post-25294","post","type-post","status-publish","format-standard","has-post-thumbnail","hentry","category-energia","resize-featured-image"],"_links":{"self":[{"href":"https:\/\/www.ecoticias.com\/hoyeco\/wp-json\/wp\/v2\/posts\/25294","targetHints":{"allow":["GET"]}}],"collection":[{"href":"https:\/\/www.ecoticias.com\/hoyeco\/wp-json\/wp\/v2\/posts"}],"about":[{"href":"https:\/\/www.ecoticias.com\/hoyeco\/wp-json\/wp\/v2\/types\/post"}],"author":[{"embeddable":true,"href":"https:\/\/www.ecoticias.com\/hoyeco\/wp-json\/wp\/v2\/users\/6"}],"replies":[{"embeddable":true,"href":"https:\/\/www.ecoticias.com\/hoyeco\/wp-json\/wp\/v2\/comments?post=25294"}],"version-history":[{"count":0,"href":"https:\/\/www.ecoticias.com\/hoyeco\/wp-json\/wp\/v2\/posts\/25294\/revisions"}],"wp:featuredmedia":[{"embeddable":true,"href":"https:\/\/www.ecoticias.com\/hoyeco\/wp-json\/wp\/v2\/media\/25296"}],"wp:attachment":[{"href":"https:\/\/www.ecoticias.com\/hoyeco\/wp-json\/wp\/v2\/media?parent=25294"}],"wp:term":[{"taxonomy":"category","embeddable":true,"href":"https:\/\/www.ecoticias.com\/hoyeco\/wp-json\/wp\/v2\/categories?post=25294"},{"taxonomy":"post_tag","embeddable":true,"href":"https:\/\/www.ecoticias.com\/hoyeco\/wp-json\/wp\/v2\/tags?post=25294"}],"curies":[{"name":"wp","href":"https:\/\/api.w.org\/{rel}","templated":true}]}}