{"id":25324,"date":"2025-06-28T14:30:10","date_gmt":"2025-06-28T12:30:10","guid":{"rendered":"https:\/\/www.ecoticias.com\/hoyeco\/?p=25324"},"modified":"2025-06-28T14:30:10","modified_gmt":"2025-06-28T12:30:10","slug":"energia-negra-amazonas-petroleo","status":"publish","type":"post","link":"https:\/\/www.ecoticias.com\/hoyeco\/energia-negra-amazonas-petroleo\/25324\/","title":{"rendered":"Regresa la euforia por la energ\u00eda negra en el Amazonas: No se detendr\u00e1n hasta destruirlo"},"content":{"rendered":"<p>La explotaci\u00f3n de la energ\u00eda negra en el Amazonas ten\u00eda algunos a\u00f1os de detenida, sin embargo, el gobierno brasile\u00f1o ha revivido con gran fuerza esta euforia que representa un grave peligro para una de las zonas que guarda la mayor biodiversidad del planeta, con especies de fauna y flora \u00fanicas. Parece que todos se han puesto de acuerdo en no parar hasta destruirlo totalmente. Veamos esto.<\/p>\n<h2>El inicio de la explotaci\u00f3n de la energ\u00eda negra<\/h2>\n<p>Hace poco la Agencia Nacional de Petr\u00f3leo, Gas Natural y Biocombustibles de Brasil <strong>subast\u00f3 19 puntos para la explotaci\u00f3n<\/strong> de la energ\u00eda negra, los cuales est\u00e1n en la parte frontal del delta del Amazonas. Desde las altas esferas del gobierno celebraron este hito porque es un r\u00e9cord hist\u00f3rico que super\u00f3 las expectativas que se ten\u00edan, adem\u00e1s desde hace tiempo el pa\u00eds carioca contemplaba la posibilidad de extraer petr\u00f3leo en esta \u00e1rea.<\/p>\n<p>Los ingresos fiscales solo por este acto, se ubican en los 980 millones de reales que equivalen a 179 millones de d\u00f3lares, con un compromiso de las empresas ganadoras de invertir anualmente poco m\u00e1s de 250 millones de d\u00f3lares en la fase de prospecciones. Respecto a las principales compa\u00f1ias que iniciar\u00e1n los trabajos, est\u00e1n la brasile\u00f1a Petrobras, CNPC de China y Chevron y Exxon de los Estados Unidos.<\/p>\n<h2>El problema es que la regi\u00f3n del Amazonas es muy delicada ambientalmente<\/h2>\n<p>El \u00e1rea del Amazonas es una de las de mayor importancia y sensible de la Tierra, desde el punto de vista ambiental. La supervisi\u00f3n de actividades mineras, tradicionalmente, ha sido muy deficiente por lo que los da\u00f1os han sido muy grandes. Es por esta raz\u00f3n que <strong>se han producido muchas protestas<\/strong> por la extracci\u00f3n de la energ\u00eda negra, frente a un hotel de Rio de Janeiro.<\/p>\n<p>Que fue donde se realiz\u00f3 la llamada por los protestantes \u201csubasta del juicio final\u201d (comparables con las que se dan en Espa\u00f1a <a href=\"https:\/\/www.ecoticias.com\/hoyeco\/anarquia-tesla-espana-vandalismo\/18883\/\">contra Elon Musk y Tesla<\/a>). Entre las causas de la misma, dicen que los pueblos originarios de la zona no fueron consultados, por lo que se consideran atacados por un gobierno que manda desde la capital y nunca sus representantes han estado en este territorio por lo que desconocen el impacto ambiental.<\/p>\n<p>Por otra parte, los l\u00edderes ind\u00edgenas de la etnia Tapayuna que son del estado de Mato Grosso dicen que este territorio, asignado para la explotaci\u00f3n de petr\u00f3leo, para ellos es sagrado. Por otro lado, la Coordinaci\u00f3n Nacional de Articulaci\u00f3n de las Comunidades Rurales Negras Quilombolas denunci\u00f3 a trav\u00e9s de un comunicado que el gobierno no los escuch\u00f3 antes de decidir realizar esta subasta, por lo que se sienten ambientalmente excluidos.<\/p>\n<p>Amazonas, el llamado \u201cpulm\u00f3n de la Tierra\u201d, alberga m\u00e1s del 80 % de la totalidad de los manglares de Brasil, ecosistemas end\u00e9micos que son particulares y \u00fanicos, as\u00ed como recursos pesqueros que son el sustento y forma de vida de muchas familias. La explotaci\u00f3n de la energ\u00eda negra no solo da\u00f1ar\u00e1, sino que pondr\u00e1 <strong>en peligro el futuro clim\u00e1tico del pa\u00eds y de la Tierra<\/strong>.<\/p>\n<h2>Todo esto ocurre el a\u00f1o en que se celebrar\u00e1 el COP 30 en el Amazonas brasile\u00f1o<\/h2>\n<p>La Conferencia de las Partes n\u00famero 30 (COP 30), patrocinada por la ONU, se celebrar\u00e1 este a\u00f1o en Bel\u00e9m do Par\u00e1 con el fin de establecer las acciones conjuntas que llevar\u00edan a cabo m\u00e1s de 200 pa\u00edses, que se estima que asistan, para fortalecer la lucha contra el cambio clim\u00e1tico. La subasta para las explotaciones de la energ\u00eda negra <strong>no est\u00e1 en sinton\u00eda con este magno evento<\/strong> y m\u00e1s cuando Brasil desea posicionarse como l\u00edder.<\/p>\n<p>Concluyendo, despu\u00e9s de un tiempo vuelve la embriaguez por la explotaci\u00f3n de la energ\u00eda negra en el Amazonas (la cual es indispensable para la salvaci\u00f3n de la humanidad, como la <a href=\"https:\/\/www.ecoticias.com\/hoyeco\/salvacion-humanidad-amazonas\/10524\/\">pr\u00e1ctica de esta actividad ancestral<\/a> que se lleva a cabo en este territorio). Lo peor es que se hace en el marco del evento del COP 30 que se efectuar\u00e1 en un estado ubicado en esta \u00e1rea como muestra de la necesidad de tomar acciones ambientales.<\/p>\n","protected":false},"excerpt":{"rendered":"<p>La explotaci\u00f3n de la energ\u00eda negra en el Amazonas ten\u00eda algunos a\u00f1os de detenida, sin embargo, el gobierno brasile\u00f1o ha &#8230; <\/p>\n<p class=\"read-more-container\"><a title=\"Regresa la euforia por la energ\u00eda negra en el Amazonas: No se detendr\u00e1n hasta destruirlo\" class=\"read-more button\" href=\"https:\/\/www.ecoticias.com\/hoyeco\/energia-negra-amazonas-petroleo\/25324\/#more-25324\" aria-label=\"Leer m\u00e1s sobre Regresa la euforia por la energ\u00eda negra en el Amazonas: No se detendr\u00e1n hasta destruirlo\">Read more<\/a><\/p>\n","protected":false},"author":6,"featured_media":25327,"comment_status":"closed","ping_status":"closed","sticky":false,"template":"","format":"standard","meta":{"footnotes":""},"categories":[5],"tags":[],"class_list":["post-25324","post","type-post","status-publish","format-standard","has-post-thumbnail","hentry","category-energia","resize-featured-image"],"_links":{"self":[{"href":"https:\/\/www.ecoticias.com\/hoyeco\/wp-json\/wp\/v2\/posts\/25324","targetHints":{"allow":["GET"]}}],"collection":[{"href":"https:\/\/www.ecoticias.com\/hoyeco\/wp-json\/wp\/v2\/posts"}],"about":[{"href":"https:\/\/www.ecoticias.com\/hoyeco\/wp-json\/wp\/v2\/types\/post"}],"author":[{"embeddable":true,"href":"https:\/\/www.ecoticias.com\/hoyeco\/wp-json\/wp\/v2\/users\/6"}],"replies":[{"embeddable":true,"href":"https:\/\/www.ecoticias.com\/hoyeco\/wp-json\/wp\/v2\/comments?post=25324"}],"version-history":[{"count":0,"href":"https:\/\/www.ecoticias.com\/hoyeco\/wp-json\/wp\/v2\/posts\/25324\/revisions"}],"wp:featuredmedia":[{"embeddable":true,"href":"https:\/\/www.ecoticias.com\/hoyeco\/wp-json\/wp\/v2\/media\/25327"}],"wp:attachment":[{"href":"https:\/\/www.ecoticias.com\/hoyeco\/wp-json\/wp\/v2\/media?parent=25324"}],"wp:term":[{"taxonomy":"category","embeddable":true,"href":"https:\/\/www.ecoticias.com\/hoyeco\/wp-json\/wp\/v2\/categories?post=25324"},{"taxonomy":"post_tag","embeddable":true,"href":"https:\/\/www.ecoticias.com\/hoyeco\/wp-json\/wp\/v2\/tags?post=25324"}],"curies":[{"name":"wp","href":"https:\/\/api.w.org\/{rel}","templated":true}]}}