{"id":25350,"date":"2025-06-24T15:30:25","date_gmt":"2025-06-24T13:30:25","guid":{"rendered":"https:\/\/www.ecoticias.com\/hoyeco\/?p=25350"},"modified":"2025-06-24T15:30:25","modified_gmt":"2025-06-24T13:30:25","slug":"claves-espana-apagon-causas","status":"publish","type":"post","link":"https:\/\/www.ecoticias.com\/hoyeco\/claves-espana-apagon-causas\/25350\/","title":{"rendered":"Las 3 claves sobre el d\u00eda en que Espa\u00f1a despert\u00f3: Algunas cosas siguen sin corregirse"},"content":{"rendered":"<p>Los acontecimientos inesperados generan desconcierto porque interrumpen el desenvolvimiento de la cotidianidad y sus consecuencias son desagradables en la mayor\u00eda de los casos, por eso se procura encontrar las causas para tomar las respectivas medidas de prevenci\u00f3n para el futuro. As\u00ed que, finalmente, dieron con las 3 claves sobre el d\u00eda en que Espa\u00f1a despert\u00f3, pero algunas cosas siguen sin corregirse.<\/p>\n<h2>Ante cualquier imprevisto es fundamental precisar el origen<\/h2>\n<p>En cualquier lugar del mundo se presentan circunstancias imprevistas capaces de alterar completamente la tranquilidad habitual de la vida diaria, trayendo consigo contrariedades que cambian el orden rutinario de las cosas. Para resolver esas situaciones, las primeras acciones van encaminadas a restablecer la normalidad y luego a reparar de alguna manera cualquier da\u00f1o provocado por dicha irregularidad.<\/p>\n<p><strong>Pero lo fundamental en estos casos es precisar el origen del contratiempo<\/strong>, lo cual se puede llegar a convertir en un proceso m\u00e1s o menos prolongado, dependiendo de la complejidad del sistema afectado causante del inconveniente. En este caso espec\u00edfico, determinaron claramente cu\u00e1les fueron las 3 claves sobre el d\u00eda en que Espa\u00f1a despert\u00f3, sin embargo, todav\u00eda hay algunas cosas que siguen sin corregirse.<\/p>\n<h2>Finalmente se conocen las claves del apag\u00f3n de Espa\u00f1a<\/h2>\n<p>El apag\u00f3n es uno de los sucesos m\u00e1s controvertidos que ha vivido Espa\u00f1a durante el presente siglo. Despu\u00e9s de muchas especulaciones, <strong>se han encontrado 3 claves que explican sus causas<\/strong> y est\u00e1n relacionadas con la omisi\u00f3n de las normas previamente establecidas, la falta de adecuaci\u00f3n de la infraestructura el\u00e9ctrica a las nuevas condiciones de las renovables y la falta de apoyo en el momento oportuno.<\/p>\n<p>Al sistema le result\u00f3 imposible manejar las variaciones de tensi\u00f3n, sobre todo cuando se trata de las energ\u00edas e\u00f3lica y solar, as\u00ed que cuando esa anomal\u00eda activ\u00f3 los sistemas de seguridad de las centrales de electricidad, se interrumpi\u00f3 su conexi\u00f3n con la red. Esto fue notorio entre las renovables, pues un 22% de estas se desconect\u00f3 (por otra parte, las <a href=\"https:\/\/www.ecoticias.com\/hoyeco\/espana-apagon-plantas-nucleares\/20482\/\">plantas nucleares sufrieron un \u201cenvenenamiento\u201d<\/a> que les impidi\u00f3 actuar).<\/p>\n<p>Adem\u00e1s, la infraestructura no ha sido acondicionada para adecuarse al crecimiento de las energ\u00edas renovables que poseen una capacidad de producci\u00f3n del 82%. Esto redujo sus posibilidades de reaccionar oportunamente frente a los sucesos inesperados de ese d\u00eda, cuando se presentaron cambios de tensi\u00f3n y frecuencia que, junto a la falta de una regulaci\u00f3n central, provocaron la ca\u00edda de la red en 12 segundos.<\/p>\n<p>Cuando finalmente se decidi\u00f3 acudir a una fuente tradicional para tratar de regularizar la tensi\u00f3n, fue muy tarde porque la planta termoel\u00e9ctrica a gas no pudo iniciar su actividad porque la p\u00e9rdida de tensi\u00f3n ya se hab\u00eda consumado. El pasado 28 de abril despert\u00f3 a Espa\u00f1a a la realidad de la fragilidad de su sistema el\u00e9ctrico, y aunque <strong>se conoce c\u00f3mo y por qu\u00e9 ocurri\u00f3 el apag\u00f3n, todav\u00eda hay cosas que siguen sin corregirse.<\/strong><\/p>\n<h2>Diversas circunstancias favorecieron el apag\u00f3n el\u00e9ctrico<\/h2>\n<p><strong>El d\u00eda del apag\u00f3n hubo varias circunstancias que favorecieron el acontecimiento,<\/strong> como el alt\u00edsimo aporte de la solar, mientras que los requerimientos energ\u00e9ticos fueron un poco menores a lo usual. De manera que el sistema el\u00e9ctrico estaba trabajando mayoritariamente con la energ\u00eda recibida de los inversores, que contribuy\u00f3 al aumento de la tensi\u00f3n, con la conocida consecuencia de dejar a Espa\u00f1a a oscuras.<\/p>\n<p>Concluyendo, el apag\u00f3n despert\u00f3 a Espa\u00f1a a la realidad de la fragilidad de su sistema el\u00e9ctrico (eto sin contar con las <a href=\"https:\/\/www.ecoticias.com\/hoyeco\/apagon-consumo-gas-natural-espana\/25003\/\">secuelas que nos dej\u00f3<\/a>) se conocieron las 3 claves que favorecieron dicho suceso. Una fue la incapacidad de manejar las alteraciones de la tensi\u00f3n por no seguir los reglamentos actuales, otra la falta de adecuaci\u00f3n de la infraestructura a las renovables y, por \u00faltimo, el apoyo al sistema no pudo llegar a tiempo.<\/p>\n","protected":false},"excerpt":{"rendered":"<p>Los acontecimientos inesperados generan desconcierto porque interrumpen el desenvolvimiento de la cotidianidad y sus consecuencias son desagradables en la mayor\u00eda &#8230; <\/p>\n<p class=\"read-more-container\"><a title=\"Las 3 claves sobre el d\u00eda en que Espa\u00f1a despert\u00f3: Algunas cosas siguen sin corregirse\" class=\"read-more button\" href=\"https:\/\/www.ecoticias.com\/hoyeco\/claves-espana-apagon-causas\/25350\/#more-25350\" aria-label=\"Leer m\u00e1s sobre Las 3 claves sobre el d\u00eda en que Espa\u00f1a despert\u00f3: Algunas cosas siguen sin corregirse\">Read more<\/a><\/p>\n","protected":false},"author":6,"featured_media":25352,"comment_status":"closed","ping_status":"closed","sticky":false,"template":"","format":"standard","meta":{"footnotes":""},"categories":[5],"tags":[],"class_list":["post-25350","post","type-post","status-publish","format-standard","has-post-thumbnail","hentry","category-energia","resize-featured-image"],"_links":{"self":[{"href":"https:\/\/www.ecoticias.com\/hoyeco\/wp-json\/wp\/v2\/posts\/25350","targetHints":{"allow":["GET"]}}],"collection":[{"href":"https:\/\/www.ecoticias.com\/hoyeco\/wp-json\/wp\/v2\/posts"}],"about":[{"href":"https:\/\/www.ecoticias.com\/hoyeco\/wp-json\/wp\/v2\/types\/post"}],"author":[{"embeddable":true,"href":"https:\/\/www.ecoticias.com\/hoyeco\/wp-json\/wp\/v2\/users\/6"}],"replies":[{"embeddable":true,"href":"https:\/\/www.ecoticias.com\/hoyeco\/wp-json\/wp\/v2\/comments?post=25350"}],"version-history":[{"count":0,"href":"https:\/\/www.ecoticias.com\/hoyeco\/wp-json\/wp\/v2\/posts\/25350\/revisions"}],"wp:featuredmedia":[{"embeddable":true,"href":"https:\/\/www.ecoticias.com\/hoyeco\/wp-json\/wp\/v2\/media\/25352"}],"wp:attachment":[{"href":"https:\/\/www.ecoticias.com\/hoyeco\/wp-json\/wp\/v2\/media?parent=25350"}],"wp:term":[{"taxonomy":"category","embeddable":true,"href":"https:\/\/www.ecoticias.com\/hoyeco\/wp-json\/wp\/v2\/categories?post=25350"},{"taxonomy":"post_tag","embeddable":true,"href":"https:\/\/www.ecoticias.com\/hoyeco\/wp-json\/wp\/v2\/tags?post=25350"}],"curies":[{"name":"wp","href":"https:\/\/api.w.org\/{rel}","templated":true}]}}